{"id":257476,"date":"2025-03-11T10:35:00","date_gmt":"2025-03-11T09:35:00","guid":{"rendered":"https:\/\/www.tucomarca.com\/wordpress\/segunda\/?p=257476"},"modified":"2025-03-11T21:28:51","modified_gmt":"2025-03-11T20:28:51","slug":"el-consell-ratifica-la-contratacion-de-emergencia-de-las-obras-de-reconstruccion-de-infraestructuras-en-siete-aguas-y-sot-de-chera-por-valor-de-38-millones-de-euros","status":"publish","type":"post","link":"https:\/\/tucomarca.whitekongsoftware.com\/ca\/el-consell-ratifica-la-contratacion-de-emergencia-de-las-obras-de-reconstruccion-de-infraestructuras-en-siete-aguas-y-sot-de-chera-por-valor-de-38-millones-de-euros\/","title":{"rendered":"El Consell ratifica la contrataci\u00f3n de emergencia de las obras de reconstrucci\u00f3n de infraestructuras en Siete Aguas y Sot de Chera por valor de 3,8 millones de euros"},"content":{"rendered":"\n<h3 class=\"wp-block-heading\">Es tracta d&#8217;infraestructures que van resultar greument afectades per les inundacions ocorregudes el mes d&#8217;octure passat.<\/h3>\n\n\n\n<p class=\"wp-block-paragraph\">El Consell ratifica la contractaci\u00f3 d&#8217;emerg\u00e8ncia de les obres de reconstrucci\u00f3 d&#8217;infraestructures que van resultar greument afectades per les inundacions ocorregudes el mes d&#8217;octubre passat, en els municipis de Setaig\u00fces i Sot de Xera, per valor de 3.888.000 euros.<\/p>\n\n\n\n<p class=\"wp-block-paragraph\">En concret, a Setaig\u00fces va resultar danyat el pont de l&#8217;Avinguda del Tur\u00f3 sobre el Rierol del Pant\u00e0. Les inspeccions realitzades per t\u00e8cnics de la Generalitat van constatar seriosos danys que feien convenient la demolici\u00f3 total de l&#8217;estructura actual i la construcci\u00f3 d&#8217;una nova per a salvar el barranc.<\/p>\n\n\n\n<p class=\"wp-block-paragraph\">Adem\u00e1s, es necesario actuar sobre el lecho del cauce en el entorno de la estructura para proteger la cimentaci\u00f3n y reponer servicios y acabados del tablero.<\/p>\n\n\n\n<p class=\"wp-block-paragraph\">El importe global del contrato del proyecto de Siete Aguas asciende a 1.836.000 euros, correspondiendo 1.700.000 euros a la realizaci\u00f3n de las obras y 136.000 euros a la contrataci\u00f3n de servicios de direcci\u00f3n de obra, coordinaci\u00f3n de seguridad y salud. El plazo de ejecuci\u00f3n se estima en nueve meses.&nbsp;<\/p>\n\n\n\n<p class=\"wp-block-paragraph\">En el caso de Sot de Chera, el aumento y la velocidad del agua por la fuerte pendiente del caudal del r\u00edo de Sot, que forma parte de la cuenca del Turia, provoc\u00f3 cuantiosos da\u00f1os en los puentes y pasarelas que cruzaban el r\u00edo dentro y fuera del casco urbano, arrastrando completamente tanto la pasarela que conecta con el Paraje El Cerrao, como el puente y parte del camino que da acceso al cementerio.<\/p>\n\n\n\n<p class=\"wp-block-paragraph\">Para las obras de Sot de Chera se ha estimado un presupuesto de 2.052.000 euros, de los que 1.900.000 euros son para la ejecuci\u00f3n de las obras y 152.000 euros para la direcci\u00f3n, coordinaci\u00f3n y seguridad y salud. Para la reconstrucci\u00f3n de las infraestructuras, el periodo fijado se ha establecido en 12 meses.&nbsp;<\/p>\n\n\n\n<p class=\"wp-block-paragraph\">Estos trabajos, ya en periodo de ejecuci\u00f3n, forman parte del plan Recuperem Val\u00e8ncia de la Generalitat para la rehabilitaci\u00f3n de infraestructuras en m\u00e1s de una veintena de municipios. Las actuaciones se ejecutan despu\u00e9s de que los municipios hayan cedido las competencias a la Generalitat para que las obras se puedan realizar de forma m\u00e1s \u00e1gil.<\/p>\n","protected":false},"excerpt":{"rendered":"<div class=\"mh-excerpt\">Es tracta d&#8217;infraestructures que van resultar greument afectades per les inundacions ocorregudes el mes d&#8217;octure passat. El Consell ratifica la contractaci\u00f3 d&#8217;emerg\u00e8ncia de les obres de reconstrucci\u00f3 d&#8217;infraestructures que van resultar greument afectades per les <a class=\"mh-excerpt-more\" href=\"https:\/\/tucomarca.whitekongsoftware.com\/ca\/el-consell-ratifica-la-contratacion-de-emergencia-de-las-obras-de-reconstruccion-de-infraestructuras-en-siete-aguas-y-sot-de-chera-por-valor-de-38-millones-de-euros\/\" title=\"El Consell ratifica la contrataci\u00f3n de emergencia de las obras de reconstrucci\u00f3n de infraestructuras en Siete Aguas y Sot de Chera por valor de 3,8 millones de euros\">[+] <\/a><\/div>\n","protected":false},"author":13,"featured_media":244486,"comment_status":"open","ping_status":"open","sticky":false,"template":"","format":"standard","meta":{"footnotes":""},"categories":[21466,11046,10898,10948,10894,10904,10912,10903,10947,10896,10979,11026,10897],"tags":[15409,12903,11199,10914,11080,11157,17643],"class_list":["post-257476","post","type-post","status-publish","format-standard","has-post-thumbnail","category-dana-ca","category-los-serranos-ca","category-ventana-ca","category-infraestructuras-ca","category-la-comarca-ca","category-sin-categorizar-ca","category-la-hoya-ca","category-medio-ambiente-la-comarca-ca","category-politica","category-seccion-ca","category-siete-aguas-ca","category-sot-de-chera-ca","category-sucesos-la-comarca-ca","tag-dana-2-ca","tag-infraestructuras-ca","tag-la-comunitat-ca","tag-la-hoya-de-bunol-chiva-ca","tag-los-serranos-ca","tag-siete-aguas-ca","tag-sot-de-chera-ca"],"_links":{"self":[{"href":"https:\/\/tucomarca.whitekongsoftware.com\/ca\/wp-json\/wp\/v2\/posts\/257476","targetHints":{"allow":["GET"]}}],"collection":[{"href":"https:\/\/tucomarca.whitekongsoftware.com\/ca\/wp-json\/wp\/v2\/posts"}],"about":[{"href":"https:\/\/tucomarca.whitekongsoftware.com\/ca\/wp-json\/wp\/v2\/types\/post"}],"author":[{"embeddable":true,"href":"https:\/\/tucomarca.whitekongsoftware.com\/ca\/wp-json\/wp\/v2\/users\/13"}],"replies":[{"embeddable":true,"href":"https:\/\/tucomarca.whitekongsoftware.com\/ca\/wp-json\/wp\/v2\/comments?post=257476"}],"version-history":[{"count":0,"href":"https:\/\/tucomarca.whitekongsoftware.com\/ca\/wp-json\/wp\/v2\/posts\/257476\/revisions"}],"wp:featuredmedia":[{"embeddable":true,"href":"https:\/\/tucomarca.whitekongsoftware.com\/ca\/wp-json\/wp\/v2\/media\/244486"}],"wp:attachment":[{"href":"https:\/\/tucomarca.whitekongsoftware.com\/ca\/wp-json\/wp\/v2\/media?parent=257476"}],"wp:term":[{"taxonomy":"category","embeddable":true,"href":"https:\/\/tucomarca.whitekongsoftware.com\/ca\/wp-json\/wp\/v2\/categories?post=257476"},{"taxonomy":"post_tag","embeddable":true,"href":"https:\/\/tucomarca.whitekongsoftware.com\/ca\/wp-json\/wp\/v2\/tags?post=257476"}],"curies":[{"name":"wp","href":"https:\/\/api.w.org\/{rel}","templated":true}]}}