{"id":257468,"date":"2025-03-11T10:15:00","date_gmt":"2025-03-11T09:15:00","guid":{"rendered":"https:\/\/www.tucomarca.com\/wordpress\/segunda\/?p=257468"},"modified":"2025-03-11T21:18:54","modified_gmt":"2025-03-11T20:18:54","slug":"el-consell-autoritza-el-conveni-de-collaboracio-entre-linstitut-valencia-de-cultura-i-lfvmp-per-a-la-promocio-del-circuit-cultural-valencia-2025","status":"publish","type":"post","link":"https:\/\/tucomarca.whitekongsoftware.com\/ca\/el-consell-autoritza-el-conveni-de-collaboracio-entre-linstitut-valencia-de-cultura-i-lfvmp-per-a-la-promocio-del-circuit-cultural-valencia-2025\/","title":{"rendered":"El Consell autoritza el conveni de col\u00b7laboraci\u00f3 entre l\u2019Institut Valenci\u00e0 de Cultura i l\u2019FVMP per a la promoci\u00f3 del Circuit Cultural Valenci\u00e0 2025"},"content":{"rendered":"\n<h3 class=\"wp-block-heading\"><strong>L\u2019objectiu \u00e9s fer arribar la programaci\u00f3 cultural de qualitat als municipis de la Comunitat Valenciana<\/strong>.<\/h3>\n\n\n\n<p class=\"wp-block-paragraph\">El Consell ha autoritzat la subscripci\u00f3 del conveni de col\u00b7laboraci\u00f3 de l\u2019Institut Valenci\u00e0 de Cultura (IVC), dependent de la Conselleria d\u2019Educaci\u00f3, Cultura, Universitats i Ocupaci\u00f3, amb la Federaci\u00f3 Valenciana de Municipis i Prov\u00edncies (FVMP) per a la cooperaci\u00f3 en la promoci\u00f3 i difusi\u00f3 del projecte del Circuit Cultural Valenci\u00e0 en 2025 entre els municipis de la Comunitat Valenciana.<\/p>\n\n\n\n<p class=\"wp-block-paragraph\">L\u2019objectiu d\u2019este acord \u00e9s fer arribar la programaci\u00f3 de l\u2019IVC en mat\u00e8ria d\u2019espectacles d\u2019arts esc\u00e8niques, musicals i audiovisuals, denominada \u2018Circuit Cultural Valenci\u00e0\u2019, a tots els municipis que s\u2019adherisquen, per a fomentar la integraci\u00f3 i el desenrotllament cultural del territori.<\/p>\n\n\n\n<p class=\"wp-block-paragraph\">Segons s\u2019arreplega en el conveni, l\u2019IVC s\u2019encarregar\u00e0 de la programaci\u00f3, contractaci\u00f3, liquidaci\u00f3 i pagament del 100 % del caixet dels artistes de cada una de les actuacions incloses dins del Circuit Cultural Valenci\u00e0.<\/p>\n\n\n\n<p class=\"wp-block-paragraph\">El conveni preveu una dotaci\u00f3 pressupost\u00e0ria de 2.420.000 euros amb c\u00e0rrec a la qual l\u2019IVC finan\u00e7ar\u00e0 el cost de les activitats culturals programades pels ajuntaments segons alguna de les cinc modalitats previstes.<\/p>\n\n\n\n<p class=\"wp-block-paragraph\">Les cinc modalitats del Circuit Cultural Valenci\u00e0 s\u00f3n dansa i circ-A, amb un m\u00ednim de quatre i un m\u00e0xim de deu espectacles professionals, almenys dos dels quals hauran de ser de dansa i un de circ; la modalitat teatre, dansa i circ-B comptar\u00e0 amb un m\u00ednim de dos i un m\u00e0xim de sis espectacles professionals, almenys un dels quals haur\u00e0 de ser de dansa.<\/p>\n\n\n\n<p class=\"wp-block-paragraph\">D\u2019altra banda, la modalitat m\u00fasica-A comptar\u00e0 amb un m\u00ednim de quatre i un m\u00e0xim de huit concerts professionals, dels quals almenys tres han de ser de m\u00fasica cl\u00e0ssica; en el cas de la modalitat m\u00fasica-B hi haur\u00e0 un m\u00ednim de dos i un m\u00e0xim de cinc concerts professionals, dels quals almenys un ha de ser de m\u00fasica cl\u00e0ssica. Finalment, el Circuit Cultural Val\u00e8ncia per a este 2025 compta amb la modalitat de cine-audiovisual, amb una programaci\u00f3 d\u2019un m\u00ednim de dos sessions de cine.<\/p>\n\n\n\n<p class=\"wp-block-paragraph\">A m\u00e9s, l\u2019IVC, en col\u00b7laboraci\u00f3 amb l\u2019FVMP, s\u2019encarregar\u00e0 tamb\u00e9 d\u2019executar els processos d\u2019adhesi\u00f3 i renovaci\u00f3 de la participaci\u00f3 de les entitats locals en el programa i, en col\u00b7laboraci\u00f3 amb l\u2019FVMP, analitzar\u00e0 els resultats de cada edici\u00f3 i establir\u00e0 les condicions i par\u00e0metres d\u2019avaluaci\u00f3 per a l\u2019adhesi\u00f3 o renovaci\u00f3.<\/p>\n\n\n\n<p class=\"wp-block-paragraph\">Per la seua part, l\u2019FVMP, a m\u00e9s de les funcions abans esmentades, mediar\u00e0 en la resoluci\u00f3 de les controv\u00e8rsies que pogueren sorgir entre l\u2019IVC i les entitats locals que vullguen participar en el programa, que seran resoltes en la Comissi\u00f3 Mixta de Coordinaci\u00f3 i Seguiment del Programa.<\/p>\n","protected":false},"excerpt":{"rendered":"<div class=\"mh-excerpt\">L\u2019objectiu \u00e9s fer arribar la programaci\u00f3 cultural de qualitat als municipis de la Comunitat Valenciana. El Consell ha autoritzat la subscripci\u00f3 del conveni de col\u00b7laboraci\u00f3 de l\u2019Institut Valenci\u00e0 de Cultura (IVC), dependent de la Conselleria <a class=\"mh-excerpt-more\" href=\"https:\/\/tucomarca.whitekongsoftware.com\/ca\/el-consell-autoritza-el-conveni-de-collaboracio-entre-linstitut-valencia-de-cultura-i-lfvmp-per-a-la-promocio-del-circuit-cultural-valencia-2025\/\" title=\"El Consell autoritza el conveni de col\u00b7laboraci\u00f3 entre l\u2019Institut Valenci\u00e0 de Cultura i l\u2019FVMP per a la promoci\u00f3 del Circuit Cultural Valenci\u00e0 2025\">[+] <\/a><\/div>\n","protected":false},"author":13,"featured_media":229188,"comment_status":"open","ping_status":"open","sticky":false,"template":"","format":"standard","meta":{"footnotes":""},"categories":[11005,10898,10904,11007,10896],"tags":[13274,17761,11199,15856],"class_list":["post-257468","post","type-post","status-publish","format-standard","has-post-thumbnail","category-canal-musica","category-ventana-ca","category-sin-categorizar-ca","category-ocio-y-cultura-ca","category-seccion-ca","tag-institut-valencia-de-cultura-ca","tag-ivc-ca","tag-la-comunitat-ca","tag-ocio-y-cultura-ca"],"_links":{"self":[{"href":"https:\/\/tucomarca.whitekongsoftware.com\/ca\/wp-json\/wp\/v2\/posts\/257468","targetHints":{"allow":["GET"]}}],"collection":[{"href":"https:\/\/tucomarca.whitekongsoftware.com\/ca\/wp-json\/wp\/v2\/posts"}],"about":[{"href":"https:\/\/tucomarca.whitekongsoftware.com\/ca\/wp-json\/wp\/v2\/types\/post"}],"author":[{"embeddable":true,"href":"https:\/\/tucomarca.whitekongsoftware.com\/ca\/wp-json\/wp\/v2\/users\/13"}],"replies":[{"embeddable":true,"href":"https:\/\/tucomarca.whitekongsoftware.com\/ca\/wp-json\/wp\/v2\/comments?post=257468"}],"version-history":[{"count":0,"href":"https:\/\/tucomarca.whitekongsoftware.com\/ca\/wp-json\/wp\/v2\/posts\/257468\/revisions"}],"wp:featuredmedia":[{"embeddable":true,"href":"https:\/\/tucomarca.whitekongsoftware.com\/ca\/wp-json\/wp\/v2\/media\/229188"}],"wp:attachment":[{"href":"https:\/\/tucomarca.whitekongsoftware.com\/ca\/wp-json\/wp\/v2\/media?parent=257468"}],"wp:term":[{"taxonomy":"category","embeddable":true,"href":"https:\/\/tucomarca.whitekongsoftware.com\/ca\/wp-json\/wp\/v2\/categories?post=257468"},{"taxonomy":"post_tag","embeddable":true,"href":"https:\/\/tucomarca.whitekongsoftware.com\/ca\/wp-json\/wp\/v2\/tags?post=257468"}],"curies":[{"name":"wp","href":"https:\/\/api.w.org\/{rel}","templated":true}]}}