{"id":257457,"date":"2025-03-11T11:00:00","date_gmt":"2025-03-11T10:00:00","guid":{"rendered":"https:\/\/www.tucomarca.com\/wordpress\/segunda\/?p=257457"},"modified":"2025-03-11T21:05:03","modified_gmt":"2025-03-11T20:05:03","slug":"el-consell-aprova-un-credit-extraordinari-de-2-364-milions-per-a-financar-les-despeses-excepcionals-de-reparacio-despres-de-la-riuada","status":"publish","type":"post","link":"https:\/\/tucomarca.whitekongsoftware.com\/ca\/el-consell-aprova-un-credit-extraordinari-de-2-364-milions-per-a-financar-les-despeses-excepcionals-de-reparacio-despres-de-la-riuada\/","title":{"rendered":"El Consell aprova un cr\u00e8dit extraordinari de 2.364 milions per a finan\u00e7ar les despeses excepcionals de reparaci\u00f3 despr\u00e9s de la riuada"},"content":{"rendered":"\n<h3 class=\"wp-block-heading\">Aquesta mesura permet a la Generalitat atendre despeses inajornables derivades dels danys suportats per persones, empreses, b\u00e9ns mobles o immobles i infraestructures p\u00fabliques o privades.<\/h3>\n\n\n\n<h3 class=\"wp-block-heading\">Aquest cr\u00e8dit es finan\u00e7ar\u00e0 mitjan\u00e7ant operacions d&#8217;endeutament en les mateixes condicions que un\u00a0cr\u00e8dit anterior de 700 milions per a atendre les primeres necessitats de la postemerg\u00e8ncia.<\/h3>\n\n\n\n<p class=\"wp-block-paragraph\">El Consell ha aprovat un decret llei pel qual es concedeix un cr\u00e8dit extraordinari en el pressupost corrent de l&#8217;exercici 2025 de la Generalitat de 2.364.280.000 euros destinats a sufragar les mesures de resposta immediata i recuperaci\u00f3 adoptades per la Generalitat des del passat 29 d&#8217;octubre per a fer front a les despeses derivades de la riuada.<\/p>\n\n\n\n<p class=\"wp-block-paragraph\">L&#8217;objecte \u00e9s atendre despeses inajornables derivades dels danys suportats per les persones f\u00edsiques o jur\u00eddiques, els b\u00e9ns mobles o immobles i les infraestructures p\u00fabliques o privades a conseq\u00fc\u00e8ncia de la riuada, que va motivar la declaraci\u00f3 de \u2018zona afectada greument per una emerg\u00e8ncia de protecci\u00f3 civil\u2019 pel Consell de Ministres el passat 5 de novembre.<\/p>\n\n\n\n<p class=\"wp-block-paragraph\">Aquest cr\u00e8dit extraordinari es finan\u00e7ar\u00e0 amb endeutament, incrementant el pressupost d&#8217;ingressos de la Generalitat en l&#8217;aplicaci\u00f3 \u2018Pr\u00e9stecs a llarg termini ens del sector p\u00fablic\u2019, en el marc i amb les condicions establides en el programa d&#8217;endeutament que autoritze l&#8217;Estat per a facilitar l&#8217;acc\u00e9s al finan\u00e7ament que la Generalitat requerisca per a fer front a les despeses excepcionals de la riuada.<\/p>\n\n\n\n<p class=\"wp-block-paragraph\">La norma inclou una refer\u00e8ncia a la necessitat de rec\u00f3rrer a un registre comptable diferenciat de les despeses excepcionals que es realitzen a conseq\u00fc\u00e8ncia de la DANA i una habilitaci\u00f3 espec\u00edfica per a agilitzar la distribuci\u00f3 dels cr\u00e8dits.<\/p>\n\n\n\n<p class=\"wp-block-paragraph\">Els romanents de cr\u00e8dits derivats de l&#8217;execuci\u00f3 del cr\u00e8dit extraordinari concedit per aquest decret llei s&#8217;incorporaran, amb independ\u00e8ncia del nivell d&#8217;execuci\u00f3 comptable que aconseguisquen, al pressupost que s&#8217;aprove per a l&#8217;exercici 2026.<\/p>\n\n\n\n<p class=\"wp-block-paragraph\">Finalment, aquest decret llei arreplega una modificaci\u00f3 puntual de la vigent Llei de Pressupostos amb la finalitat d&#8217;incorporar un nou sup\u00f2sit, associat a la DANA, que habilite per a sobrepassar autom\u00e0ticament el l\u00edmit anual d&#8217;endeutament.<\/p>\n\n\n\n<p class=\"wp-block-paragraph\"><strong>Finan\u00e7ament de les mesures adoptades per a la recuperaci\u00f3<\/strong><\/p>\n\n\n\n<p class=\"wp-block-paragraph\">El Reial decret llei 7\/2024 pel qual s&#8217;adopten mesures urgents per a l&#8217;impuls del pla de resposta immediata, reconstrucci\u00f3 i rellan\u00e7ament enfront dels danys causats per la DANA, va incloure una habilitaci\u00f3 espec\u00edfica per a atendre les despeses extraordin\u00e0ries a conseq\u00fc\u00e8ncia de la inundaci\u00f3.<\/p>\n\n\n\n<p class=\"wp-block-paragraph\">A conseq\u00fc\u00e8ncia de tot aix\u00f2, el mes de desembre passat ja es va concedir un cr\u00e8dit extraordinari de 700 milions d&#8217;euros perqu\u00e8 la Generalitat finan\u00e7ara les primeres actuacions de resposta en la postemerg\u00e8ncia.<\/p>\n\n\n\n<p class=\"wp-block-paragraph\">Transcorreguts m\u00e9s de quatre mesos des de la riuada, s&#8217;han posat en marxa tot un conjunt d&#8217;actuacions per a assegurar, tant la resposta immediata a l&#8217;emerg\u00e8ncia de protecci\u00f3 civil, com per a facilitar la recuperaci\u00f3 econ\u00f2mica i social, destacant la posada en marxa d&#8217;una estructura organitzativa espec\u00edfica per a coordinar les diferents actuacions.<\/p>\n\n\n\n<p class=\"wp-block-paragraph\">En aquest marc, el Govern d&#8217;Espanya ha previst un r\u00e8gim excepcional en mat\u00e8ria d&#8217;endeutament auton\u00f2mic en 2025 que, de manera excepcional, podr\u00e0 autoritzar la Comunitat Valenciana a formalitzar noves operacions d&#8217;endeutament a llarg termini o assignar recursos amb c\u00e0rrec als mecanismes addicionals de finan\u00e7ament per a cobrir les necessitats de finan\u00e7ament corresponents a les despeses extraordin\u00e0ries executades per aquesta comunitat aut\u00f2noma en resposta a la situaci\u00f3 d&#8217;emerg\u00e8ncia derivada de la inundaci\u00f3 ocorreguda entre el 28 d&#8217;octubre i el 4 de novembre de 2024.<\/p>\n\n\n\n<p class=\"wp-block-paragraph\">Aquesta regulaci\u00f3 \u00e9s fonamental perqu\u00e8 la Comunitat Valenciana puga fer front als desemborsaments que exigir\u00e0 la reparaci\u00f3 dels greus efectes que la DANA ha provocat en una part important del territori.<\/p>\n","protected":false},"excerpt":{"rendered":"<div class=\"mh-excerpt\">Aquesta mesura permet a la Generalitat atendre despeses inajornables derivades dels danys suportats per persones, empreses, b\u00e9ns mobles o immobles i infraestructures p\u00fabliques o privades. Aquest cr\u00e8dit es finan\u00e7ar\u00e0 mitjan\u00e7ant operacions d&#8217;endeutament en les mateixes <a class=\"mh-excerpt-more\" href=\"https:\/\/tucomarca.whitekongsoftware.com\/ca\/el-consell-aprova-un-credit-extraordinari-de-2-364-milions-per-a-financar-les-despeses-excepcionals-de-reparacio-despres-de-la-riuada\/\" title=\"El Consell aprova un cr\u00e8dit extraordinari de 2.364 milions per a finan\u00e7ar les despeses excepcionals de reparaci\u00f3 despr\u00e9s de la riuada\">[+] <\/a><\/div>\n","protected":false},"author":13,"featured_media":244255,"comment_status":"open","ping_status":"open","sticky":false,"template":"","format":"standard","meta":{"footnotes":""},"categories":[21466,10898,10948,10894,10904,10903,10947,10896,10897],"tags":[15409,12903,11199],"class_list":["post-257457","post","type-post","status-publish","format-standard","has-post-thumbnail","category-dana-ca","category-ventana-ca","category-infraestructuras-ca","category-la-comarca-ca","category-sin-categorizar-ca","category-medio-ambiente-la-comarca-ca","category-politica","category-seccion-ca","category-sucesos-la-comarca-ca","tag-dana-2-ca","tag-infraestructuras-ca","tag-la-comunitat-ca"],"_links":{"self":[{"href":"https:\/\/tucomarca.whitekongsoftware.com\/ca\/wp-json\/wp\/v2\/posts\/257457","targetHints":{"allow":["GET"]}}],"collection":[{"href":"https:\/\/tucomarca.whitekongsoftware.com\/ca\/wp-json\/wp\/v2\/posts"}],"about":[{"href":"https:\/\/tucomarca.whitekongsoftware.com\/ca\/wp-json\/wp\/v2\/types\/post"}],"author":[{"embeddable":true,"href":"https:\/\/tucomarca.whitekongsoftware.com\/ca\/wp-json\/wp\/v2\/users\/13"}],"replies":[{"embeddable":true,"href":"https:\/\/tucomarca.whitekongsoftware.com\/ca\/wp-json\/wp\/v2\/comments?post=257457"}],"version-history":[{"count":0,"href":"https:\/\/tucomarca.whitekongsoftware.com\/ca\/wp-json\/wp\/v2\/posts\/257457\/revisions"}],"wp:attachment":[{"href":"https:\/\/tucomarca.whitekongsoftware.com\/ca\/wp-json\/wp\/v2\/media?parent=257457"}],"wp:term":[{"taxonomy":"category","embeddable":true,"href":"https:\/\/tucomarca.whitekongsoftware.com\/ca\/wp-json\/wp\/v2\/categories?post=257457"},{"taxonomy":"post_tag","embeddable":true,"href":"https:\/\/tucomarca.whitekongsoftware.com\/ca\/wp-json\/wp\/v2\/tags?post=257457"}],"curies":[{"name":"wp","href":"https:\/\/api.w.org\/{rel}","templated":true}]}}