{"id":257415,"date":"2025-03-11T18:00:00","date_gmt":"2025-03-11T17:00:00","guid":{"rendered":"https:\/\/www.tucomarca.com\/wordpress\/segunda\/?p=257415"},"modified":"2025-03-11T21:14:35","modified_gmt":"2025-03-11T20:14:35","slug":"sanitat-recorda-que-qualsevol-agressio-al-personal-sanitari-es-delicte-i-promou-una-campanya-de-sensibilitzacio-per-a-conscienciar-a-la-poblacio","status":"publish","type":"post","link":"https:\/\/tucomarca.whitekongsoftware.com\/ca\/sanitat-recorda-que-qualsevol-agressio-al-personal-sanitari-es-delicte-i-promou-una-campanya-de-sensibilitzacio-per-a-conscienciar-a-la-poblacio\/","title":{"rendered":"Sanitat recorda que qualsevol agressi\u00f3 al personal sanitari \u00e9s delicte i promou una campanya de sensibilitzaci\u00f3 per a conscienciar a la poblaci\u00f3"},"content":{"rendered":"\n<h3 class=\"wp-block-heading\">Sanitat recorda que qualsevol agressi\u00f3 al personal sanitari \u00e9s delicte i promou una campanya de sensibilitzaci\u00f3 per a conscienciar a la poblaci\u00f3.<\/h3>\n\n\n\n<h3 class=\"wp-block-heading\">El conseller ha destacat \u201cla import\u00e0ncia d&#8217;erradicar tot tipus d&#8217;agressi\u00f3 i garantir un entorn segur per als professionals que cuiden de la nostra salut\u201d.<\/h3>\n\n\n\n<h3 class=\"wp-block-heading\">A trav\u00e9s d&#8217;aquesta campanya s&#8217;incideix en la consideraci\u00f3 del personal sanitari com a autoritat p\u00fablica, la qual cosa suposa una major pena per les agressions perpetrades.<\/h3>\n\n\n\n<figure class=\"wp-block-image size-large\"><img loading=\"lazy\" decoding=\"async\" width=\"724\" height=\"1024\" src=\"http:\/\/www.tucomarca.com\/wordpress\/segunda\/wp-content\/uploads\/2025\/03\/SanitatAgresionsV-724x1024.jpg\" alt=\"\" class=\"wp-image-257413\" srcset=\"https:\/\/tucomarca.whitekongsoftware.com\/wp-content\/uploads\/2025\/03\/SanitatAgresionsV-724x1024.jpg 724w, https:\/\/tucomarca.whitekongsoftware.com\/wp-content\/uploads\/2025\/03\/SanitatAgresionsV-212x300.jpg 212w, https:\/\/tucomarca.whitekongsoftware.com\/wp-content\/uploads\/2025\/03\/SanitatAgresionsV-768x1086.jpg 768w, https:\/\/tucomarca.whitekongsoftware.com\/wp-content\/uploads\/2025\/03\/SanitatAgresionsV-1086x1536.jpg 1086w, https:\/\/tucomarca.whitekongsoftware.com\/wp-content\/uploads\/2025\/03\/SanitatAgresionsV-1448x2048.jpg 1448w, https:\/\/tucomarca.whitekongsoftware.com\/wp-content\/uploads\/2025\/03\/SanitatAgresionsV-scaled.jpg 1810w\" sizes=\"auto, (max-width: 724px) 100vw, 724px\" \/><\/figure>\n\n\n\n<p class=\"wp-block-paragraph\">La Conselleria de Sanitat ha recordat amb motiu del Dia Europeu contra les Agressions a Metges i Professionals Sanitaris que qualsevol tipus d&#8217;agressi\u00f3 o manifestaci\u00f3 violenta cap als professionals \u00e9s un delicte, que comporta una pena, sanci\u00f3 o multa.<\/p>\n\n\n\n<p class=\"wp-block-paragraph\">Per tant, des de la Conselleria s&#8217;ha promogut la nova campanya de sensibilitzaci\u00f3 per a enguany que sota el lema \u2018Agredir al personal sanitari \u00e9s delicte. I t\u00e9 impacte en l&#8217;atenci\u00f3 que reps\u2019 pret\u00e9n conscienciar a la poblaci\u00f3 sobre la import\u00e0ncia d&#8217;erradicar qualsevol tipus de viol\u00e8ncia en l&#8217;\u00e0mbit de la sanitat.<\/p>\n\n\n\n<p class=\"wp-block-paragraph\">En aquest sentit, el conseller de Sanitat, Marciano G\u00f3mez, ha animat a tota la poblaci\u00f3 a involucrar-se en aquesta campanya \u201cperqu\u00e8 entre tots podem erradicar qualsevol tipus de viol\u00e8ncia o agressi\u00f3 que es produ\u00efsca en l&#8217;entorn sanitari, i garantir un entorn segur per a aquells professionals que es fan c\u00e0rrec de cuidar de la nostra salut\u201d.<\/p>\n\n\n\n<p class=\"wp-block-paragraph\">De fet, les agressions al personal sanitari s\u00f3n un problema que principalment comporta grans danys, f\u00edsics o psicol\u00f2gics, en els professionals atemptant contra el seu benestar i seguretat, al mateix temps que repercuteixen en la qualitat de l&#8217;atenci\u00f3 que es presta al pacient.<\/p>\n\n\n\n<p class=\"wp-block-paragraph\">\u201cNo podem permetre en cap concepte que un professional ni ning\u00fa exercisca la seua labor sota la pressi\u00f3 de la por o la inseguretat a poder ser agredit, per la qual cosa hem de continuar conjuminant esfor\u00e7os per a garantir el respecte i l&#8217;educaci\u00f3 en el tracte que es dona als professionals en l&#8217;\u00e0mbit de la sanitat\u201d, ha puntualitzat. A m\u00e9s, un tracte respectu\u00f3s, basat en l&#8217;empatia i la comprensi\u00f3 influeix de forma molt positiva en el proc\u00e9s de curaci\u00f3 del pacient.<\/p>\n\n\n\n<p class=\"wp-block-paragraph\">Aix\u00ed, Marciano G\u00f3mez ha condemnat qualsevol signe de viol\u00e8ncia i ha assenyalat que \u201caccions tan denigrants com les amenaces o actes violents no queden impunes perqu\u00e8 s\u00f3n delictes i conseg\u00fcentment, estan penats\u201d. Per aix\u00f2, a trav\u00e9s d&#8217;aquesta campanya s&#8217;incideix en la consideraci\u00f3 del personal sanitari com a autoritat p\u00fablica, ja que aix\u00f2 suposa una major pena per les agressions perpetrades.<\/p>\n\n\n\n<p class=\"wp-block-paragraph\">Cal recordar que, despr\u00e9s de la reforma del Codi Penal de l&#8217;any 2015, agredir o intimidar de manera greu a un professional sanitari es considera delicte d&#8217;atemptat. Els agressors podrien complir penes de pres\u00f3 d&#8217;un a quatre anys i multa de tres a sis mesos, fins i tot quan l&#8217;atac es produ\u00efra fora del seu lloc de treball, motivat per la seua condici\u00f3 de sanitari.<\/p>\n\n\n\n<p class=\"wp-block-paragraph\">Contingut de la campanya<\/p>\n\n\n\n<p class=\"wp-block-paragraph\">El contingut de la campanya d&#8217;enguany exposa les situacions reals de professionals de l&#8217;entorn sanitari (un infermer, una zeladora, una administrativa i un metge d&#8217;urg\u00e8ncies), que han sigut v\u00edctimes d&#8217;una agressi\u00f3, f\u00edsica o verbal, durant l&#8217;acompliment de les seues funcions.<\/p>\n\n\n\n<p class=\"wp-block-paragraph\">Aix\u00ed, la campanya destaca les repercussions que comporten per a la seua salut aquest tipus d&#8217;agressions, com s\u00f3n trastorns d&#8217;estr\u00e9s posttraum\u00e0tic, ansietat, f\u00f2bies o seq\u00fceles psicol\u00f2giques, a m\u00e9s dels danys f\u00edsics, entre altres. Tot aix\u00f2, acompanyat de les conseg\u00fcents baixes laborals i la dificultat en l&#8217;acompliment de les funcions. D&#8217;aquesta manera, l&#8217;objectiu se centra en conscienciar a la societat principalment sobre les repercussions tan greus que tenen per als professionals, i en conseq\u00fc\u00e8ncia a l&#8217;atenci\u00f3 que reben els pacients.<\/p>\n\n\n\n<p class=\"wp-block-paragraph\">D&#8217;ac\u00ed, la import\u00e0ncia que qualsevol persona que presencie una possible amena\u00e7a, insult o qualsevol signe de viol\u00e8ncia cap a un treballador o treballadora de l&#8217;\u00e0mbit sanitari haja de comunicar-lo.<\/p>\n\n\n\n<p class=\"wp-block-paragraph\">La campanya es difondr\u00e0 a trav\u00e9s dels mitjans de comunicaci\u00f3, v\u00eddeos en les xarxes socials, mupies i tanques en la l\u00ednia 0 de Ferrocarrils de la Generalitat Valenciana (FGV), amb metro i Tram, a m\u00e9s d&#8217;en les pantalles de tots els centres sanitaris de la Comunitat Valenciana fins al 6 d&#8217;abril. Tots els materials de la campanya estaran disponibles des del 12 de mar\u00e7 en la p\u00e0gina web de la Conselleria de Sanitat.<\/p>\n\n\n\n<p class=\"wp-block-paragraph\">El 83,7% s\u00f3n agressions verbals<\/p>\n\n\n\n<p class=\"wp-block-paragraph\">Segons les \u00faltimes xifres sobre agressions a professionals de l&#8217;\u00e0mbit sanitari de la Comunitat Valenciana, durant l&#8217;any passat es van produir 1.356 agressions, de les quals el 83,7% van ser verbals i un 16,3% van resultar agressions f\u00edsiques.<\/p>\n\n\n\n<p class=\"wp-block-paragraph\">Per prov\u00edncies, es van registrar 517 agressions a personal sanitari d&#8217;Alacant (103 f\u00edsiques i 414 verbals), 140 en centres sanitaris de Castell\u00f3 (15 f\u00edsiques i 125 verbals) i 699 a Val\u00e8ncia (103 f\u00edsiques i 596 verbals).<\/p>\n\n\n\n<p class=\"wp-block-paragraph\">D&#8217;altra banda, cal destacar que la majoria d&#8217;actituds violentes o agressions es produeixen a l&#8217;entorn d&#8217;Atenci\u00f3 Prim\u00e0ria, en el qual durant l&#8217;any passat es van notificar 725 agressions enfront de les 573 registrades en l&#8217;\u00e0mbit d&#8217;Atenci\u00f3 Hospital\u00e0ria.<\/p>\n\n\n\n<p class=\"wp-block-paragraph\">Pla Integral de Prevenci\u00f3<\/p>\n\n\n\n<p class=\"wp-block-paragraph\">Per a la prevenci\u00f3 i assist\u00e8ncia de les agressions que puga patir tot el personal gestionat per la Conselleria de Sanitat, la Generalitat compta amb el Pla Integral de Prevenci\u00f3 de les Agressions en l&#8217;Entorn Sanitari.<\/p>\n\n\n\n<p class=\"wp-block-paragraph\">Aquest pla t\u00e9 com a eix fonamental l&#8217;atenci\u00f3 integral a la v\u00edctima de l&#8217;agressi\u00f3 a trav\u00e9s de l&#8217;assessorament i assist\u00e8ncia jur\u00eddica, el suport institucional i l&#8217;assist\u00e8ncia sanit\u00e0ria i psicol\u00f2gica. En aquest sentit, quan hi ha una den\u00fancia d&#8217;agressi\u00f3, l&#8217;assessorament legal i l&#8217;assist\u00e8ncia jur\u00eddica als professionals del sistema sanitari est\u00e0 coberta a trav\u00e9s del departament de salut, en coordinaci\u00f3 amb els serveis jur\u00eddics de la Conselleria de Sanitat.<\/p>\n\n\n\n<p class=\"wp-block-paragraph\">Aix\u00ed mateix, en cada departament de salut hi ha una persona interlocutora que coordina els canals de comunicaci\u00f3 entre el departament i els interlocutors policials.<\/p>\n\n\n\n<p class=\"wp-block-paragraph\">Finalment, respecte a les mesures de seguretat implantades en tots els departaments de salut, cal destacar, a m\u00e9s de la xarxa de vigilants de seguretat en centres sanitaris, l&#8217;aplicaci\u00f3 inform\u00e0tica Codi Alerta, instal\u00b7lada en els ordinadors per a millorar la seguretat dels professionals sanitaris davant possibles agressions.<\/p>\n\n\n\n<p class=\"wp-block-paragraph\"><\/p>\n","protected":false},"excerpt":{"rendered":"<div class=\"mh-excerpt\">Sanitat recorda que qualsevol agressi\u00f3 al personal sanitari \u00e9s delicte i promou una campanya de sensibilitzaci\u00f3 per a conscienciar a la poblaci\u00f3. El conseller ha destacat \u201cla import\u00e0ncia d&#8217;erradicar tot tipus d&#8217;agressi\u00f3 i garantir un <a class=\"mh-excerpt-more\" href=\"https:\/\/tucomarca.whitekongsoftware.com\/ca\/sanitat-recorda-que-qualsevol-agressio-al-personal-sanitari-es-delicte-i-promou-una-campanya-de-sensibilitzacio-per-a-conscienciar-a-la-poblacio\/\" title=\"Sanitat recorda que qualsevol agressi\u00f3 al personal sanitari \u00e9s delicte i promou una campanya de sensibilitzaci\u00f3 per a conscienciar a la poblaci\u00f3\">[+] <\/a><\/div>\n","protected":false},"author":1,"featured_media":257413,"comment_status":"open","ping_status":"open","sticky":false,"template":"","format":"standard","meta":{"footnotes":""},"categories":[11010,10898,10948,10894,10904,10947,10896,10897],"tags":[11498,11199,11338,11390],"class_list":["post-257415","post","type-post","status-publish","format-standard","has-post-thumbnail","category-canal-salud","category-ventana-ca","category-infraestructuras-ca","category-la-comarca-ca","category-sin-categorizar-ca","category-politica","category-seccion-ca","category-sucesos-la-comarca-ca","tag-generalitat-valenciana-ca","tag-la-comunitat-ca","tag-sanidad-ca","tag-sanitat-ca"],"_links":{"self":[{"href":"https:\/\/tucomarca.whitekongsoftware.com\/ca\/wp-json\/wp\/v2\/posts\/257415","targetHints":{"allow":["GET"]}}],"collection":[{"href":"https:\/\/tucomarca.whitekongsoftware.com\/ca\/wp-json\/wp\/v2\/posts"}],"about":[{"href":"https:\/\/tucomarca.whitekongsoftware.com\/ca\/wp-json\/wp\/v2\/types\/post"}],"author":[{"embeddable":true,"href":"https:\/\/tucomarca.whitekongsoftware.com\/ca\/wp-json\/wp\/v2\/users\/1"}],"replies":[{"embeddable":true,"href":"https:\/\/tucomarca.whitekongsoftware.com\/ca\/wp-json\/wp\/v2\/comments?post=257415"}],"version-history":[{"count":0,"href":"https:\/\/tucomarca.whitekongsoftware.com\/ca\/wp-json\/wp\/v2\/posts\/257415\/revisions"}],"wp:featuredmedia":[{"embeddable":true,"href":"https:\/\/tucomarca.whitekongsoftware.com\/ca\/wp-json\/wp\/v2\/media\/257413"}],"wp:attachment":[{"href":"https:\/\/tucomarca.whitekongsoftware.com\/ca\/wp-json\/wp\/v2\/media?parent=257415"}],"wp:term":[{"taxonomy":"category","embeddable":true,"href":"https:\/\/tucomarca.whitekongsoftware.com\/ca\/wp-json\/wp\/v2\/categories?post=257415"},{"taxonomy":"post_tag","embeddable":true,"href":"https:\/\/tucomarca.whitekongsoftware.com\/ca\/wp-json\/wp\/v2\/tags?post=257415"}],"curies":[{"name":"wp","href":"https:\/\/api.w.org\/{rel}","templated":true}]}}