{"id":257365,"date":"2025-03-10T18:00:00","date_gmt":"2025-03-10T17:00:00","guid":{"rendered":"https:\/\/www.tucomarca.com\/wordpress\/segunda\/?p=257365"},"modified":"2025-03-10T22:04:24","modified_gmt":"2025-03-10T21:04:24","slug":"agents-del-greim-de-la-guardia-civil-rescaten-a-dos-gossos-atrapats-en-un-cingle-a-dosaigues-despres-de-tres-setmanes-desapareguts","status":"publish","type":"post","link":"https:\/\/tucomarca.whitekongsoftware.com\/ca\/agents-del-greim-de-la-guardia-civil-rescaten-a-dos-gossos-atrapats-en-un-cingle-a-dosaigues-despres-de-tres-setmanes-desapareguts\/","title":{"rendered":"Agents del GREIM de la Gu\u00e0rdia Civil rescaten a dos gossos atrapats en un cingle a Dosaig\u00fces despr\u00e9s de tres setmanes desapareguts"},"content":{"rendered":"\n<p class=\"wp-block-paragraph\">A les nou del mat\u00ed de hui, les autoritats van rebre un av\u00eds sobre la localitzaci\u00f3 de dos gossos que portaven tres setmanes desapareguts en un cingle a Dosaig\u00fces.<\/p>\n\n\n\n<p class=\"wp-block-paragraph\">El Grup de Rescat Especial i Intervenci\u00f3 en Muntanya (GREIM) va iniciar l&#8217;operatiu a les 10.30 hores, enfrontant-se a un complex acc\u00e9s que va requerir escalar 50 metres de barranc i vessant per a arribar fins als animals.<\/p>\n\n\n\n<p class=\"wp-block-paragraph\">Despr\u00e9s d&#8217;una intensa labor, el rescat va concloure amb \u00e8xit a les 13.30 hores, aconseguint retornar als gossos sans i estalvis sense que es produ\u00efren incid\u00e8ncies entre els rescatistas.<\/p>\n\n\n\n<figure class=\"wp-block-gallery has-nested-images columns-default is-cropped wp-block-gallery-1 is-layout-flex wp-block-gallery-is-layout-flex\">\n<figure class=\"wp-block-image size-large\"><img loading=\"lazy\" decoding=\"async\" width=\"865\" height=\"1024\" data-id=\"257356\" src=\"https:\/\/www.tucomarca.com\/wordpress\/segunda\/wp-content\/uploads\/2025\/03\/Rescateperros2-865x1024.jpg\" alt=\"\" class=\"wp-image-257356\" srcset=\"https:\/\/tucomarca.whitekongsoftware.com\/wp-content\/uploads\/2025\/03\/Rescateperros2-865x1024.jpg 865w, https:\/\/tucomarca.whitekongsoftware.com\/wp-content\/uploads\/2025\/03\/Rescateperros2-253x300.jpg 253w, https:\/\/tucomarca.whitekongsoftware.com\/wp-content\/uploads\/2025\/03\/Rescateperros2-768x909.jpg 768w, https:\/\/tucomarca.whitekongsoftware.com\/wp-content\/uploads\/2025\/03\/Rescateperros2-1298x1536.jpg 1298w, https:\/\/tucomarca.whitekongsoftware.com\/wp-content\/uploads\/2025\/03\/Rescateperros2.jpg 1439w\" sizes=\"auto, (max-width: 865px) 100vw, 865px\" \/><\/figure>\n\n\n\n<figure class=\"wp-block-image size-large\"><img loading=\"lazy\" decoding=\"async\" width=\"858\" height=\"1024\" data-id=\"257358\" src=\"https:\/\/www.tucomarca.com\/wordpress\/segunda\/wp-content\/uploads\/2025\/03\/Rescateperros3-858x1024.jpg\" alt=\"\" class=\"wp-image-257358\" srcset=\"https:\/\/tucomarca.whitekongsoftware.com\/wp-content\/uploads\/2025\/03\/Rescateperros3-858x1024.jpg 858w, https:\/\/tucomarca.whitekongsoftware.com\/wp-content\/uploads\/2025\/03\/Rescateperros3-251x300.jpg 251w, https:\/\/tucomarca.whitekongsoftware.com\/wp-content\/uploads\/2025\/03\/Rescateperros3-768x917.jpg 768w, https:\/\/tucomarca.whitekongsoftware.com\/wp-content\/uploads\/2025\/03\/Rescateperros3-1287x1536.jpg 1287w, https:\/\/tucomarca.whitekongsoftware.com\/wp-content\/uploads\/2025\/03\/Rescateperros3.jpg 1339w\" sizes=\"auto, (max-width: 858px) 100vw, 858px\" \/><\/figure>\n<\/figure>\n","protected":false},"excerpt":{"rendered":"<div class=\"mh-excerpt\">A les nou del mat\u00ed de hui, les autoritats van rebre un av\u00eds sobre la localitzaci\u00f3 de dos gossos que portaven tres setmanes desapareguts en un cingle a Dosaig\u00fces. El Grup de Rescat Especial i <a class=\"mh-excerpt-more\" href=\"https:\/\/tucomarca.whitekongsoftware.com\/ca\/agents-del-greim-de-la-guardia-civil-rescaten-a-dos-gossos-atrapats-en-un-cingle-a-dosaigues-despres-de-tres-setmanes-desapareguts\/\" title=\"Agents del GREIM de la Gu\u00e0rdia Civil rescaten a dos gossos atrapats en un cingle a Dosaig\u00fces despr\u00e9s de tres setmanes desapareguts\">[+] <\/a><\/div>\n","protected":false},"author":1,"featured_media":257362,"comment_status":"open","ping_status":"open","sticky":false,"template":"","format":"gallery","meta":{"footnotes":""},"categories":[10976,10894,10912,10903,10896,10897],"tags":[11132,22023,11118,10914],"class_list":["post-257365","post","type-post","status-publish","format-gallery","has-post-thumbnail","category-dos-aguas-ca","category-la-comarca-ca","category-la-hoya-ca","category-medio-ambiente-la-comarca-ca","category-seccion-ca","category-sucesos-la-comarca-ca","tag-dos-aguas","tag-greim-ca","tag-guardia-civil-ca","tag-la-hoya-de-bunol-chiva-ca","post_format-post-format-gallery"],"_links":{"self":[{"href":"https:\/\/tucomarca.whitekongsoftware.com\/ca\/wp-json\/wp\/v2\/posts\/257365","targetHints":{"allow":["GET"]}}],"collection":[{"href":"https:\/\/tucomarca.whitekongsoftware.com\/ca\/wp-json\/wp\/v2\/posts"}],"about":[{"href":"https:\/\/tucomarca.whitekongsoftware.com\/ca\/wp-json\/wp\/v2\/types\/post"}],"author":[{"embeddable":true,"href":"https:\/\/tucomarca.whitekongsoftware.com\/ca\/wp-json\/wp\/v2\/users\/1"}],"replies":[{"embeddable":true,"href":"https:\/\/tucomarca.whitekongsoftware.com\/ca\/wp-json\/wp\/v2\/comments?post=257365"}],"version-history":[{"count":0,"href":"https:\/\/tucomarca.whitekongsoftware.com\/ca\/wp-json\/wp\/v2\/posts\/257365\/revisions"}],"wp:featuredmedia":[{"embeddable":true,"href":"https:\/\/tucomarca.whitekongsoftware.com\/ca\/wp-json\/wp\/v2\/media\/257362"}],"wp:attachment":[{"href":"https:\/\/tucomarca.whitekongsoftware.com\/ca\/wp-json\/wp\/v2\/media?parent=257365"}],"wp:term":[{"taxonomy":"category","embeddable":true,"href":"https:\/\/tucomarca.whitekongsoftware.com\/ca\/wp-json\/wp\/v2\/categories?post=257365"},{"taxonomy":"post_tag","embeddable":true,"href":"https:\/\/tucomarca.whitekongsoftware.com\/ca\/wp-json\/wp\/v2\/tags?post=257365"}],"curies":[{"name":"wp","href":"https:\/\/api.w.org\/{rel}","templated":true}]}}