{"id":257345,"date":"2025-03-10T17:00:00","date_gmt":"2025-03-10T16:00:00","guid":{"rendered":"https:\/\/www.tucomarca.com\/wordpress\/segunda\/?p=257345"},"modified":"2025-03-10T18:46:55","modified_gmt":"2025-03-10T17:46:55","slug":"la-diputacio-de-valencia-dona-inici-a-les-falles-reivindicant-el-fallerisme-com-a-manera-de-viure-les-festes","status":"publish","type":"post","link":"https:\/\/tucomarca.whitekongsoftware.com\/ca\/la-diputacio-de-valencia-dona-inici-a-les-falles-reivindicant-el-fallerisme-com-a-manera-de-viure-les-festes\/","title":{"rendered":"La Diputaci\u00f3 de Val\u00e8ncia dona inici a les Falles reivindicant el \u2018fallerisme\u2019 com a manera de viure les festes"},"content":{"rendered":"\n<h3 class=\"wp-block-heading\">El president de la corporaci\u00f3, Vicent Momp\u00f3, presenta la campanya de Falles 2025, amb el lema \u2018Fallerisme. L\u2019Art de fer Falla\u2019, i la can\u00e7\u00f3 \u2018El Fallerisme\u2019, composta per l&#8217;artista valenci\u00e0 Tacho.<\/h3>\n\n\n\n<h3 class=\"wp-block-heading\">Entre les activitats organitzades per la corporaci\u00f3 per a les festes destaquen la recepci\u00f3 fallera, l&#8217;exposici\u00f3 \u2018Falles pel M\u00f3n\u2019, la taronjada i orxatada en la Pla\u00e7a Manises i els actes culturals en la Pla\u00e7a de Bous.<\/h3>\n\n\n\n<p class=\"wp-block-paragraph\">La Diputaci\u00f3 de Val\u00e8ncia ha presentat la seua campanya de Falles 2025, que enguany porta per lema \u2018Fallerisme. L\u2019Art de *fer Falla\u2019. El president de la corporaci\u00f3 provincial, Vicent Momp\u00f3, acompanyat per una nodrida representaci\u00f3 de diputats, ha donat a con\u00e9ixer el cartell d&#8217;unes festes molt especials, marcades per la trag\u00e8dia de la dana, i ha explicat tot el que s&#8217;intenta definir amb la paraula \u2018fallerisme\u2019.&nbsp;<\/p>\n\n\n\n<p class=\"wp-block-paragraph\">El lema triat per la Diputaci\u00f3, \u2018Fallerisme. L\u2019Art de fer Falla\u2019, \u00e9s tota una reivindicaci\u00f3 de la manera tan especial en la qual molts valencians viuen estes festes. Segons s&#8217;explica en el cartell oficial, el \u2018fallerisme\u2019 es definix com a \u2018estil de vida que s&#8217;emporta en l&#8217;\u00e0nima i es disfruta en el casal. Consistix a menjar aut\u00e8ntica paella valenciana, ballar al ritme d\u2019Amparito Roca, vibrar en la masclet\u00e0 i emocionar-se amb la crem\u00e0\u2019.<\/p>\n\n\n\n<figure class=\"wp-block-gallery has-nested-images columns-default is-cropped wp-block-gallery-1 is-layout-flex wp-block-gallery-is-layout-flex\">\n<figure class=\"wp-block-image size-large\"><img loading=\"lazy\" decoding=\"async\" width=\"1024\" height=\"666\" data-id=\"257338\" src=\"https:\/\/www.tucomarca.com\/wordpress\/segunda\/wp-content\/uploads\/2025\/03\/DipuPresFallerisme1-1024x666.jpg\" alt=\"\" class=\"wp-image-257338\" srcset=\"https:\/\/tucomarca.whitekongsoftware.com\/wp-content\/uploads\/2025\/03\/DipuPresFallerisme1-1024x666.jpg 1024w, https:\/\/tucomarca.whitekongsoftware.com\/wp-content\/uploads\/2025\/03\/DipuPresFallerisme1-300x195.jpg 300w, https:\/\/tucomarca.whitekongsoftware.com\/wp-content\/uploads\/2025\/03\/DipuPresFallerisme1-768x499.jpg 768w, https:\/\/tucomarca.whitekongsoftware.com\/wp-content\/uploads\/2025\/03\/DipuPresFallerisme1.jpg 1181w\" sizes=\"auto, (max-width: 1024px) 100vw, 1024px\" \/><\/figure>\n\n\n\n<figure class=\"wp-block-image size-large\"><img loading=\"lazy\" decoding=\"async\" width=\"1024\" height=\"629\" data-id=\"257342\" src=\"https:\/\/www.tucomarca.com\/wordpress\/segunda\/wp-content\/uploads\/2025\/03\/DipuPresFallerisme3-1024x629.jpg\" alt=\"\" class=\"wp-image-257342\" srcset=\"https:\/\/tucomarca.whitekongsoftware.com\/wp-content\/uploads\/2025\/03\/DipuPresFallerisme3-1024x629.jpg 1024w, https:\/\/tucomarca.whitekongsoftware.com\/wp-content\/uploads\/2025\/03\/DipuPresFallerisme3-300x184.jpg 300w, https:\/\/tucomarca.whitekongsoftware.com\/wp-content\/uploads\/2025\/03\/DipuPresFallerisme3-768x472.jpg 768w, https:\/\/tucomarca.whitekongsoftware.com\/wp-content\/uploads\/2025\/03\/DipuPresFallerisme3.jpg 1181w\" sizes=\"auto, (max-width: 1024px) 100vw, 1024px\" \/><\/figure>\n<\/figure>\n\n\n\n<p class=\"wp-block-paragraph\">A la fi hem trobat la paraula per a definir el que significa ser faller. Perqu\u00e8 el \u2018fallerisme\u2019 \u00e9s una manera de viure que va m\u00e9s enll\u00e0 d&#8217;una setmana de festa. Amb esta expressi\u00f3 arrepleguem tot all\u00f2 que fins ara no sab\u00edem com expressar. Una paraula nova en el diccionari de les valencianes i els valencians que mai m\u00e9s podrem oblidar\u201d, ha destacat Vicent Momp\u00f3.<\/p>\n\n\n\n<p class=\"wp-block-paragraph\">L&#8217;acte ha comptat amb la pres\u00e8ncia de l&#8217;artista valenci\u00e0 Sergi Arag\u00f3 \u2018Tacho\u2019, que ha compost per a la Diputaci\u00f3 el tema \u2018El fallerisme. De la crida a la *crem\u00e0\u2019, i que s&#8217;est\u00e0 convertint en l&#8217;himne d&#8217;eixe sentiment. Abans d&#8217;interpretar la can\u00e7\u00f3, Tacho ha assegurat que \u201cel meu objectiu en tot moment ha sigut connectar amb la gent a trav\u00e9s de la cultura valenciana\u201d.<\/p>\n\n\n\n<p class=\"wp-block-paragraph\">En este sentit, Vicent Momp\u00f3 ha entregat a la presidenta de la Federaci\u00f3 de Societats Musicals de la Comunitat Valenciana, Daniela Gonz\u00e1lez, la partitura de la can\u00e7\u00f3 per a repartir-la entre totes les bandes de m\u00fasica i aix\u00ed interpretar-la per tot el m\u00f3n. \u201cVolem que \u2018El Fallerisme\u2019 es convertisca en una melodia universal. L&#8217;objectiu \u00e9s que siga la banda sonora oficial d&#8217;estes festes, i de moment ja estem comprovant el seu \u00e8xit en tots els casals\u201d, ha subratllat Momp\u00f3.&nbsp;<\/p>\n\n\n\n<p class=\"wp-block-paragraph\"><strong>Programaci\u00f3 de la Diputaci\u00f3<\/strong><\/p>\n\n\n\n<p class=\"wp-block-paragraph\">Enguany la Diputaci\u00f3 oferix una \u00e0mplia varietat d&#8217;activitats per a celebrar les festes al costat de tota la ciutadania de la prov\u00edncia. Entre els actes m\u00e9s destacats es troben la tradicional recepci\u00f3 fallera de l&#8217;11 de mar\u00e7, amb la visita de la fallera major de Val\u00e8ncia, Berta Peir\u00f3; l&#8217;exposici\u00f3 \u2018Falles pel M\u00f3n\u2019, oberta fins al dia 26 de mar\u00e7 en el Sal\u00f3 de Reines de la instituci\u00f3; l\u2019orxatada i taronjada fallera del 12 de mar\u00e7 en la Pla\u00e7a Manises; i les activitats culturals de la Pla\u00e7a de Bous.<\/p>\n\n\n\n<p class=\"wp-block-paragraph\">La primera activitat que organitza la corporaci\u00f3 amb motiu de les festes \u00e9s l&#8217;exposici\u00f3 \u2018Falles pel M\u00f3n\u2019, en el Sal\u00f3 de Reines. Des d&#8217;este 10 de mar\u00e7 fins al pr\u00f2xim 26 de mar\u00e7, la Diputaci\u00f3 obri les seues portes, en horari de 10 a 14 hores i de 16 a 20 hores, perqu\u00e8 la ciutadania disfrute d&#8217;una mostra que pret\u00e9n mostrar la pres\u00e8ncia de la festa fallera fora del territori valenci\u00e0 a trav\u00e9s d&#8217;un recorregut per la hist\u00f2ria de la festa.<\/p>\n\n\n\n<p class=\"wp-block-paragraph\">Despr\u00e9s de comptar els or\u00edgens de les Falles a la ciutat de Val\u00e8ncia, l&#8217;exposici\u00f3 va narrant la seua expansi\u00f3 a altres llocs. Primer dins de la pr\u00f2pia prov\u00edncia, a la fi del segle XIX, en els municipis d&#8217;Alzira, X\u00e0tiva, Gandia, Sagunt, Cullera i Torrent, que seran els pioners. M\u00e9s tard, ja en el segle XX, en ciutats i pobles de la resta de la Comunitat Valenciana, com \u00e9s el cas de Benicarl\u00f3, Borriana, La Vall d&#8217;Uix\u00f3, Almenara, Elda, D\u00e9nia, Calp, Pego i Benidorm.<\/p>\n\n\n\n<p class=\"wp-block-paragraph\">A partir d&#8217;este moment, les Falles es comencen a poc a poc a plantar en nombrosos llocs d&#8217;Espanya i tamb\u00e9 a Europa i Am\u00e8rica, habitualment vinculades a valencians que van haver d&#8217;emigrar per motius econ\u00f2mics, socials o pol\u00edtics i que, en arribar a noves terres amb diferents costums, es troben amb la gran necessitat de refor\u00e7ar la seua identitat i recordar les seues arrels i la seua cultura. L&#8217;exposici\u00f3, en definitiva, mostra com les falles recorren el m\u00f3n i amb elles la nostra manera d&#8217;entendre la festa, la m\u00fasica, la indument\u00e0ria tradicional, la nostra gastronomia i els focs artificials.<\/p>\n\n\n\n<p class=\"wp-block-paragraph\">El dimarts 11 de mar\u00e7 t\u00e9 lloc l&#8217;acte m\u00e9s solemne de la Diputaci\u00f3, la tradicional recepci\u00f3 fallera. Eixe dia, a partir de les 10 hores, els palaus de Batlia i Scala rebran a la fallera major de la ciutat de Val\u00e8ncia, Berta Peir\u00f3, i a la seua cort d&#8217;honor. Per a eixa mateixa jornada estan convocades tant les falles de la capital com les de la prov\u00edncia, aix\u00ed com les Juntes Locals de cada un dels municipis amb tradici\u00f3 fallera, culminant una jornada festiva que s&#8217;estendr\u00e0 a una Pla\u00e7a Manises repleta de m\u00fasica i ambient.<\/p>\n\n\n\n<p class=\"wp-block-paragraph\">Tamb\u00e9 la Pla\u00e7a Manises ser\u00e0 l&#8217;escenari el dimecres 12 de mar\u00e7, a les 11:30 hores, de l\u2019orxatada i taronjada. Enguany els assistents podran disfrutar de les dos begudes en un mateix acte que es trasllada als voltants de la Diputaci\u00f3 de Val\u00e8ncia. La instituci\u00f3 provincial col\u00b7labora amb Fotur (Federaci\u00f3 d&#8217;Oci i Turisme de la Comunitat Valenciana) en un esdeveniment en el qual es repartiran gratu\u00eftament milers de litres d&#8217;orxata, fartons i suc de taronja fins a finalitzar exist\u00e8ncies. La celebraci\u00f3, a m\u00e9s, comptar\u00e0 amb m\u00fasica en directe.<\/p>\n\n\n\n<p class=\"wp-block-paragraph\">Tampoc falta enguany la programaci\u00f3 cultural que organitza el Centre d&#8217;Assumptes Taurins de la Diputaci\u00f3 en la Pla\u00e7a de Bous, de manera paral\u00b7lela a la celebraci\u00f3 de la Fira de Falles. El recinte albergar\u00e0, amb el t\u00edtol \u2018Enrique Ponce, un torero inigualable\u2019, un total de quatre mostres dedicades al mestre de Chiva: \u2018Impactes a gran format\u2019, La seua millor hist\u00f2ria, en 25 cartells\u2019, \u2018Quaranta instants de m\u00e0gia\u2019, i \u2018Madrid, Bilbao, M\u00e8xic\u2026 Un mestre universal\u2019. Tamb\u00e9 es podr\u00e0 visionar un documental titulat \u2018Pinzellades videogr\u00e0fiques en la pla\u00e7a de Val\u00e8ncia\u2019 i es presentar\u00e0 el llibre titulat \u2018Ponce i Val\u00e8ncia, un roman\u00e7 de llegenda (1988 2024)\u2019.<\/p>\n","protected":false},"excerpt":{"rendered":"<div class=\"mh-excerpt\">El president de la corporaci\u00f3, Vicent Momp\u00f3, presenta la campanya de Falles 2025, amb el lema \u2018Fallerisme. L\u2019Art de fer Falla\u2019, i la can\u00e7\u00f3 \u2018El Fallerisme\u2019, composta per l&#8217;artista valenci\u00e0 Tacho. Entre les activitats organitzades <a class=\"mh-excerpt-more\" href=\"https:\/\/tucomarca.whitekongsoftware.com\/ca\/la-diputacio-de-valencia-dona-inici-a-les-falles-reivindicant-el-fallerisme-com-a-manera-de-viure-les-festes\/\" title=\"La Diputaci\u00f3 de Val\u00e8ncia dona inici a les Falles reivindicant el \u2018fallerisme\u2019 com a manera de viure les festes\">[+] <\/a><\/div>\n","protected":false},"author":12,"featured_media":257341,"comment_status":"open","ping_status":"open","sticky":false,"template":"","format":"gallery","meta":{"footnotes":""},"categories":[10898,10948,10894,10904,11007,10947,10896],"tags":[11246,11499,20849,22021],"class_list":["post-257345","post","type-post","status-publish","format-gallery","has-post-thumbnail","category-ventana-ca","category-infraestructuras-ca","category-la-comarca-ca","category-sin-categorizar-ca","category-ocio-y-cultura-ca","category-politica","category-seccion-ca","tag-diputacio-de-valencia-ca","tag-fallas-ca","tag-fallas-2025-ca","tag-fallerisme-ca","post_format-post-format-gallery"],"_links":{"self":[{"href":"https:\/\/tucomarca.whitekongsoftware.com\/ca\/wp-json\/wp\/v2\/posts\/257345","targetHints":{"allow":["GET"]}}],"collection":[{"href":"https:\/\/tucomarca.whitekongsoftware.com\/ca\/wp-json\/wp\/v2\/posts"}],"about":[{"href":"https:\/\/tucomarca.whitekongsoftware.com\/ca\/wp-json\/wp\/v2\/types\/post"}],"author":[{"embeddable":true,"href":"https:\/\/tucomarca.whitekongsoftware.com\/ca\/wp-json\/wp\/v2\/users\/12"}],"replies":[{"embeddable":true,"href":"https:\/\/tucomarca.whitekongsoftware.com\/ca\/wp-json\/wp\/v2\/comments?post=257345"}],"version-history":[{"count":0,"href":"https:\/\/tucomarca.whitekongsoftware.com\/ca\/wp-json\/wp\/v2\/posts\/257345\/revisions"}],"wp:featuredmedia":[{"embeddable":true,"href":"https:\/\/tucomarca.whitekongsoftware.com\/ca\/wp-json\/wp\/v2\/media\/257341"}],"wp:attachment":[{"href":"https:\/\/tucomarca.whitekongsoftware.com\/ca\/wp-json\/wp\/v2\/media?parent=257345"}],"wp:term":[{"taxonomy":"category","embeddable":true,"href":"https:\/\/tucomarca.whitekongsoftware.com\/ca\/wp-json\/wp\/v2\/categories?post=257345"},{"taxonomy":"post_tag","embeddable":true,"href":"https:\/\/tucomarca.whitekongsoftware.com\/ca\/wp-json\/wp\/v2\/tags?post=257345"}],"curies":[{"name":"wp","href":"https:\/\/api.w.org\/{rel}","templated":true}]}}