{"id":257261,"date":"2025-03-10T10:00:00","date_gmt":"2025-03-10T09:00:00","guid":{"rendered":"https:\/\/www.tucomarca.com\/wordpress\/segunda\/?p=257261"},"modified":"2025-03-10T12:48:20","modified_gmt":"2025-03-10T11:48:20","slug":"el-cd-bunyol-es-colloca-lider-despres-de-vencer-a-londa-0-2-a-domicili","status":"publish","type":"post","link":"https:\/\/tucomarca.whitekongsoftware.com\/ca\/el-cd-bunyol-es-colloca-lider-despres-de-vencer-a-londa-0-2-a-domicili\/","title":{"rendered":"El CD Bunyol es col\u00b7loca l\u00edder despr\u00e9s de v\u00e9ncer a l&#8217;Onda (0-2) a domicili"},"content":{"rendered":"\n<p class=\"wp-block-paragraph\">El&nbsp;CD Bunyol&nbsp;s&#8217;ha convertit en el nou l\u00edder del grup nord de la&nbsp;Lliga Comunitat&nbsp;despr\u00e9s d&#8217;imposar-se per&nbsp;0 gols a 2&nbsp;al CD&nbsp; Onda&nbsp;en el&nbsp;Municipal Enrique Segura Gil, en el partit corresponent a la&nbsp;jornada 23 de la lliga.<\/p>\n\n\n\n<p class=\"wp-block-paragraph\">Els visitants van encarrilar el triomf amb un gol de\u00a0Yarza en el minut 19, i van sentenciar la trobada amb un gol de\u00a0Gonza en el 55\u2019, assegurant aix\u00ed tres punts clau en la lluita per l&#8217;ascens que no sols col\u00b7loca l\u00edders als blancs, sin\u00f3 que tamb\u00e9 els ompli de moral davant el patr\u00f3 esportiu faller i a la volta a la competici\u00f3 despr\u00e9s d&#8217;ell.<\/p>\n\n\n\n<p class=\"wp-block-paragraph\">Amb aquesta vict\u00f2ria, el\u00a0Club Esportiu Bunyol suma 41 punts, situant-se en el m\u00e9s alt de la classificaci\u00f3 i reafirmant el seu gran moment de forma en la competici\u00f3. <\/p>\n\n\n\n<p class=\"wp-block-paragraph\">No obstant aix\u00f2 als blancs els segueixen de prop el CF Recanvis Col\u00f3n Catarroja, empatats a punts encara que un lloc per darrere a causa de la difer\u00e8ncia de gols (favorable al CD Bunyol per 14 gols front 11). En la tercera posici\u00f3 se situa el CD L&#8217;Alcora gr\u00e0cies als seus 39 punts, els mateixos que el quart classificat, el CD Borriana; aix\u00ed com el cinqu\u00e9, el CD Onda, per la qual cosa la lluita pels primers llocs de la taula continua sent molt ajustada.<\/p>\n\n\n\n<figure class=\"wp-block-image size-large\"><img loading=\"lazy\" decoding=\"async\" width=\"1024\" height=\"922\" src=\"http:\/\/www.tucomarca.com\/wordpress\/segunda\/wp-content\/uploads\/2025\/03\/CDBunol_CDOnda01-1024x922.jpg\" alt=\"\" class=\"wp-image-257237\" srcset=\"https:\/\/tucomarca.whitekongsoftware.com\/wp-content\/uploads\/2025\/03\/CDBunol_CDOnda01-1024x922.jpg 1024w, https:\/\/tucomarca.whitekongsoftware.com\/wp-content\/uploads\/2025\/03\/CDBunol_CDOnda01-300x270.jpg 300w, https:\/\/tucomarca.whitekongsoftware.com\/wp-content\/uploads\/2025\/03\/CDBunol_CDOnda01-768x691.jpg 768w, https:\/\/tucomarca.whitekongsoftware.com\/wp-content\/uploads\/2025\/03\/CDBunol_CDOnda01.jpg 1200w\" sizes=\"auto, (max-width: 1024px) 100vw, 1024px\" \/><\/figure>\n","protected":false},"excerpt":{"rendered":"<div class=\"mh-excerpt\">El&nbsp;CD Bunyol&nbsp;s&#8217;ha convertit en el nou l\u00edder del grup nord de la&nbsp;Lliga Comunitat&nbsp;despr\u00e9s d&#8217;imposar-se per&nbsp;0 gols a 2&nbsp;al CD&nbsp; Onda&nbsp;en el&nbsp;Municipal Enrique Segura Gil, en el partit corresponent a la&nbsp;jornada 23 de la lliga. Els <a class=\"mh-excerpt-more\" href=\"https:\/\/tucomarca.whitekongsoftware.com\/ca\/el-cd-bunyol-es-colloca-lider-despres-de-vencer-a-londa-0-2-a-domicili\/\" title=\"El CD Bunyol es col\u00b7loca l\u00edder despr\u00e9s de v\u00e9ncer a l&#8217;Onda (0-2) a domicili\">[+] <\/a><\/div>\n","protected":false},"author":13,"featured_media":257240,"comment_status":"open","ping_status":"open","sticky":false,"template":"","format":"standard","meta":{"footnotes":""},"categories":[10911,11015,11003,10894,10912,10896],"tags":[10913,11126,11074,11075,10914],"class_list":["post-257261","post","type-post","status-publish","format-standard","has-post-thumbnail","category-bunol-ca","category-canal-futbol","category-sports","category-la-comarca-ca","category-la-hoya-ca","category-seccion-ca","tag-bunol-ca","tag-cd-bunol-ca","tag-deportes-ca","tag-futbol-ca","tag-la-hoya-de-bunol-chiva-ca"],"_links":{"self":[{"href":"https:\/\/tucomarca.whitekongsoftware.com\/ca\/wp-json\/wp\/v2\/posts\/257261","targetHints":{"allow":["GET"]}}],"collection":[{"href":"https:\/\/tucomarca.whitekongsoftware.com\/ca\/wp-json\/wp\/v2\/posts"}],"about":[{"href":"https:\/\/tucomarca.whitekongsoftware.com\/ca\/wp-json\/wp\/v2\/types\/post"}],"author":[{"embeddable":true,"href":"https:\/\/tucomarca.whitekongsoftware.com\/ca\/wp-json\/wp\/v2\/users\/13"}],"replies":[{"embeddable":true,"href":"https:\/\/tucomarca.whitekongsoftware.com\/ca\/wp-json\/wp\/v2\/comments?post=257261"}],"version-history":[{"count":0,"href":"https:\/\/tucomarca.whitekongsoftware.com\/ca\/wp-json\/wp\/v2\/posts\/257261\/revisions"}],"wp:featuredmedia":[{"embeddable":true,"href":"https:\/\/tucomarca.whitekongsoftware.com\/ca\/wp-json\/wp\/v2\/media\/257240"}],"wp:attachment":[{"href":"https:\/\/tucomarca.whitekongsoftware.com\/ca\/wp-json\/wp\/v2\/media?parent=257261"}],"wp:term":[{"taxonomy":"category","embeddable":true,"href":"https:\/\/tucomarca.whitekongsoftware.com\/ca\/wp-json\/wp\/v2\/categories?post=257261"},{"taxonomy":"post_tag","embeddable":true,"href":"https:\/\/tucomarca.whitekongsoftware.com\/ca\/wp-json\/wp\/v2\/tags?post=257261"}],"curies":[{"name":"wp","href":"https:\/\/api.w.org\/{rel}","templated":true}]}}