{"id":257174,"date":"2025-03-08T11:00:00","date_gmt":"2025-03-08T10:00:00","guid":{"rendered":"https:\/\/www.tucomarca.com\/wordpress\/segunda\/?p=257174"},"modified":"2025-03-08T14:15:11","modified_gmt":"2025-03-08T13:15:11","slug":"els-municipalistes-valencians-anuncien-una-iniciativa-popular-legislativa-per-rebaixar-el-llisto-electoral-al-3","status":"publish","type":"post","link":"https:\/\/tucomarca.whitekongsoftware.com\/ca\/els-municipalistes-valencians-anuncien-una-iniciativa-popular-legislativa-per-rebaixar-el-llisto-electoral-al-3\/","title":{"rendered":"Els municipalistes valencians anuncien una iniciativa popular legislativa per rebaixar el llist\u00f3 electoral al 3%\u00a0"},"content":{"rendered":"\n<h3 class=\"wp-block-heading\">El president de la confederaci\u00f3 i alcalde de Nules, David Garc\u00eda, afirma que \u201caquesta mesura refor\u00e7aria la democr\u00e0cia i evitaria que una part de l\u2019electorat es quede sense veu a les administracions\u201d.<\/h3>\n\n\n\n<p class=\"wp-block-paragraph\">La Uni\u00f3 Municipalista presentar\u00e0 una iniciativa popular legislativa (ILP) per sol\u00b7licitar la davallada del llist\u00f3 electoral del 5% al 3 per a 2027. Aquesta decisi\u00f3 es va prendre en la reuni\u00f3 de l\u2019executiva estatal de la confederaci\u00f3, celebrada aquest dijous, amb la pres\u00e8ncia del seu president, David Garc\u00eda, qui tamb\u00e9 \u00e9s vicepresident de la Federaci\u00f3 Valenciana de Municipis i Prov\u00edncies (FVMP) i de la vicepresidenta de la Diputaci\u00f3 de Val\u00e8ncia i coordinadora provincial de la Uni\u00f3 Municipalista, Nat\u00e0lia Enguix, i tamb\u00e9 l\u2019alcalde d\u2019Ontinyent i president d\u2019Ens Uneix, Jorge Rodr\u00edguez.<\/p>\n\n\n\n<p class=\"wp-block-paragraph\">Aix\u00ed, David Garc\u00eda defensava la necessitat d\u2019aquesta reforma, argumentant que \u201cuna reducci\u00f3 del llist\u00f3 electoral permetr\u00e0 que moltes candidatures que actualment es queden fora puguen accedir a les Corts Valencianes, garantint aix\u00ed una millor representaci\u00f3 de les necessitats i interessos de les poblacions\u201d.&nbsp;<\/p>\n\n\n\n<p class=\"wp-block-paragraph\">Garc\u00eda tamb\u00e9 ha assenyalat que aquesta mesura contribuiria a \u201crefor\u00e7ar la democr\u00e0cia i evitar que una part important de l\u2019electorat es quede sense veu a les administracions supramunicipals. En un context com l\u2019actual, cal que totes les veus de la ciutadania se senten escoltades i representades\u201d.<\/p>\n\n\n\n<p class=\"wp-block-paragraph\">En concret, durant la reuni\u00f3 s\u2019acordava presentar la iniciativa popular legislativa el proper 22 de mar\u00e7 a Sueca amb una assemblea auton\u00f2mica on \u201cvolem plantejar no sols la davallada d\u2019aquest llist\u00f3 electoral sin\u00f3 que tamb\u00e9 es modifique la llei electoral perqu\u00e8 no siga necessari traure un 5% en cadascuna de les tres circumscripcions (Val\u00e8ncia, Castell\u00f3 i Alacant) sin\u00f3 que&nbsp; el c\u00f2mput siga provincial\u201d, exposava Garc\u00eda. Aquest plantejament \u201cfacilitaria que es poguera accedir a Les Corts en, al menys, el 5% dels vots en una de les prov\u00edncies de la Comunitat i que mostraria m\u00e9s la realitat de la Comunitat Valenciana perqu\u00e8 els projectes pol\u00edtics que no corresponen a grans partits tinguen les mateixes oportunitats de representar a la ciutadania\u201d.&nbsp;<\/p>\n\n\n\n<p class=\"wp-block-paragraph\">Aix\u00ed, despr\u00e9s d\u2019aquesta assemblea est\u00e0 previst que s\u2019inicie la recollida de firmes que junt a la proposta de modificaci\u00f3 t\u00e9 com objectiu portar-se a Les Corts, encara que Garc\u00eda recalcava que \u201cl\u2019objectiu es presentar-nos, amb aquesta davallada o no, a les eleccions de 2027. \u00c9s el moment que els nostres pobles i la gent s\u2019escolte a Les Corts Valencianes\u201d<\/p>\n","protected":false},"excerpt":{"rendered":"<div class=\"mh-excerpt\">El president de la confederaci\u00f3 i alcalde de Nules, David Garc\u00eda, afirma que \u201caquesta mesura refor\u00e7aria la democr\u00e0cia i evitaria que una part de l\u2019electorat es quede sense veu a les administracions\u201d. La Uni\u00f3 Municipalista <a class=\"mh-excerpt-more\" href=\"https:\/\/tucomarca.whitekongsoftware.com\/ca\/els-municipalistes-valencians-anuncien-una-iniciativa-popular-legislativa-per-rebaixar-el-llisto-electoral-al-3\/\" title=\"Els municipalistes valencians anuncien una iniciativa popular legislativa per rebaixar el llist\u00f3 electoral al 3%\u00a0\">[+] <\/a><\/div>\n","protected":false},"author":13,"featured_media":257169,"comment_status":"open","ping_status":"open","sticky":false,"template":"","format":"standard","meta":{"footnotes":""},"categories":[10898,10948,10894,10904,10947,10896],"tags":[11199,11140],"class_list":["post-257174","post","type-post","status-publish","format-standard","has-post-thumbnail","category-ventana-ca","category-infraestructuras-ca","category-la-comarca-ca","category-sin-categorizar-ca","category-politica","category-seccion-ca","tag-la-comunitat-ca","tag-politica-ca"],"_links":{"self":[{"href":"https:\/\/tucomarca.whitekongsoftware.com\/ca\/wp-json\/wp\/v2\/posts\/257174","targetHints":{"allow":["GET"]}}],"collection":[{"href":"https:\/\/tucomarca.whitekongsoftware.com\/ca\/wp-json\/wp\/v2\/posts"}],"about":[{"href":"https:\/\/tucomarca.whitekongsoftware.com\/ca\/wp-json\/wp\/v2\/types\/post"}],"author":[{"embeddable":true,"href":"https:\/\/tucomarca.whitekongsoftware.com\/ca\/wp-json\/wp\/v2\/users\/13"}],"replies":[{"embeddable":true,"href":"https:\/\/tucomarca.whitekongsoftware.com\/ca\/wp-json\/wp\/v2\/comments?post=257174"}],"version-history":[{"count":0,"href":"https:\/\/tucomarca.whitekongsoftware.com\/ca\/wp-json\/wp\/v2\/posts\/257174\/revisions"}],"wp:featuredmedia":[{"embeddable":true,"href":"https:\/\/tucomarca.whitekongsoftware.com\/ca\/wp-json\/wp\/v2\/media\/257169"}],"wp:attachment":[{"href":"https:\/\/tucomarca.whitekongsoftware.com\/ca\/wp-json\/wp\/v2\/media?parent=257174"}],"wp:term":[{"taxonomy":"category","embeddable":true,"href":"https:\/\/tucomarca.whitekongsoftware.com\/ca\/wp-json\/wp\/v2\/categories?post=257174"},{"taxonomy":"post_tag","embeddable":true,"href":"https:\/\/tucomarca.whitekongsoftware.com\/ca\/wp-json\/wp\/v2\/tags?post=257174"}],"curies":[{"name":"wp","href":"https:\/\/api.w.org\/{rel}","templated":true}]}}