{"id":257051,"date":"2025-03-07T09:28:00","date_gmt":"2025-03-07T08:28:00","guid":{"rendered":"https:\/\/www.tucomarca.com\/wordpress\/segunda\/?p=257051"},"modified":"2025-03-07T14:40:54","modified_gmt":"2025-03-07T13:40:54","slug":"cultura-reforca-la-plantilla-de-livcri-per-a-la-recuperacio-dels-arxius-municipals-afectats-per-la-riuada","status":"publish","type":"post","link":"https:\/\/tucomarca.whitekongsoftware.com\/ca\/cultura-reforca-la-plantilla-de-livcri-per-a-la-recuperacio-dels-arxius-municipals-afectats-per-la-riuada\/","title":{"rendered":"Cultura refor\u00e7a la plantilla de l\u2019IVCR+i per a la recuperaci\u00f3 dels arxius municipals afectats per la riuada"},"content":{"rendered":"\n<h3 class=\"wp-block-heading\">La Direcci\u00f3 General de Cultura contracta cinc especialistes amb un pressupost de 125.000 euros.<\/h3>\n\n\n\n<h3 class=\"wp-block-heading\">L\u2019IVCR+i ja ha aconseguit salvar m\u00e9s de 2.250 llibres, 300 pl\u00e0nols i 3.000 caixes de documentaci\u00f3 de municipis afectats.<\/h3>\n\n\n\n<p class=\"wp-block-paragraph\">La Conselleria d\u2019Educaci\u00f3, Cultura, Universitats i Ocupaci\u00f3 ha refor\u00e7at la plantilla de l\u2019Institut Valenci\u00e0 de Conservaci\u00f3, Restauraci\u00f3 i Investigaci\u00f3 (IVCR+i) amb la finalitat de poder dur a terme els treballs de recuperaci\u00f3 de b\u00e9ns culturals afectats per les inundacions del passat 29 d\u2019octubre en depend\u00e8ncies de Fira Val\u00e8ncia.<\/p>\n\n\n\n<p class=\"wp-block-paragraph\">En concret, la Direcci\u00f3 General de Cultura ha realitzat un enc\u00e0rrec a mitj\u00e0 propi a l\u2019empresa p\u00fablica TRAGSATEC per a la contractaci\u00f3 de cinc t\u00e8cnics diplomats o graduats en Conservaci\u00f3 i Restauraci\u00f3 de Documentaci\u00f3.<\/p>\n\n\n\n<p class=\"wp-block-paragraph\">Estos especialistes prestaran servicis de neteja i recuperaci\u00f3 dels fons documentals procedents d\u2019arxius municipals de localitats de la prov\u00edncia de Val\u00e8ncia que van patir les conseq\u00fc\u00e8ncies de la riuada.<\/p>\n\n\n\n<p class=\"wp-block-paragraph\">Este enc\u00e0rrec es fa per la necessitat de disposar de suficients mitjans materials i personals per a continuar amb les labors de rescat del patrimoni cultural valenci\u00e0 que s\u2019est\u00e0 desenrotllant en les depend\u00e8ncies habilitades en Fira Val\u00e8ncia.<\/p>\n\n\n\n<p class=\"wp-block-paragraph\">Cal recordar que la Conselleria d\u2019Educaci\u00f3, Cultura, Universitats i Ocupaci\u00f3 disposa d\u2019un espai en el recinte firal de m\u00e9s de 10.000 metres quadrats per a la recuperaci\u00f3, secatge i neteja de llibres i documents provinents d\u2019arxius municipals, judicials i parroquials afectats per les inundacions.<\/p>\n\n\n\n<p class=\"wp-block-paragraph\">Part del personal t\u00e8cnic de l\u2019IVCR+i est\u00e0 destinat a estes depend\u00e8ncies realitzant estes labors, que consistixen en l\u2019eliminaci\u00f3 del fang, secatge de documents i estabilitzaci\u00f3 de les obres, amb la finalitat d\u2019evitar la proliferaci\u00f3 de fongs i altres danys en el paper i valorar la necessitat de restauraci\u00f3 de les obres.<\/p>\n\n\n\n<p class=\"wp-block-paragraph\">Aix\u00ed mateix, els t\u00e8cnics de la Conselleria de Cultura continuen amb les visites als municipis afectats amb la finalitat de con\u00e9ixer l\u2019estat en el qual es troben els arxius, aix\u00ed com els documents, llibres i obres d\u2019art que contenen i procedir, en els casos necessaris, al seu trasllat.<\/p>\n\n\n\n<p class=\"wp-block-paragraph\">En este sentit, amb la finalitat de poder continuar atenent tots estos treballs amb la m\u00e0xima urg\u00e8ncia, s\u2019ha considerat necessari este enc\u00e0rrec a TRAGSATEC per un per\u00edode de sis mesos, que podran ser prorrogats en funci\u00f3 de les necessitats, per un import de 125.386,48 euros.<\/p>\n\n\n\n<p class=\"wp-block-paragraph\">A m\u00e9s d\u2019este contracte, la Conselleria ha destinat fins al moment 69.051 euros per al servici de vigil\u00e0ncia i seguretat dels arxius que romanen en les instal\u00b7lacions de Fira Val\u00e8ncia, aix\u00ed com un total de 8.806,62 euros per a l\u2019adquisici\u00f3 d\u2019una m\u00e0quina envasadora per a accelerar la transfer\u00e8ncia de la humitat de les obres al paper secant.<\/p>\n\n\n\n<p class=\"wp-block-paragraph\"><strong>Funcions<\/strong><\/p>\n\n\n\n<p class=\"wp-block-paragraph\">En concret, les cinc persones contractades amb TRAGSATEC col\u00b7laboraran amb els t\u00e8cnics de l\u2019IVCR+i en els treballs de registre dels b\u00e9ns (documents, llibres, mapes, etc.) i comprovaci\u00f3 del seu estat de conservaci\u00f3, aix\u00ed com en les labors de neteja i recuperaci\u00f3.<\/p>\n\n\n\n<p class=\"wp-block-paragraph\">Estes consistixen en el secatge de llibres i documentaci\u00f3 mitjan\u00e7ant paper absorbent i cicles de secatge al buit, la neteja en sec de restes de fang i eliminaci\u00f3 d\u2019espores de microorganismes per aspiraci\u00f3 o la neteja de brut\u00edcia superficial.<\/p>\n\n\n\n<p class=\"wp-block-paragraph\">Tamb\u00e9 duran a terme treballs de separaci\u00f3 de fulles adherides, reparacions d\u2019esgarrats, eliminaci\u00f3 de deformacions amb sistema de pesos i sistema al buit, aix\u00ed com l\u2019acomodaci\u00f3 dels documents recuperats en caixes d\u2019emmagatzematge temporal fins que puguen tornar als seus arxius d\u2019origen.<\/p>\n\n\n\n<p class=\"wp-block-paragraph\">L\u2019Institut Valenci\u00e0 de Conservaci\u00f3, Restauraci\u00f3 i Investigaci\u00f3 (IVCR+i) ja ha aconseguit salvar m\u00e9s de 2.250 llibres, 300 pl\u00e0nols i 3.000 caixes de documentaci\u00f3, entre els quals hi ha arxius hist\u00f2rics de Sedav\u00ed, Aldaia, Catarroja, Picanya, Alfafar, Algemes\u00ed, Massanassa i Paiporta, entre altres municipis afectats.<\/p>\n","protected":false},"excerpt":{"rendered":"<div class=\"mh-excerpt\">La Direcci\u00f3 General de Cultura contracta cinc especialistes amb un pressupost de 125.000 euros. L\u2019IVCR+i ja ha aconseguit salvar m\u00e9s de 2.250 llibres, 300 pl\u00e0nols i 3.000 caixes de documentaci\u00f3 de municipis afectats. La Conselleria <a class=\"mh-excerpt-more\" href=\"https:\/\/tucomarca.whitekongsoftware.com\/ca\/cultura-reforca-la-plantilla-de-livcri-per-a-la-recuperacio-dels-arxius-municipals-afectats-per-la-riuada\/\" title=\"Cultura refor\u00e7a la plantilla de l\u2019IVCR+i per a la recuperaci\u00f3 dels arxius municipals afectats per la riuada\">[+] <\/a><\/div>\n","protected":false},"author":13,"featured_media":257049,"comment_status":"open","ping_status":"open","sticky":false,"template":"","format":"standard","meta":{"footnotes":""},"categories":[21466,10898,10948,10894,10904,11007,10947,10896,10897],"tags":[15409,22008,21089,11199,15856],"class_list":["post-257051","post","type-post","status-publish","format-standard","has-post-thumbnail","category-dana-ca","category-ventana-ca","category-infraestructuras-ca","category-la-comarca-ca","category-sin-categorizar-ca","category-ocio-y-cultura-ca","category-politica","category-seccion-ca","category-sucesos-la-comarca-ca","tag-dana-2-ca","tag-institut-valencia-de-conservacio-ca","tag-ivcri-ca","tag-la-comunitat-ca","tag-ocio-y-cultura-ca"],"_links":{"self":[{"href":"https:\/\/tucomarca.whitekongsoftware.com\/ca\/wp-json\/wp\/v2\/posts\/257051","targetHints":{"allow":["GET"]}}],"collection":[{"href":"https:\/\/tucomarca.whitekongsoftware.com\/ca\/wp-json\/wp\/v2\/posts"}],"about":[{"href":"https:\/\/tucomarca.whitekongsoftware.com\/ca\/wp-json\/wp\/v2\/types\/post"}],"author":[{"embeddable":true,"href":"https:\/\/tucomarca.whitekongsoftware.com\/ca\/wp-json\/wp\/v2\/users\/13"}],"replies":[{"embeddable":true,"href":"https:\/\/tucomarca.whitekongsoftware.com\/ca\/wp-json\/wp\/v2\/comments?post=257051"}],"version-history":[{"count":0,"href":"https:\/\/tucomarca.whitekongsoftware.com\/ca\/wp-json\/wp\/v2\/posts\/257051\/revisions"}],"wp:featuredmedia":[{"embeddable":true,"href":"https:\/\/tucomarca.whitekongsoftware.com\/ca\/wp-json\/wp\/v2\/media\/257049"}],"wp:attachment":[{"href":"https:\/\/tucomarca.whitekongsoftware.com\/ca\/wp-json\/wp\/v2\/media?parent=257051"}],"wp:term":[{"taxonomy":"category","embeddable":true,"href":"https:\/\/tucomarca.whitekongsoftware.com\/ca\/wp-json\/wp\/v2\/categories?post=257051"},{"taxonomy":"post_tag","embeddable":true,"href":"https:\/\/tucomarca.whitekongsoftware.com\/ca\/wp-json\/wp\/v2\/tags?post=257051"}],"curies":[{"name":"wp","href":"https:\/\/api.w.org\/{rel}","templated":true}]}}