{"id":257045,"date":"2025-03-07T09:30:00","date_gmt":"2025-03-07T08:30:00","guid":{"rendered":"https:\/\/www.tucomarca.com\/wordpress\/segunda\/?p=257045"},"modified":"2025-03-07T14:32:39","modified_gmt":"2025-03-07T13:32:39","slug":"mazon-continuem-avancant-en-la-simplificacio-administrativa-per-a-facilitar-el-desenrotllament-economic-i-social-de-la-comunitat-valenciana","status":"publish","type":"post","link":"https:\/\/tucomarca.whitekongsoftware.com\/ca\/mazon-continuem-avancant-en-la-simplificacio-administrativa-per-a-facilitar-el-desenrotllament-economic-i-social-de-la-comunitat-valenciana\/","title":{"rendered":"Maz\u00f3n: \u201cContinuem avan\u00e7ant en la simplificaci\u00f3 administrativa per a facilitar el desenrotllament econ\u00f2mic i social de la Comunitat Valenciana\u201d"},"content":{"rendered":"\n<h3 class=\"wp-block-heading\">Real\u00e7a el Decret d\u2019entitats col\u00b7laboradores de certificaci\u00f3 com a exemple de col\u00b7laboraci\u00f3 publicoprivada per a \u201cmillorar l\u2019activitat i el servici i aix\u00ed fer-nos m\u00e9s competitius, pr\u00f2xims i r\u00e0pids\u201d.<\/h3>\n\n\n\n<h3 class=\"wp-block-heading\">Def\u00e9n la necessitat de tindre una Generalitat \u00e0gil i eficient, que facilite iniciatives que fomenten \u201cla creaci\u00f3 d\u2019ocupaci\u00f3 i el desenrotllament i generaci\u00f3 de l\u2019activitat econ\u00f2mica\u201d.<\/h3>\n\n\n\n<h3 class=\"wp-block-heading\">Destaca la incorporaci\u00f3 dels ajuntaments al proc\u00e9s de simplificaci\u00f3 perqu\u00e8 \u201ctots els tr\u00e0mits del dia a dia s\u2019acceleren i puguem millorar la vida d\u2019alacantins, valencians i castellonencs\u201d.<\/h3>\n\n\n\n<p class=\"wp-block-paragraph\">El president de la Generalitat, Carlos Maz\u00f3n, ha assenyalat que, des del Consell \u201ccontinuem avan\u00e7ant en la simplificaci\u00f3 administrativa per a facilitar el desenrotllament econ\u00f2mic i social de la Comunitat Valenciana\u201d.<\/p>\n\n\n\n<p class=\"wp-block-paragraph\">Aix\u00ed, ha real\u00e7at el nou Decret d\u2019entitats col\u00b7laboradores de certificaci\u00f3 i ens habilitats que \u201csuposa un exemple de col\u00b7laboraci\u00f3 publicoprivada\u201d i s\u2019interpreta en el fet de \u201cconfiar els uns en els altres per a millorar l\u2019activitat i el servici i aix\u00ed fer-nos m\u00e9s competitius, pr\u00f2xims i r\u00e0pids\u201d.<\/p>\n\n\n\n<p class=\"wp-block-paragraph\">El cap del Consell ha assenyalat que l\u2019Administraci\u00f3 \u201cno pot tractar el ciutad\u00e0 i empresari com un presumpte culpable a l\u2019hora de presentar els seus escrits i projectes\u201d pel que, des del Consell, \u201capostem per la confian\u00e7a i la declaraci\u00f3 responsable, la qual cosa es tradu\u00efx en un silenci administratiu positiu\u201d.<\/p>\n\n\n\n<p class=\"wp-block-paragraph\">En este sentit, ha indicat que els organismes p\u00fablics \u201chan de vetlar per inspeccionar i, si \u00e9s el cas, sancionar\u201d els que no complisquen la normativa per\u00f2 \u201camb una resposta r\u00e0pida a totes les empreses que posen la seua gesti\u00f3 en mans d\u2019una entitat col\u00b7laboradora\u201d.<\/p>\n\n\n\n<p class=\"wp-block-paragraph\">D\u2019igual manera, ha def\u00e9s la necessitat de tindre una Generalitat \u00e0gil i eficient, que facilite iniciatives que fomenten \u201cla creaci\u00f3 d\u2019ocupaci\u00f3 i el desenrotllament i generaci\u00f3 de l\u2019activitat econ\u00f2mica\u201d, donant resposta a les necessitats dels ciutadans i del teixit empresarial valenci\u00e0.<\/p>\n\n\n\n<p class=\"wp-block-paragraph\">Aix\u00ed mateix, ha destacat en la incorporaci\u00f3 dels ajuntaments el proc\u00e9s de simplificaci\u00f3 perqu\u00e8 \u201ctots els tr\u00e0mits del dia a dia s\u2019acceleren i puguem millorar la vida d\u2019alacantins, valencians i castellonencs\u201d.<\/p>\n\n\n\n<p class=\"wp-block-paragraph\">Un acte al qual tamb\u00e9 han assistit la consellera d\u2019Hisenda i Economia, Ruth Merino; el conseller de Sanitat, Marciano G\u00f3mez; la consellera de Just\u00edcia i Administraci\u00f3 P\u00fablica, Nuria Mart\u00ednez; el conseller d\u2019Emerg\u00e8ncies i Interior, Juan Carlos Valderrama i el conseller d\u2019Agricultura, Aigua, Ramaderia i Pesca, Miguel Barrachina.<\/p>\n\n\n\n<p class=\"wp-block-paragraph\"><strong>Entitats col\u00b7laboradores de certificaci\u00f3<\/strong><\/p>\n\n\n\n<p class=\"wp-block-paragraph\">Amb el Decret d\u2019entitats col\u00b7laboradores de certificaci\u00f3 i ens habilitats de la Llei de simplificaci\u00f3 administrativa, les associacions de cada sector empresarial comproven per endavant que tota documentaci\u00f3 que s\u2019ha de presentar \u00e9s correcta i completa.<\/p>\n\n\n\n<p class=\"wp-block-paragraph\">D\u2019esta manera, s\u2019eliminen les esmenes i correccions que s\u2019han de dur a terme per part de l\u2019Administraci\u00f3 p\u00fablica i s\u2019agilitzen els procediments administratius, evitant la seua prolongaci\u00f3 en el temps. Aix\u00f2 resulta benefici\u00f3s per a projectes estrat\u00e8gics amb especial atenci\u00f3 a la posada en marxa de plantes d\u2019energies renovables o la tramitaci\u00f3 de les declaracions d\u2019impacte ambiental, entre altres.<\/p>\n\n\n\n<p class=\"wp-block-paragraph\">Aix\u00ed, volem reduir un 30 % el temps mitj\u00e0 de resoluci\u00f3 dels processos administratius juntament amb les entitats col\u00b7laboradores de certificaci\u00f3.<\/p>\n\n\n\n<p class=\"wp-block-paragraph\">D\u2019igual manera, les entitats col\u00b7laboradores de certificaci\u00f3, faciliten l\u2019intercanvi d\u2019informaci\u00f3 entre diferents sistemes i bases de dades, permetent als interessats no haver de repetir passos en cada una de les ajudes.<\/p>\n\n\n\n<p class=\"wp-block-paragraph\">Mitjan\u00e7ant esta figura, la cooperaci\u00f3 publicoprivada assumix un nou perfil in\u00e8dit i pioner en la hist\u00f2ria de l\u2019Administraci\u00f3 espanyola, i se suma aix\u00ed al proc\u00e9s administratiu per a simplificar-lo i accelerar-lo de manera decisiva.<\/p>\n\n\n\n<p class=\"wp-block-paragraph\">El Consell del Canvi i la Recuperaci\u00f3 \u00e9s el primer que posar\u00e0 en marxa una mesura d\u2019esta \u00edndole, amb instruments normatius i recursos materials i tecnol\u00f2gics amb els quals no compta ni el Govern d\u2019Espanya ni cap altra comunitat aut\u00f2noma.<\/p>\n\n\n\n<p class=\"wp-block-paragraph\">Des de hui, els col\u00b7legis professionals, les cambres de comer\u00e7 i les associacions empresarials poden sol\u00b7licitar la seua inclusi\u00f3 en el Registre general d\u2019entitats col\u00b7laboradores.<\/p>\n\n\n\n<p class=\"wp-block-paragraph\">Amb la posada en marxa d\u2019este decret, s\u2019entra en la tercera fase del Pla Simplifica despr\u00e9s de l\u2019entrada en vigor de la Llei 6\/2024 de simplificaci\u00f3 administrativa i l\u2019inici del Canal Empresa, una finestreta virtual \u00fanica per a l\u2019atenci\u00f3 personalitzada i dissenyada amb la participaci\u00f3 de la Confederaci\u00f3 Empresarial Valenciana i les cambres de comer\u00e7 de la Comunitat Valenciana.<\/p>\n\n\n\n<p class=\"wp-block-paragraph\"><strong>La figura dels ens habilitats<\/strong><\/p>\n\n\n\n<p class=\"wp-block-paragraph\">El decret tamb\u00e9 introdu\u00efx la figura dels ens habilitats, que permetr\u00e0 a entitats, associacions i gestors administratius actuar com a enlla\u00e7 entre la ciutadania i l\u2019Administraci\u00f3.<\/p>\n\n\n\n<p class=\"wp-block-paragraph\">Estos oferiran un acompanyament pr\u00f2xim i especialitzat a persones, aut\u00f2noms i xicotetes empreses perqu\u00e8 puguen complir amb els requisits administratius de manera m\u00e9s senzilla i sense barreres burocr\u00e0tiques.<\/p>\n\n\n\n<p class=\"wp-block-paragraph\">Gr\u00e0cies a la seua intervenci\u00f3, es reduir\u00e0 la necessitat d\u2019esmenes i s\u2019agilitzar\u00e0 la tramitaci\u00f3 d\u2019ajudes, llic\u00e8ncies i autoritzacions en \u00e0mbits com el comer\u00e7, la vivenda o els servicis socials, garantint un acc\u00e9s m\u00e9s equitatiu i eficient als recursos p\u00fablics.<\/p>\n","protected":false},"excerpt":{"rendered":"<div class=\"mh-excerpt\">Real\u00e7a el Decret d\u2019entitats col\u00b7laboradores de certificaci\u00f3 com a exemple de col\u00b7laboraci\u00f3 publicoprivada per a \u201cmillorar l\u2019activitat i el servici i aix\u00ed fer-nos m\u00e9s competitius, pr\u00f2xims i r\u00e0pids\u201d. Def\u00e9n la necessitat de tindre una Generalitat <a class=\"mh-excerpt-more\" href=\"https:\/\/tucomarca.whitekongsoftware.com\/ca\/mazon-continuem-avancant-en-la-simplificacio-administrativa-per-a-facilitar-el-desenrotllament-economic-i-social-de-la-comunitat-valenciana\/\" title=\"Maz\u00f3n: \u201cContinuem avan\u00e7ant en la simplificaci\u00f3 administrativa per a facilitar el desenrotllament econ\u00f2mic i social de la Comunitat Valenciana\u201d\">[+] <\/a><\/div>\n","protected":false},"author":13,"featured_media":257043,"comment_status":"open","ping_status":"open","sticky":false,"template":"","format":"standard","meta":{"footnotes":""},"categories":[10898,10948,10894,10904,10947,10896],"tags":[18807,15293,11199,15856],"class_list":["post-257045","post","type-post","status-publish","format-standard","has-post-thumbnail","category-ventana-ca","category-infraestructuras-ca","category-la-comarca-ca","category-sin-categorizar-ca","category-politica","category-seccion-ca","tag-carlos-mazon-ca","tag-economia-ca","tag-la-comunitat-ca","tag-ocio-y-cultura-ca"],"_links":{"self":[{"href":"https:\/\/tucomarca.whitekongsoftware.com\/ca\/wp-json\/wp\/v2\/posts\/257045","targetHints":{"allow":["GET"]}}],"collection":[{"href":"https:\/\/tucomarca.whitekongsoftware.com\/ca\/wp-json\/wp\/v2\/posts"}],"about":[{"href":"https:\/\/tucomarca.whitekongsoftware.com\/ca\/wp-json\/wp\/v2\/types\/post"}],"author":[{"embeddable":true,"href":"https:\/\/tucomarca.whitekongsoftware.com\/ca\/wp-json\/wp\/v2\/users\/13"}],"replies":[{"embeddable":true,"href":"https:\/\/tucomarca.whitekongsoftware.com\/ca\/wp-json\/wp\/v2\/comments?post=257045"}],"version-history":[{"count":0,"href":"https:\/\/tucomarca.whitekongsoftware.com\/ca\/wp-json\/wp\/v2\/posts\/257045\/revisions"}],"wp:featuredmedia":[{"embeddable":true,"href":"https:\/\/tucomarca.whitekongsoftware.com\/ca\/wp-json\/wp\/v2\/media\/257043"}],"wp:attachment":[{"href":"https:\/\/tucomarca.whitekongsoftware.com\/ca\/wp-json\/wp\/v2\/media?parent=257045"}],"wp:term":[{"taxonomy":"category","embeddable":true,"href":"https:\/\/tucomarca.whitekongsoftware.com\/ca\/wp-json\/wp\/v2\/categories?post=257045"},{"taxonomy":"post_tag","embeddable":true,"href":"https:\/\/tucomarca.whitekongsoftware.com\/ca\/wp-json\/wp\/v2\/tags?post=257045"}],"curies":[{"name":"wp","href":"https:\/\/api.w.org\/{rel}","templated":true}]}}