{"id":256960,"date":"2025-03-06T12:30:00","date_gmt":"2025-03-06T11:30:00","guid":{"rendered":"https:\/\/www.tucomarca.com\/wordpress\/segunda\/?p=256960"},"modified":"2025-03-06T19:14:21","modified_gmt":"2025-03-06T18:14:21","slug":"la-generalitat-supervisa-les-obres-de-les-carreteres-afectades-per-les-inundacions-doctubre-durant-el-nou-episodi-de-pluges","status":"publish","type":"post","link":"https:\/\/tucomarca.whitekongsoftware.com\/ca\/la-generalitat-supervisa-les-obres-de-les-carreteres-afectades-per-les-inundacions-doctubre-durant-el-nou-episodi-de-pluges\/","title":{"rendered":"La Generalitat supervisa les obres de les carreteres afectades per les inundacions d\u2019octubre durant el nou episodi de pluges"},"content":{"rendered":"\n<h3 class=\"wp-block-heading\"><strong>Vicente Mart\u00ednez Mus ha visitat la CV-50 en el terme municipal de Cheste, a on el mes de febrer passat es va habilitar un acc\u00e9s provisional<\/strong>.<\/h3>\n\n\n\n<h3 class=\"wp-block-heading\"><strong>La Generalitat treballa amb el Cegesem i col\u00b7labora amb la Gu\u00e0rdia Civil per a garantir que les carreteres afectades siguen segures per a la circulaci\u00f3<\/strong>.<\/h3>\n\n\n\n<p class=\"wp-block-paragraph\">La Generalitat ha intensificat la supervisi\u00f3 de les obres provisionals habilitades estos mesos en les carreteres que van resultar afectades per les inundacions del passat mes d\u2019octubre davant el nou episodi de pluges que est\u00e0 patint la Comunitat Valenciana estos dies.<\/p>\n\n\n\n<p class=\"wp-block-paragraph\">El conseller de Medi Ambient, Infraestructures i Territori, Vicente Mart\u00ednez Mus, ha visitat este dijous la CV-50, en el terme municipal de Cheste, a on el mes de febrer passat es va habilitar un desviament provisional sobre el barranc de Poio per a substituir el pont temporal instal\u00b7lat per l\u2019UME, que ocasionava importants retencions a causa de les limitacions de la infraestructura militar.<\/p>\n\n\n\n<p class=\"wp-block-paragraph\">Mart\u00ednez Mus ha explicat que la situaci\u00f3 clim\u00e0tica d\u2019esta setmana ha portat la Generalitat a adoptar \u201cmesures preventives i de vigil\u00e0ncia per a garantir la seguretat dels conductors i la integritat de les infraestructures\u201d, sobretot en les zones dels barrancs i rambles afluents del barranc de Poio.<\/p>\n\n\n\n<p class=\"wp-block-paragraph\">La CV-50, una via clau en la zona, disposa d\u2019una soluci\u00f3 provisional d\u2019acc\u00e9s que, segons ha pogut comprovar el conseller, \u201cest\u00e0 donant molt bon servici a la poblaci\u00f3\u201d, encara que a causa de les pluges d\u2019esta setmana \u201cest\u00e0 sent objecte de m\u00e9s control\u201d, ha indicat Mart\u00ednez Mus.<\/p>\n\n\n\n<p class=\"wp-block-paragraph\">\u201cEstem treballant en col\u00b7laboraci\u00f3 amb el Cegesem i amb la Gu\u00e0rdia Civil per a assegurar que les carreteres afectades siguen segures per a la circulaci\u00f3, especialment en este per\u00edode d\u2019inestabilitat meteorol\u00f2gica\u201d, ha declarat el conseller durant la seua visita. \u201c\u00c9s fonamental extremar la vigil\u00e0ncia per a minimitzar riscos en les zones a on s\u2019han realitzat obres provisionals mentres es duen a terme les reparacions definitives de les infraestructures que van resultar afectades\u201d. Amb este objectiu, s\u2019ha decidit que l\u2019acc\u00e9s provisional de la CV-50 a Cheste estiga tancat al tr\u00e0nsit durant les nits, des de les 22:30 fins a les 05:30 hores.<\/p>\n\n\n\n<p class=\"wp-block-paragraph\">A m\u00e9s d\u2019esta via, t\u00e8cnics de la Conselleria tamb\u00e9 estan supervisant les obres de la CV-33 i la CV-36 que es fan en els voltants del barranc de Poio, a on s\u2019estan prenent les mesures necess\u00e0ries per a garantir la seguretat vi\u00e0ria.<\/p>\n\n\n\n<p class=\"wp-block-paragraph\"><strong>Visita a FGV<\/strong><\/p>\n\n\n\n<p class=\"wp-block-paragraph\">El conseller tamb\u00e9 ha visitat el lloc de comandament de Ferrocarrils de la Generalitat Valenciana (FGV) habilitat despr\u00e9s de les riuades del passat 29 d\u2019octubre en les instal\u00b7lacions de Machado. Juntament amb el gerent d\u2019FGV, Alfonso Novo, ha verificat que la xarxa de Metrovalencia no ha patit cap incident ressenyable en este \u00faltim episodi de pluges i s\u2019opera amb normalitat.<\/p>\n","protected":false},"excerpt":{"rendered":"<div class=\"mh-excerpt\">Vicente Mart\u00ednez Mus ha visitat la CV-50 en el terme municipal de Cheste, a on el mes de febrer passat es va habilitar un acc\u00e9s provisional. La Generalitat treballa amb el Cegesem i col\u00b7labora amb <a class=\"mh-excerpt-more\" href=\"https:\/\/tucomarca.whitekongsoftware.com\/ca\/la-generalitat-supervisa-les-obres-de-les-carreteres-afectades-per-les-inundacions-doctubre-durant-el-nou-episodi-de-pluges\/\" title=\"La Generalitat supervisa les obres de les carreteres afectades per les inundacions d\u2019octubre durant el nou episodi de pluges\">[+] <\/a><\/div>\n","protected":false},"author":13,"featured_media":256958,"comment_status":"open","ping_status":"open","sticky":false,"template":"","format":"standard","meta":{"footnotes":""},"categories":[21466,10898,10948,10894,10904,10912,10903,10947,10896,10897,10974],"tags":[11071,15409,12903,11199,10914,12166],"class_list":["post-256960","post","type-post","status-publish","format-standard","has-post-thumbnail","category-dana-ca","category-ventana-ca","category-infraestructuras-ca","category-la-comarca-ca","category-sin-categorizar-ca","category-la-hoya-ca","category-medio-ambiente-la-comarca-ca","category-politica","category-seccion-ca","category-sucesos-la-comarca-ca","category-cheste-ca","tag-cheste","tag-dana-2-ca","tag-infraestructuras-ca","tag-la-comunitat-ca","tag-la-hoya-de-bunol-chiva-ca","tag-medio-ambiente-ca"],"_links":{"self":[{"href":"https:\/\/tucomarca.whitekongsoftware.com\/ca\/wp-json\/wp\/v2\/posts\/256960","targetHints":{"allow":["GET"]}}],"collection":[{"href":"https:\/\/tucomarca.whitekongsoftware.com\/ca\/wp-json\/wp\/v2\/posts"}],"about":[{"href":"https:\/\/tucomarca.whitekongsoftware.com\/ca\/wp-json\/wp\/v2\/types\/post"}],"author":[{"embeddable":true,"href":"https:\/\/tucomarca.whitekongsoftware.com\/ca\/wp-json\/wp\/v2\/users\/13"}],"replies":[{"embeddable":true,"href":"https:\/\/tucomarca.whitekongsoftware.com\/ca\/wp-json\/wp\/v2\/comments?post=256960"}],"version-history":[{"count":0,"href":"https:\/\/tucomarca.whitekongsoftware.com\/ca\/wp-json\/wp\/v2\/posts\/256960\/revisions"}],"wp:featuredmedia":[{"embeddable":true,"href":"https:\/\/tucomarca.whitekongsoftware.com\/ca\/wp-json\/wp\/v2\/media\/256958"}],"wp:attachment":[{"href":"https:\/\/tucomarca.whitekongsoftware.com\/ca\/wp-json\/wp\/v2\/media?parent=256960"}],"wp:term":[{"taxonomy":"category","embeddable":true,"href":"https:\/\/tucomarca.whitekongsoftware.com\/ca\/wp-json\/wp\/v2\/categories?post=256960"},{"taxonomy":"post_tag","embeddable":true,"href":"https:\/\/tucomarca.whitekongsoftware.com\/ca\/wp-json\/wp\/v2\/tags?post=256960"}],"curies":[{"name":"wp","href":"https:\/\/api.w.org\/{rel}","templated":true}]}}