{"id":256772,"date":"2025-03-05T12:45:00","date_gmt":"2025-03-05T11:45:00","guid":{"rendered":"https:\/\/www.tucomarca.com\/wordpress\/segunda\/?p=256772"},"modified":"2025-03-05T20:18:59","modified_gmt":"2025-03-05T19:18:59","slug":"les-classes-romandran-suspeses-aquest-dijous-en-tota-la-comunitat-valenciana","status":"publish","type":"post","link":"https:\/\/tucomarca.whitekongsoftware.com\/ca\/les-classes-romandran-suspeses-aquest-dijous-en-tota-la-comunitat-valenciana\/","title":{"rendered":"Les classes romandran suspeses aquest dijous en tota la Comunitat Valenciana"},"content":{"rendered":"\n<p class=\"wp-block-paragraph\">El Centre de Coordinaci\u00f3 d&#8217;Emerg\u00e8ncies ha confirmat que l&#8217;alerta taronja per pluges i forts vents es mant\u00e9 activa en tota la Comunitat Valenciana. Davant aquesta situaci\u00f3, es mantindran suspeses les classes en tots els centres educatius aquest dijous 6 de mar\u00e7.<\/p>\n\n\n\n<p class=\"wp-block-paragraph\">A m\u00e9s, seguiran tancades les instal\u00b7lacions esportives, parcs i jardins com a mesura de prevenci\u00f3 davant possibles incid\u00e8ncies derivades del temporal.<\/p>\n\n\n\n<p class=\"wp-block-paragraph\">Les autoritats insisteixen en la import\u00e0ncia d&#8217;extremar la precauci\u00f3 i evitar despla\u00e7aments innecessaris, especialment en zones pr\u00f2ximes a llits i barrancs, a causa del risc de crescudes sobtades.<\/p>\n","protected":false},"excerpt":{"rendered":"<div class=\"mh-excerpt\">El Centre de Coordinaci\u00f3 d&#8217;Emerg\u00e8ncies ha confirmat que l&#8217;alerta taronja per pluges i forts vents es mant\u00e9 activa en tota la Comunitat Valenciana. Davant aquesta situaci\u00f3, es mantindran suspeses les classes en tots els centres <a class=\"mh-excerpt-more\" href=\"https:\/\/tucomarca.whitekongsoftware.com\/ca\/les-classes-romandran-suspeses-aquest-dijous-en-tota-la-comunitat-valenciana\/\" title=\"Les classes romandran suspeses aquest dijous en tota la Comunitat Valenciana\">[+] <\/a><\/div>\n","protected":false},"author":12,"featured_media":148061,"comment_status":"open","ping_status":"open","sticky":false,"template":"","format":"standard","meta":{"footnotes":""},"categories":[21466,10898,10948,10894,10904,10903,10947,10896,10897],"tags":[13455,11497,15409,11351],"class_list":["post-256772","post","type-post","status-publish","format-standard","has-post-thumbnail","category-dana-ca","category-ventana-ca","category-infraestructuras-ca","category-la-comarca-ca","category-sin-categorizar-ca","category-medio-ambiente-la-comarca-ca","category-politica","category-seccion-ca","category-sucesos-la-comarca-ca","tag-centro-de-coordinador-de-emergencias-ca","tag-comunitat-valenciana-ca","tag-dana-2-ca","tag-lluvias-ca"],"_links":{"self":[{"href":"https:\/\/tucomarca.whitekongsoftware.com\/ca\/wp-json\/wp\/v2\/posts\/256772","targetHints":{"allow":["GET"]}}],"collection":[{"href":"https:\/\/tucomarca.whitekongsoftware.com\/ca\/wp-json\/wp\/v2\/posts"}],"about":[{"href":"https:\/\/tucomarca.whitekongsoftware.com\/ca\/wp-json\/wp\/v2\/types\/post"}],"author":[{"embeddable":true,"href":"https:\/\/tucomarca.whitekongsoftware.com\/ca\/wp-json\/wp\/v2\/users\/12"}],"replies":[{"embeddable":true,"href":"https:\/\/tucomarca.whitekongsoftware.com\/ca\/wp-json\/wp\/v2\/comments?post=256772"}],"version-history":[{"count":0,"href":"https:\/\/tucomarca.whitekongsoftware.com\/ca\/wp-json\/wp\/v2\/posts\/256772\/revisions"}],"wp:featuredmedia":[{"embeddable":true,"href":"https:\/\/tucomarca.whitekongsoftware.com\/ca\/wp-json\/wp\/v2\/media\/148061"}],"wp:attachment":[{"href":"https:\/\/tucomarca.whitekongsoftware.com\/ca\/wp-json\/wp\/v2\/media?parent=256772"}],"wp:term":[{"taxonomy":"category","embeddable":true,"href":"https:\/\/tucomarca.whitekongsoftware.com\/ca\/wp-json\/wp\/v2\/categories?post=256772"},{"taxonomy":"post_tag","embeddable":true,"href":"https:\/\/tucomarca.whitekongsoftware.com\/ca\/wp-json\/wp\/v2\/tags?post=256772"}],"curies":[{"name":"wp","href":"https:\/\/api.w.org\/{rel}","templated":true}]}}