{"id":256704,"date":"2025-03-05T10:25:00","date_gmt":"2025-03-05T09:25:00","guid":{"rendered":"https:\/\/www.tucomarca.com\/wordpress\/segunda\/?p=256704"},"modified":"2025-03-05T14:50:27","modified_gmt":"2025-03-05T13:50:27","slug":"el-5861-de-les-families-de-la-comunitat-valenciana-han-participat-en-leleccio-de-la-llengua-base-per-als-seus-fills","status":"publish","type":"post","link":"https:\/\/tucomarca.whitekongsoftware.com\/ca\/el-5861-de-les-families-de-la-comunitat-valenciana-han-participat-en-leleccio-de-la-llengua-base-per-als-seus-fills\/","title":{"rendered":"El 58,61 % de les fam\u00edlies de la Comunitat Valenciana han participat en l\u2019elecci\u00f3 de la llengua base per als seus fills"},"content":{"rendered":"\n<h3 class=\"wp-block-heading\">La major participaci\u00f3 s\u2019ha registrat en les fam\u00edlies d\u2019alumnat d\u2019Infantil, a continuaci\u00f3 Prim\u00e0ria i finalment ESO.<\/h3>\n\n\n\n<h3 class=\"wp-block-heading\">La prov\u00edncia de Castell\u00f3 registra la major participaci\u00f3 amb un 59,81 %, seguida de Val\u00e8ncia amb 58,81 % i Alacant amb un 57, 96 %.<\/h3>\n\n\n\n<h3 class=\"wp-block-heading\">El conseller d\u2019Educaci\u00f3 reitera que la planificaci\u00f3 educativa es far\u00e0 sobre la base del que han triat les fam\u00edlies.<\/h3>\n\n\n\n<p class=\"wp-block-paragraph\">El 58,61 % de les fam\u00edlies que estaven cridades a votar en l\u2019elecci\u00f3 de la llengua base per als seus fills ha participat en el proc\u00e9s celebrat entre el 25 de febrer i el 4 de mar\u00e7. Este percentatge suposa que 339.411 fam\u00edlies han exercit el seu dret d\u2019elecci\u00f3 d\u2019un total de 579.082.<\/p>\n\n\n\n<p class=\"wp-block-paragraph\">En la consulta es triava la llengua base -m\u00e9s castell\u00e0 o m\u00e9s valenci\u00e0- que s\u2019aplicar\u00e0 a partir del curs 2025-2026. En esta estaven cridades a participar les fam\u00edlies d\u2019alumnat de centres p\u00fablics o concertats d\u2019Infantil, Prim\u00e0ria i els tres primers cursos d\u2019Educaci\u00f3 Secund\u00e0ria Obligat\u00f2ria.<\/p>\n\n\n\n<p class=\"wp-block-paragraph\">El conseller d\u2019Educaci\u00f3, Cultura, Universitats i Ocupaci\u00f3, Jos\u00e9 Antonio Rovira, ha presentat en roda de premsa els resultats de participaci\u00f3 en la consulta, juntament amb el secretari auton\u00f2mic d\u2019Educaci\u00f3, Daniel McEvoy, i el director general d\u2019Ordenaci\u00f3 Educativa i Pol\u00edtica Ling\u00fc\u00edstica, Ignacio Mart\u00ednez. Rovira ha assenyalat que es tracta d\u2019un percentatge de participaci\u00f3 \u201cd\u2019\u00e8xit\u201d i ha reiterat que la planificaci\u00f3 educativa es far\u00e0 sobre la base del que han triat les fam\u00edlies.<\/p>\n\n\n\n<p class=\"wp-block-paragraph\">\u201cLa participaci\u00f3 ha fregat el 60 %, la qual cosa suposa un avan\u00e7 molt important en la representativitat de les fam\u00edlies per a estes preses de decisions, davant de la situaci\u00f3 actual, en la qual els consells escolars fixaven estos programes\u201d, ha manifestat Rovira. El conseller ha recordat que en estos consells la representaci\u00f3 de les fam\u00edlies \u00e9s 6 vegades inferior, \u201cja que el percentatge de participaci\u00f3 \u00e9s pr\u00f2xim al 10-11 % (en l\u2019\u00faltim proc\u00e9s electoral de 2023, un 10,93 % en total de participaci\u00f3, 11,41 % en centres p\u00fablics i 9,31 % en concertats)\u201d, ha recordat el conseller.<\/p>\n\n\n\n<p class=\"wp-block-paragraph\">Per prov\u00edncies, la major participaci\u00f3 s\u2019ha registrat en la prov\u00edncia de Castell\u00f3, amb un 59,81 %, seguida de Val\u00e8ncia amb 58,81 % i Alacant amb un 57, 96 %.<\/p>\n\n\n\n<p class=\"wp-block-paragraph\"><strong>Distribuci\u00f3 per nivells<\/strong><\/p>\n\n\n\n<p class=\"wp-block-paragraph\">Quant a la distribuci\u00f3 per nivells, la participaci\u00f3 m\u00e9s alta ha sigut la de les fam\u00edlies d\u2019alumnat d\u2019Infantil, des de 3 anys fins a 1r de Prim\u00e0ria, la qual cosa correspon a fam\u00edlies els fills de les quals estaran el pr\u00f2xim curs en all\u00f2 que la Llei de llibertat educativa diu \u2018ensenyances inicials\u2019, en les quals la clau \u00e9s aprendre a llegir i escriure, i a on la llengua base t\u00e9 un major pes.<\/p>\n\n\n\n<p class=\"wp-block-paragraph\">La participaci\u00f3 en Educaci\u00f3 Infantil s\u2019ha situat en termes globals en el 65,92 %, arribant al 67,86 % en el cas de l\u2019alumnat de tres anys. \u201cDes d\u2019Educaci\u00f3 sempre hem mantingut que les fam\u00edlies tenen dret al fet que els seus fills cursen estes primeres ensenyances en la seua llengua habitual\u201d, ha manifestat Jos\u00e9 Antonio Rovira.<\/p>\n\n\n\n<p class=\"wp-block-paragraph\">Quant a Educaci\u00f3 Prim\u00e0ria, la participaci\u00f3 global ha sigut del 61,27 %. De 2n a 5t de Prim\u00e0ria, el percentatge de participaci\u00f3 est\u00e0 entre el 60-65 %. La resta de cursos, de 6t de Prim\u00e0ria a 3r d\u2019ESO (alumnes que estaran en ESO l\u2019any que ve), la participaci\u00f3 est\u00e0 en una mitjana del 50 %.<\/p>\n\n\n\n<p class=\"wp-block-paragraph\"><strong>Participaci\u00f3 per comarques<\/strong><\/p>\n\n\n\n<p class=\"wp-block-paragraph\">El conseller ha explicat que a les comarques de zona de predomini ling\u00fc\u00edstic valenci\u00e0 s\u2019ha registrat una major participaci\u00f3 que en les de zona de predomini ling\u00fc\u00edstic castell\u00e0.<\/p>\n\n\n\n<p class=\"wp-block-paragraph\">En la prov\u00edncia d\u2019Alacant les dades per comarques s\u00f3n les seg\u00fcents: el Comtat (73,28 %), l\u2019Alt Vinalop\u00f3 (57,79 %), Baix Vinalop\u00f3 (62,49 %), el Baix Segura (46,70 %), el Vinalop\u00f3 Mitj\u00e0 (62,27 %), l\u2019Alacant\u00ed (60,92 %), la Marina Alta (56,58 %), la Marina Baixa (53,95 %) i l\u2019Alcoi\u00e0 (70,21 %).<\/p>\n\n\n\n<p class=\"wp-block-paragraph\">En la prov\u00edncia de Castell\u00f3 les dades per comarques s\u00f3n les seg\u00fcents: els Ports (67,26 %), l\u2019Alt Millars (55,43 %), l\u2019Alt Pal\u00e0ncia (59,60 %), el Baix Maestrat (52,19 %), l\u2019Alcalat\u00e9n (57,17 %), la Plana Alta (61,91 %), la Plana Baixa (60,26 %) i Alt Maestrat (64,55 %).<\/p>\n\n\n\n<p class=\"wp-block-paragraph\">Finalment, en la prov\u00edncia de Val\u00e8ncia, la participaci\u00f3 per comarques ha sigut la seg\u00fcent: la Vall d\u2019Albaida (66,99 %), el Camp de Morvedre (57,64 %), el Camp de T\u00faria (60,28 %), Rac\u00f3 d\u2019Adem\u00fas (38,32 %), la Vall de Cofrents-Aiora (61,90 %), la Canal de Navarr\u00e9s (55,07 %), la Costera (64,82 %), la Foia de Bunyol (45,17 %), la Plana d\u2019Utiel-Requena (56,61 %), la Ribera Alta (53,71 %), la Ribera Baixa (61,38 %), la Safor (59,57 %), la Serrania (54,53 %), l\u2019Horta Nord (59,72 %), l\u2019Horta Sud (57,06 %) i Val\u00e8ncia (60,34 %).<\/p>\n\n\n\n<p class=\"wp-block-paragraph\">Es poden consultar el conjunt de les dades&nbsp;<a href=\"https:\/\/ceice.gva.es\/documents\/161634256\/390634412\/Participacion_consulta.pdf\/a6bb9a3e-c2d9-aef9-a3c3-d392e89512ec?t=1741174085743\">ac\u00ed<\/a>.<\/p>\n","protected":false},"excerpt":{"rendered":"<div class=\"mh-excerpt\">La major participaci\u00f3 s\u2019ha registrat en les fam\u00edlies d\u2019alumnat d\u2019Infantil, a continuaci\u00f3 Prim\u00e0ria i finalment ESO. La prov\u00edncia de Castell\u00f3 registra la major participaci\u00f3 amb un 59,81 %, seguida de Val\u00e8ncia amb 58,81 % i <a class=\"mh-excerpt-more\" href=\"https:\/\/tucomarca.whitekongsoftware.com\/ca\/el-5861-de-les-families-de-la-comunitat-valenciana-han-participat-en-leleccio-de-la-llengua-base-per-als-seus-fills\/\" title=\"El 58,61 % de les fam\u00edlies de la Comunitat Valenciana han participat en l\u2019elecci\u00f3 de la llengua base per als seus fills\">[+] <\/a><\/div>\n","protected":false},"author":13,"featured_media":256702,"comment_status":"open","ping_status":"open","sticky":false,"template":"","format":"standard","meta":{"footnotes":""},"categories":[10898,10948,10894,10904,11007,10947,10896],"tags":[12114,11199,15856],"class_list":["post-256704","post","type-post","status-publish","format-standard","has-post-thumbnail","category-ventana-ca","category-infraestructuras-ca","category-la-comarca-ca","category-sin-categorizar-ca","category-ocio-y-cultura-ca","category-politica","category-seccion-ca","tag-educacion-ca","tag-la-comunitat-ca","tag-ocio-y-cultura-ca"],"_links":{"self":[{"href":"https:\/\/tucomarca.whitekongsoftware.com\/ca\/wp-json\/wp\/v2\/posts\/256704","targetHints":{"allow":["GET"]}}],"collection":[{"href":"https:\/\/tucomarca.whitekongsoftware.com\/ca\/wp-json\/wp\/v2\/posts"}],"about":[{"href":"https:\/\/tucomarca.whitekongsoftware.com\/ca\/wp-json\/wp\/v2\/types\/post"}],"author":[{"embeddable":true,"href":"https:\/\/tucomarca.whitekongsoftware.com\/ca\/wp-json\/wp\/v2\/users\/13"}],"replies":[{"embeddable":true,"href":"https:\/\/tucomarca.whitekongsoftware.com\/ca\/wp-json\/wp\/v2\/comments?post=256704"}],"version-history":[{"count":0,"href":"https:\/\/tucomarca.whitekongsoftware.com\/ca\/wp-json\/wp\/v2\/posts\/256704\/revisions"}],"wp:featuredmedia":[{"embeddable":true,"href":"https:\/\/tucomarca.whitekongsoftware.com\/ca\/wp-json\/wp\/v2\/media\/256702"}],"wp:attachment":[{"href":"https:\/\/tucomarca.whitekongsoftware.com\/ca\/wp-json\/wp\/v2\/media?parent=256704"}],"wp:term":[{"taxonomy":"category","embeddable":true,"href":"https:\/\/tucomarca.whitekongsoftware.com\/ca\/wp-json\/wp\/v2\/categories?post=256704"},{"taxonomy":"post_tag","embeddable":true,"href":"https:\/\/tucomarca.whitekongsoftware.com\/ca\/wp-json\/wp\/v2\/tags?post=256704"}],"curies":[{"name":"wp","href":"https:\/\/api.w.org\/{rel}","templated":true}]}}