{"id":256663,"date":"2025-03-05T09:00:00","date_gmt":"2025-03-05T08:00:00","guid":{"rendered":"https:\/\/www.tucomarca.com\/wordpress\/segunda\/?p=256663"},"modified":"2025-03-05T14:46:32","modified_gmt":"2025-03-05T13:46:32","slug":"el-teatre-rialto-programa-cossos-celestes-un-projecte-de-ciencia-i-ficcio-documental","status":"publish","type":"post","link":"https:\/\/tucomarca.whitekongsoftware.com\/ca\/el-teatre-rialto-programa-cossos-celestes-un-projecte-de-ciencia-i-ficcio-documental\/","title":{"rendered":"El Teatre Rialto programa \u2018Cossos celestes\u2019, un projecte de ci\u00e8ncia i ficci\u00f3 documental"},"content":{"rendered":"\n<h3 class=\"wp-block-heading\">L\u2019espectacle d\u2019AzkonaToloza aborda la guerra futura per la conquesta de l\u2019espai.<\/h3>\n\n\n\n<h3 class=\"wp-block-heading\">Es podr\u00e0 vore del 6 al 9 de mar\u00e7.<\/h3>\n\n\n\n<p class=\"wp-block-paragraph\">L\u2019Institut Valenci\u00e0 de Cultura, dependent de la Conselleria d\u2019Educaci\u00f3, Cultura, Universitats i Ocupaci\u00f3, porta al Teatre Rialto de Val\u00e8ncia&nbsp;<em>Cuerpos celestes<\/em>, d\u2019AzkonaToloza, un projecte esc\u00e8nic documental de ci\u00e8ncia i ficci\u00f3 que aborda la guerra futura per la conquesta de l\u2019espai.<\/p>\n\n\n\n<p class=\"wp-block-paragraph\">L\u2019espectacle, que es podr\u00e0 vore del 6 al 9 de mar\u00e7, \u00e9s la segona pe\u00e7a esc\u00e8nica de la s\u00e8rie&nbsp;<em>Falla<\/em>, un projecte documental sobre el futur i la colonitzaci\u00f3 de l\u2019espai a la busca de nous recursos naturals. Tot aix\u00f2 constitu\u00efx el tel\u00f3 de fons d\u2019una nova carrera espacial.<\/p>\n\n\n\n<p class=\"wp-block-paragraph\">El dispositiu esc\u00e8nic constru\u00efx, al mateix temps, tres realitats diferents: un fals documental titulat&nbsp;<em>Valentina K que est\u00e1s en los cielos<\/em>, una pe\u00e7a de v\u00eddeo creaci\u00f3 en directe titulada&nbsp;<em>Una carta desde el Mar de Sharp<\/em>&nbsp;i una confer\u00e8ncia que porta per t\u00edtol&nbsp;<em>Un chingo de cosas que debieses saber antes de salir a conquistar el universo<\/em>.<\/p>\n\n\n\n<p class=\"wp-block-paragraph\"><em>Cuerpos celestes<\/em>&nbsp;examina l\u2019extractivisme i els l\u00edmits minerals del planeta des del prisma de la ci\u00e8ncia-ficci\u00f3. En paraules dels seus creadors, \u201ces tracta d\u2019un viatge po\u00e8tic per l\u2019espai i una pregunta llan\u00e7ada al futur: repetirem els mateixos errors del passat o serem capa\u00e7os d\u2019imaginar noves maneres de relacionar-nos amb l\u2019univers?\u201d.<\/p>\n\n\n\n<p class=\"wp-block-paragraph\">Per a fer-ho, oferix un dispositiu esc\u00e8nic que constru\u00efx, al mateix temps, tres realitats diferents que s\u2019entrellacen per a donar forma a un text basat en el concepte de la realitat especulativa.<\/p>\n\n\n\n<p class=\"wp-block-paragraph\">Laida Azkona Go\u00f1i i Txalo Toloza-Fern\u00e1ndez s\u00f3n els protagonistes d\u2019esta pe\u00e7a que compta amb la dramat\u00fargia d\u2019AzkonaToloza en col\u00b7laboraci\u00f3 amb Raquel Cors Munt.<\/p>\n\n\n\n<p class=\"wp-block-paragraph\"><strong>Taller per a professionals<\/strong><\/p>\n\n\n\n<p class=\"wp-block-paragraph\">Coincidint amb esta representaci\u00f3, la Direcci\u00f3 Adjunta d\u2019Arts Esc\u00e8niques de l\u2019IVC ha organitzat el taller per a professionals \u2018Cualquier parecido con la realidad no es pura coincidencia\u2019, que es desenrotllar\u00e0 del 3 al 5 de mar\u00e7 en la sala 7 del Teatre Rialto.<\/p>\n\n\n\n<p class=\"wp-block-paragraph\">L\u2019objectiu d\u2019este taller \u00e9s acostar la metodologia de treball d\u2019AzkonaToloza (Laida Azkona Go\u00f1i i Txalo Toloza-Fern\u00e1ndez) basada a construir nous relats a partir de la investigaci\u00f3, la recuperaci\u00f3 d\u2019hist\u00f2ries i de dades reals que ens permeten comprendre les complexes l\u00ednies de relaci\u00f3 entre els fets que donen forma al nostre passat i al nostre present.<\/p>\n\n\n\n<p class=\"wp-block-paragraph\">Les entrades es poden adquirir en taquilles del teatre o en la&nbsp;<a href=\"https:\/\/taquilla.ivc.gva.es\/es\/espectaculo\/cuerpos-celestes\/CUERPOSCEL\">taquilla en l\u00ednia de l\u2019IVC<\/a>.<\/p>\n","protected":false},"excerpt":{"rendered":"<div class=\"mh-excerpt\">L\u2019espectacle d\u2019AzkonaToloza aborda la guerra futura per la conquesta de l\u2019espai. Es podr\u00e0 vore del 6 al 9 de mar\u00e7. L\u2019Institut Valenci\u00e0 de Cultura, dependent de la Conselleria d\u2019Educaci\u00f3, Cultura, Universitats i Ocupaci\u00f3, porta al <a class=\"mh-excerpt-more\" href=\"https:\/\/tucomarca.whitekongsoftware.com\/ca\/el-teatre-rialto-programa-cossos-celestes-un-projecte-de-ciencia-i-ficcio-documental\/\" title=\"El Teatre Rialto programa \u2018Cossos celestes\u2019, un projecte de ci\u00e8ncia i ficci\u00f3 documental\">[+] <\/a><\/div>\n","protected":false},"author":13,"featured_media":256655,"comment_status":"open","ping_status":"open","sticky":false,"template":"","format":"standard","meta":{"footnotes":""},"categories":[11019,10904,11007,10896],"tags":[13274,17761,11199,15856],"class_list":["post-256663","post","type-post","status-publish","format-standard","has-post-thumbnail","category-agenda-ca","category-sin-categorizar-ca","category-ocio-y-cultura-ca","category-seccion-ca","tag-institut-valencia-de-cultura-ca","tag-ivc-ca","tag-la-comunitat-ca","tag-ocio-y-cultura-ca"],"_links":{"self":[{"href":"https:\/\/tucomarca.whitekongsoftware.com\/ca\/wp-json\/wp\/v2\/posts\/256663","targetHints":{"allow":["GET"]}}],"collection":[{"href":"https:\/\/tucomarca.whitekongsoftware.com\/ca\/wp-json\/wp\/v2\/posts"}],"about":[{"href":"https:\/\/tucomarca.whitekongsoftware.com\/ca\/wp-json\/wp\/v2\/types\/post"}],"author":[{"embeddable":true,"href":"https:\/\/tucomarca.whitekongsoftware.com\/ca\/wp-json\/wp\/v2\/users\/13"}],"replies":[{"embeddable":true,"href":"https:\/\/tucomarca.whitekongsoftware.com\/ca\/wp-json\/wp\/v2\/comments?post=256663"}],"version-history":[{"count":0,"href":"https:\/\/tucomarca.whitekongsoftware.com\/ca\/wp-json\/wp\/v2\/posts\/256663\/revisions"}],"wp:featuredmedia":[{"embeddable":true,"href":"https:\/\/tucomarca.whitekongsoftware.com\/ca\/wp-json\/wp\/v2\/media\/256655"}],"wp:attachment":[{"href":"https:\/\/tucomarca.whitekongsoftware.com\/ca\/wp-json\/wp\/v2\/media?parent=256663"}],"wp:term":[{"taxonomy":"category","embeddable":true,"href":"https:\/\/tucomarca.whitekongsoftware.com\/ca\/wp-json\/wp\/v2\/categories?post=256663"},{"taxonomy":"post_tag","embeddable":true,"href":"https:\/\/tucomarca.whitekongsoftware.com\/ca\/wp-json\/wp\/v2\/tags?post=256663"}],"curies":[{"name":"wp","href":"https:\/\/api.w.org\/{rel}","templated":true}]}}