{"id":256621,"date":"2025-03-05T11:00:00","date_gmt":"2025-03-05T10:00:00","guid":{"rendered":"https:\/\/www.tucomarca.com\/wordpress\/segunda\/?p=256621"},"modified":"2025-03-05T12:12:15","modified_gmt":"2025-03-05T11:12:15","slug":"la-nova-crescuda-del-riu-bunyol-acaba-amb-les-ultimes-restes-del-pont-de-viachen-derruit-per-la-dana-del-29-doctubre","status":"publish","type":"post","link":"https:\/\/tucomarca.whitekongsoftware.com\/ca\/la-nova-crescuda-del-riu-bunyol-acaba-amb-les-ultimes-restes-del-pont-de-viachen-derruit-per-la-dana-del-29-doctubre\/","title":{"rendered":"La nova crescuda del riu Bunyol acaba amb les \u00faltimes restes del pont de Viach\u00e9n, derru\u00eft per la DANA del 29 d&#8217;octubre"},"content":{"rendered":"\n<p class=\"wp-block-paragraph\">Les intenses i prolongades pluges de les \u00faltimes hores han provocat un significatiu augment del cabal del riu Bunyol, la qual cosa ha provocat la desapareci\u00f3n per complet dels \u00faltims vestigis que quedaven del pont de Viach\u00e9n, que ja havia patit greus danys despr\u00e9s de la DANA del passat 29 d&#8217;octubre i que pr\u00e0cticament obligava a la seua completa demolici\u00f3.<\/p>\n\n\n\n<p class=\"wp-block-paragraph\">Aquest nou episodi de pluges persistents ha elevat l&#8217;acumulaci\u00f3 de precipitacions en la zona de manera notable, amb registres de m\u00e9s de 70 l\/m\u00b2 en les \u00faltimes 12 hores en algunes estacions de l&#8217;interior de Val\u00e8ncia.<\/p>\n\n\n\n<p class=\"wp-block-paragraph\">Les autoritats locals continuen avaluant els danys i recomanen extremar la precauci\u00f3 en zones pr\u00f2ximes a llits i barrancs, ja que l&#8217;episodi de pluges es preveu que continuar\u00e0 durant els pr\u00f2xims dies.<\/p>\n\n\n\n<p class=\"wp-block-paragraph\">Foto: <strong>Jos\u00e9 Luis Mont\u00f3n<\/strong><\/p>\n","protected":false},"excerpt":{"rendered":"<div class=\"mh-excerpt\">Les intenses i prolongades pluges de les \u00faltimes hores han provocat un significatiu augment del cabal del riu Bunyol, la qual cosa ha provocat la desapareci\u00f3n per complet dels \u00faltims vestigis que quedaven del pont <a class=\"mh-excerpt-more\" href=\"https:\/\/tucomarca.whitekongsoftware.com\/ca\/la-nova-crescuda-del-riu-bunyol-acaba-amb-les-ultimes-restes-del-pont-de-viachen-derruit-per-la-dana-del-29-doctubre\/\" title=\"La nova crescuda del riu Bunyol acaba amb les \u00faltimes restes del pont de Viach\u00e9n, derru\u00eft per la DANA del 29 d&#8217;octubre\">[+] <\/a><\/div>\n","protected":false},"author":12,"featured_media":256613,"comment_status":"open","ping_status":"open","sticky":false,"template":"","format":"standard","meta":{"footnotes":""},"categories":[10911,21466,10898,10948,10894,10904,10912,10903,10896,10897],"tags":[10913,15409,10914,21985,21986],"class_list":["post-256621","post","type-post","status-publish","format-standard","has-post-thumbnail","category-bunol-ca","category-dana-ca","category-ventana-ca","category-infraestructuras-ca","category-la-comarca-ca","category-sin-categorizar-ca","category-la-hoya-ca","category-medio-ambiente-la-comarca-ca","category-seccion-ca","category-sucesos-la-comarca-ca","tag-bunol-ca","tag-dana-2-ca","tag-la-hoya-de-bunol-chiva-ca","tag-puente-de-viachen-ca","tag-rio-bunol-ca"],"_links":{"self":[{"href":"https:\/\/tucomarca.whitekongsoftware.com\/ca\/wp-json\/wp\/v2\/posts\/256621","targetHints":{"allow":["GET"]}}],"collection":[{"href":"https:\/\/tucomarca.whitekongsoftware.com\/ca\/wp-json\/wp\/v2\/posts"}],"about":[{"href":"https:\/\/tucomarca.whitekongsoftware.com\/ca\/wp-json\/wp\/v2\/types\/post"}],"author":[{"embeddable":true,"href":"https:\/\/tucomarca.whitekongsoftware.com\/ca\/wp-json\/wp\/v2\/users\/12"}],"replies":[{"embeddable":true,"href":"https:\/\/tucomarca.whitekongsoftware.com\/ca\/wp-json\/wp\/v2\/comments?post=256621"}],"version-history":[{"count":0,"href":"https:\/\/tucomarca.whitekongsoftware.com\/ca\/wp-json\/wp\/v2\/posts\/256621\/revisions"}],"wp:featuredmedia":[{"embeddable":true,"href":"https:\/\/tucomarca.whitekongsoftware.com\/ca\/wp-json\/wp\/v2\/media\/256613"}],"wp:attachment":[{"href":"https:\/\/tucomarca.whitekongsoftware.com\/ca\/wp-json\/wp\/v2\/media?parent=256621"}],"wp:term":[{"taxonomy":"category","embeddable":true,"href":"https:\/\/tucomarca.whitekongsoftware.com\/ca\/wp-json\/wp\/v2\/categories?post=256621"},{"taxonomy":"post_tag","embeddable":true,"href":"https:\/\/tucomarca.whitekongsoftware.com\/ca\/wp-json\/wp\/v2\/tags?post=256621"}],"curies":[{"name":"wp","href":"https:\/\/api.w.org\/{rel}","templated":true}]}}