{"id":256563,"date":"2025-03-04T14:00:00","date_gmt":"2025-03-04T13:00:00","guid":{"rendered":"https:\/\/www.tucomarca.com\/wordpress\/segunda\/?p=256563"},"modified":"2025-03-04T21:28:30","modified_gmt":"2025-03-04T20:28:30","slug":"el-cecopal-dutiel-activa-dispositiu-especial-amb-motiu-de-lalerta-taronja-demergencies-davant-les-fortes-pluges","status":"publish","type":"post","link":"https:\/\/tucomarca.whitekongsoftware.com\/ca\/el-cecopal-dutiel-activa-dispositiu-especial-amb-motiu-de-lalerta-taronja-demergencies-davant-les-fortes-pluges\/","title":{"rendered":"El CECOPAL d&#8217;Utiel activa dispositiu especial amb motiu de l&#8217;alerta taronja d&#8217;emerg\u00e8ncies davant les fortes pluges"},"content":{"rendered":"\n<h3 class=\"wp-block-heading\">Es prorroga la cancel\u00b7laci\u00f3 d&#8217;activitats educatives i a l&#8217;aire lliure, el tancament de parcs i jardins, el tall al tr\u00e0nsit de vies pr\u00f2ximes al riu i es cancel\u00b7la el mercat municipal programat per a dem\u00e0.<\/h3>\n\n\n\n<h3 class=\"wp-block-heading\">L&#8217;alcalde d&#8217;Utiel, Ricardo Gabald\u00f3n, ha remarcat que s&#8217;ha activat el Pla d&#8217;Actuaci\u00f3 Municipal davant inundacions per a coordinar tots els recursos municipals i l&#8217;operatiu de personal i forces de seguretat per a prioritzar la seguretat de la ciutadania<\/h3>\n\n\n\n<p class=\"wp-block-paragraph\">Aquesta vesprada s&#8217;ha convocat reuni\u00f3 del Centre de Coordinaci\u00f3 Operativa Local (CECOPAL) per a analitzar l&#8217;evoluci\u00f3 de l&#8217;alerta d&#8217;emerg\u00e8ncies davant la previsi\u00f3 d&#8217;un episodi de fortes pluges que podria prolongar-se fins al dijous.<\/p>\n\n\n\n<p class=\"wp-block-paragraph\">L&#8217;alcalde d&#8217;Utiel, Ricardo Gabald\u00f3n, ha remarcat: \u201cHem activat el Pla d&#8217;Actuaci\u00f3 Municipal davant inundacions per a coordinar tots els recursos municipals i l&#8217;operatiu de personal i forces de seguretat per a prioritzar la seguretat de la ciutadania, amb especial seguiment d&#8217;embornals i zones inundables. Extremarem totes les precaucions davant aquest temporal que podria descarregar pluges intenses en el municipi\u201d.<\/p>\n\n\n\n<p class=\"wp-block-paragraph\">Com a accions preventives, l&#8217;Ajuntament d&#8217;Utiel prorroga les mesures adoptades ahir davant l&#8217;emerg\u00e8ncia per inundacions i mant\u00e9 acordant la seua pr\u00f2rroga fins que el nivell d&#8217;emerg\u00e8ncia a la prov\u00edncia decaiga. La suspensi\u00f3 d&#8217;activitats educatives i escolars, activitats a l&#8217;aire lliure i de car\u00e0cter esportiu, el tancament de parcs i jardins i el tall al tr\u00e0nsit en avinguda Riu Magre, carrer Cineasta Fidel Garc\u00eda Berlanga i carrer de La Torre a la qual se suma la cancel\u00b7laci\u00f3 del mercat municipal que se celebra els dimecres.<\/p>\n\n\n\n<p class=\"wp-block-paragraph\">La suspensi\u00f3 d&#8217;aquestes activitats i serveis romandr\u00e0 fins que el nivell d&#8217;emerg\u00e8ncia a la prov\u00edncia decaiga i s&#8217;informar\u00e0 puntualment de qualsevol actualitzaci\u00f3 o modificaci\u00f3 de mesures.<\/p>\n\n\n\n<p class=\"wp-block-paragraph\">Des de l&#8217;Ajuntament d&#8217;Utiel recomanem a la poblaci\u00f3 seguir els consells marcats pel Centre de Coordinaci\u00f3 d&#8217;Emerg\u00e8ncies i mantindre&#8217;s informada de l&#8217;evoluci\u00f3 del temporal a trav\u00e9s de canals oficials com 112 GVA, AEMET o el propi ajuntament.<\/p>\n","protected":false},"excerpt":{"rendered":"<div class=\"mh-excerpt\">Es prorroga la cancel\u00b7laci\u00f3 d&#8217;activitats educatives i a l&#8217;aire lliure, el tancament de parcs i jardins, el tall al tr\u00e0nsit de vies pr\u00f2ximes al riu i es cancel\u00b7la el mercat municipal programat per a dem\u00e0. <a class=\"mh-excerpt-more\" href=\"https:\/\/tucomarca.whitekongsoftware.com\/ca\/el-cecopal-dutiel-activa-dispositiu-especial-amb-motiu-de-lalerta-taronja-demergencies-davant-les-fortes-pluges\/\" title=\"El CECOPAL d&#8217;Utiel activa dispositiu especial amb motiu de l&#8217;alerta taronja d&#8217;emerg\u00e8ncies davant les fortes pluges\">[+] <\/a><\/div>\n","protected":false},"author":12,"featured_media":256561,"comment_status":"open","ping_status":"open","sticky":false,"template":"","format":"standard","meta":{"footnotes":""},"categories":[21466,10948,10894,10904,10903,10947,10909,10896,10897,11059],"tags":[21978,15409,10910,11174],"class_list":["post-256563","post","type-post","status-publish","format-standard","has-post-thumbnail","category-dana-ca","category-infraestructuras-ca","category-la-comarca-ca","category-sin-categorizar-ca","category-medio-ambiente-la-comarca-ca","category-politica","category-requena-utiel-ca","category-seccion-ca","category-sucesos-la-comarca-ca","category-utiel-ca","tag-cecopal-ca","tag-dana-2-ca","tag-requena-utiel-ca","tag-utiel-ca"],"_links":{"self":[{"href":"https:\/\/tucomarca.whitekongsoftware.com\/ca\/wp-json\/wp\/v2\/posts\/256563","targetHints":{"allow":["GET"]}}],"collection":[{"href":"https:\/\/tucomarca.whitekongsoftware.com\/ca\/wp-json\/wp\/v2\/posts"}],"about":[{"href":"https:\/\/tucomarca.whitekongsoftware.com\/ca\/wp-json\/wp\/v2\/types\/post"}],"author":[{"embeddable":true,"href":"https:\/\/tucomarca.whitekongsoftware.com\/ca\/wp-json\/wp\/v2\/users\/12"}],"replies":[{"embeddable":true,"href":"https:\/\/tucomarca.whitekongsoftware.com\/ca\/wp-json\/wp\/v2\/comments?post=256563"}],"version-history":[{"count":0,"href":"https:\/\/tucomarca.whitekongsoftware.com\/ca\/wp-json\/wp\/v2\/posts\/256563\/revisions"}],"wp:featuredmedia":[{"embeddable":true,"href":"https:\/\/tucomarca.whitekongsoftware.com\/ca\/wp-json\/wp\/v2\/media\/256561"}],"wp:attachment":[{"href":"https:\/\/tucomarca.whitekongsoftware.com\/ca\/wp-json\/wp\/v2\/media?parent=256563"}],"wp:term":[{"taxonomy":"category","embeddable":true,"href":"https:\/\/tucomarca.whitekongsoftware.com\/ca\/wp-json\/wp\/v2\/categories?post=256563"},{"taxonomy":"post_tag","embeddable":true,"href":"https:\/\/tucomarca.whitekongsoftware.com\/ca\/wp-json\/wp\/v2\/tags?post=256563"}],"curies":[{"name":"wp","href":"https:\/\/api.w.org\/{rel}","templated":true}]}}