{"id":256553,"date":"2025-03-04T12:00:00","date_gmt":"2025-03-04T11:00:00","guid":{"rendered":"https:\/\/www.tucomarca.com\/wordpress\/segunda\/?p=256553"},"modified":"2025-03-04T20:02:23","modified_gmt":"2025-03-04T19:02:23","slug":"marian-cano-denuncia-que-mes-de-la-mitat-de-les-empreses-seguixen-sense-cobrar-la-indemnitzacio-del-consorci-dassegurances-quatre-mesos-despres-de-la-riuada","status":"publish","type":"post","link":"https:\/\/tucomarca.whitekongsoftware.com\/ca\/marian-cano-denuncia-que-mes-de-la-mitat-de-les-empreses-seguixen-sense-cobrar-la-indemnitzacio-del-consorci-dassegurances-quatre-mesos-despres-de-la-riuada\/","title":{"rendered":"Mari\u00e1n Cano denuncia que m\u00e9s de la mitat de les empreses seguixen sense cobrar la indemnitzaci\u00f3 del Consorci d\u2019Assegurances quatre mesos despr\u00e9s de la riuada"},"content":{"rendered":"\n<p class=\"wp-block-paragraph\"><\/p>\n\n\n\n<h3 class=\"wp-block-heading\">La consellera d\u2019Innovaci\u00f3 ha clausurat este dilluns el Dia de l\u2019Empresa, organitzada per la Confederaci\u00f3 Empresarial de la Comunitat Valenciana.<\/h3>\n\n\n\n<h3 class=\"wp-block-heading\">Marian Cano ha destacat l\u2019esfor\u00e7 del Consell amb una inversi\u00f3 entorn de 1.800 milions d\u2019euros per a la reconstrucci\u00f3 i ha sol\u00b7licitat \u201cl\u2019activaci\u00f3 d\u2019un FLA extraordinari\u201d.<\/h3>\n\n\n\n<h3 class=\"wp-block-heading\">Per a la consellera, \u201c\u00e9s urgent solucionar el problema estructural d\u2019infrafinan\u00e7ament que patix la Comunitat Valenciana perqu\u00e8 no podem abordar la reconstrucci\u00f3 amb una m\u00e0 lligada a l\u2019esquena\u201d.<\/h3>\n\n\n\n<p class=\"wp-block-paragraph\">La consellera d\u2019Innovaci\u00f3, Ind\u00fastria, Comer\u00e7 i Turisme, Mari\u00e1n Cano, ha clausurat este dilluns la Jornada del Dia de l\u2019Empresa, organitzada per la Confederaci\u00f3 Empresarial de la Comunitat Valenciana. En el seu discurs ha destacat les iniciatives impulsades per la Generalitat per a la reconstrucci\u00f3 econ\u00f2mica i social despr\u00e9s de la riuada que va assolar la prov\u00edncia de Val\u00e8ncia en octubre. Paral\u00b7lelament, la consellera ha denunciat \u201cque m\u00e9s de la mitat de les empreses seguixen sense cobrar la indemnitzaci\u00f3 del Consorci d\u2019Assegurances quatre mesos despr\u00e9s\u201d.<\/p>\n\n\n\n<p class=\"wp-block-paragraph\">En la seua intervenci\u00f3, Cano ha esmentat en primer lloc l\u2019esfor\u00e7 conjunt que s\u2019est\u00e0 duent a terme per a superar els desafiaments derivats de la cat\u00e0strofe. Tal com ha exposat, \u201cfins hui, la Generalitat ha mobilitzat, comprom\u00e9s o gestionat al voltant de 1.800 milions d\u2019euros en contractes d\u2019emerg\u00e8ncia, ajudes i actuacions destinades a mitigar els efectes de la riuada. Entre estes mesures, s\u2019inclou un decret de 100 milions d\u2019euros en ajudes directes a empreses industrials, tur\u00edstiques, de servicis, comer\u00e7os i aut\u00f2noms amb empleats, de les quals ja s\u2019han abonat 76 milions, la qual cosa ha beneficiat 7.700 sol\u00b7licitants\u201d.<\/p>\n\n\n\n<p class=\"wp-block-paragraph\">La consellera tamb\u00e9 ha anunciat la posada en marxa del nou pla ARA Empreses a partir de mar\u00e7, dotat amb 120,8 milions d\u2019euros per a cobrir les necessitats espec\u00edfiques de les empreses en el seu proc\u00e9s de reconstrucci\u00f3.<\/p>\n\n\n\n<p class=\"wp-block-paragraph\">\u201cA m\u00e9s, pel que fa a aut\u00f2noms sense treballadors, es va aprovar un primer decret d\u2019ajudes amb 91,92 milions d\u2019euros, dels quals ja s\u2019han abonat 41,92 milions d\u2019euros a 13.300 sol\u00b7licitants; i acabem de tancar una segona convocat\u00f2ria que ha incl\u00f2s 15 municipis que no estaven en l\u2019anterior decret i ha rebut sol\u00b7licituds d\u2019altres 3.500 persones\u201d, ha puntualitzat Mari\u00e1n Cano.<\/p>\n\n\n\n<p class=\"wp-block-paragraph\">En mat\u00e8ria de liquiditat, la consellera ha recordat que \u201cs\u2019han habilitat 350 milions d\u2019euros en finan\u00e7ament bonificat a trav\u00e9s de l\u2019IVF i Af\u00ed SGR, amb cr\u00e8dits blans i condicions favorables per a aut\u00f2noms i empreses. Paral\u00b7lelament, la Generalitat ha destinat 10,8 milions d\u2019euros en ajudes a treballadors en ERTO i altres 32 milions per al sector de l\u2019automoci\u00f3 a trav\u00e9s del Mecanisme RED de flexibilitat i estabilitzaci\u00f3 de l\u2019ocupaci\u00f3\u201d.<\/p>\n\n\n\n<p class=\"wp-block-paragraph\">En l\u2019\u00e0mbit d\u2019infraestructures, s\u2019ha aconseguit restablir la circulaci\u00f3 en les 18 carreteres auton\u00f2miques afectades mitjan\u00e7ant contractes per quasi 75 milions d\u2019euros, mentres que 35 milions s\u2019han dirigit a la reconstrucci\u00f3 d\u2019infraestructures locals en 25 municipis. Aix\u00ed mateix, s\u2019han invertit m\u00e9s de 100 milions d\u2019euros en la recuperaci\u00f3 del servici de Metrovalencia, incloses la implantaci\u00f3 de l\u00ednies substitutives d\u2019autob\u00fas i la posada en servici del nou intercanviador a Val\u00e8ncia Sud.<\/p>\n\n\n\n<p class=\"wp-block-paragraph\">La Generalitat tamb\u00e9 ha prioritzat la recuperaci\u00f3 del sector primari, mobilitzant 72 milions en mesures per a explotacions agr\u00edcoles i ramaderes, a m\u00e9s de 20 milions en ajudes a infraestructures de regadiu. \u201cCap sector econ\u00f2mic es quedar\u00e0 arrere en este proc\u00e9s de reconstrucci\u00f3\u201d, ha subratllat Cano.<\/p>\n\n\n\n<p class=\"wp-block-paragraph\"><strong>Demandes al Govern d\u2019Espanya<\/strong><\/p>\n\n\n\n<p class=\"wp-block-paragraph\">No obstant aix\u00f2, la consellera tamb\u00e9 ha assenyalat els desafiaments pendents. \u201cHui dia, m\u00e9s de la mitat de les empreses industrials i comer\u00e7os afectats per la riuada no han rebut les indemnitzacions del Consorci d\u2019Assegurances. \u00c9s crucial que estos pagaments s\u2019agilitzen perqu\u00e8 puguen planificar el seu futur immediat\u201d, ha reclamat. A m\u00e9s, ha insistit \u201cen la necessitat d\u2019activar un FLA extraordinari per a la Comunitat Valenciana, aix\u00ed com la concessi\u00f3 d\u2019ajudes a fons perdut per part del Govern d\u2019Espanya per a finan\u00e7ar la reparaci\u00f3 de col\u00b7legis, centres de salut i resid\u00e8ncies\u201d.<\/p>\n\n\n\n<p class=\"wp-block-paragraph\">Aix\u00ed mateix, Cano ha instat el Govern a reconsiderar l\u2019exclusi\u00f3 de 28 municipis afectats de les ajudes estatals per a la reconstrucci\u00f3 d\u2019infraestructures municipals. \u201c\u00c9s injust que estes poblacions, amb 80.000 habitants, queden fora del pla d\u2019ajudes a pesar dels danys patits\u201d ha afegit.<\/p>\n\n\n\n<p class=\"wp-block-paragraph\">Finalment, ha reiterat la necessitat d\u2019establir una fiscalitat avantatjosa per als afectats i agilitzar la concessi\u00f3 de subvencions. Fins hui, l\u2019Administraci\u00f3 valenciana ha resolt 22.000 ajudes de primera necessitat per valor de 135 milions d\u2019euros, en contrast amb les 2.871 gestionades pel Govern d\u2019Espanya.<\/p>\n\n\n\n<p class=\"wp-block-paragraph\">Aix\u00ed mateix, Cano ha apuntat que \u201c\u00e9s urgent solucionar el problema estructural d\u2019infrafinan\u00e7ament que patix la Comunitat Valenciana i que ens situa com el territori pitjor finan\u00e7at d\u2019Espanya\u201d, perqu\u00e8 \u201cno podem abordar la reconstrucci\u00f3 amb una m\u00e0 lligada a l\u2019esquena\u201d.<\/p>\n\n\n\n<p class=\"wp-block-paragraph\">Per a afrontar els reptes pendents, Cano ha anunciat un proc\u00e9s d\u2019escolta activa amb els sectors afectats, aix\u00ed com la promoci\u00f3 de la col\u00b7laboraci\u00f3 publicoprivada. \u201cContinuarem implementant mesures estructurals com la simplificaci\u00f3 administrativa i la reducci\u00f3 de la c\u00e0rrega fiscal per a generar un entorn estable que afavorisca la inversi\u00f3 i la recuperaci\u00f3 econ\u00f2mica. Treballarem sense descans per a recuperar el que la riuada ens va arrabassar\u201d, ha concl\u00f2s.<\/p>\n","protected":false},"excerpt":{"rendered":"<div class=\"mh-excerpt\">La consellera d\u2019Innovaci\u00f3 ha clausurat este dilluns el Dia de l\u2019Empresa, organitzada per la Confederaci\u00f3 Empresarial de la Comunitat Valenciana. Marian Cano ha destacat l\u2019esfor\u00e7 del Consell amb una inversi\u00f3 entorn de 1.800 milions d\u2019euros <a class=\"mh-excerpt-more\" href=\"https:\/\/tucomarca.whitekongsoftware.com\/ca\/marian-cano-denuncia-que-mes-de-la-mitat-de-les-empreses-seguixen-sense-cobrar-la-indemnitzacio-del-consorci-dassegurances-quatre-mesos-despres-de-la-riuada\/\" title=\"Mari\u00e1n Cano denuncia que m\u00e9s de la mitat de les empreses seguixen sense cobrar la indemnitzaci\u00f3 del Consorci d\u2019Assegurances quatre mesos despr\u00e9s de la riuada\">[+] <\/a><\/div>\n","protected":false},"author":1,"featured_media":256549,"comment_status":"open","ping_status":"open","sticky":false,"template":"","format":"standard","meta":{"footnotes":""},"categories":[21466,10898,10948,10894,10904,10903,10947,10896,10897],"tags":[11327,15409,11498,21976],"class_list":["post-256553","post","type-post","status-publish","format-standard","has-post-thumbnail","category-dana-ca","category-ventana-ca","category-infraestructuras-ca","category-la-comarca-ca","category-sin-categorizar-ca","category-medio-ambiente-la-comarca-ca","category-politica","category-seccion-ca","category-sucesos-la-comarca-ca","tag-consorcio-ca","tag-dana-2-ca","tag-generalitat-valenciana-ca","tag-reconstruccion-ca"],"_links":{"self":[{"href":"https:\/\/tucomarca.whitekongsoftware.com\/ca\/wp-json\/wp\/v2\/posts\/256553","targetHints":{"allow":["GET"]}}],"collection":[{"href":"https:\/\/tucomarca.whitekongsoftware.com\/ca\/wp-json\/wp\/v2\/posts"}],"about":[{"href":"https:\/\/tucomarca.whitekongsoftware.com\/ca\/wp-json\/wp\/v2\/types\/post"}],"author":[{"embeddable":true,"href":"https:\/\/tucomarca.whitekongsoftware.com\/ca\/wp-json\/wp\/v2\/users\/1"}],"replies":[{"embeddable":true,"href":"https:\/\/tucomarca.whitekongsoftware.com\/ca\/wp-json\/wp\/v2\/comments?post=256553"}],"version-history":[{"count":0,"href":"https:\/\/tucomarca.whitekongsoftware.com\/ca\/wp-json\/wp\/v2\/posts\/256553\/revisions"}],"wp:featuredmedia":[{"embeddable":true,"href":"https:\/\/tucomarca.whitekongsoftware.com\/ca\/wp-json\/wp\/v2\/media\/256549"}],"wp:attachment":[{"href":"https:\/\/tucomarca.whitekongsoftware.com\/ca\/wp-json\/wp\/v2\/media?parent=256553"}],"wp:term":[{"taxonomy":"category","embeddable":true,"href":"https:\/\/tucomarca.whitekongsoftware.com\/ca\/wp-json\/wp\/v2\/categories?post=256553"},{"taxonomy":"post_tag","embeddable":true,"href":"https:\/\/tucomarca.whitekongsoftware.com\/ca\/wp-json\/wp\/v2\/tags?post=256553"}],"curies":[{"name":"wp","href":"https:\/\/api.w.org\/{rel}","templated":true}]}}