{"id":256530,"date":"2025-03-04T12:15:00","date_gmt":"2025-03-04T11:15:00","guid":{"rendered":"https:\/\/www.tucomarca.com\/wordpress\/segunda\/?p=256530"},"modified":"2025-03-04T20:15:34","modified_gmt":"2025-03-04T19:15:34","slug":"el-consell-impulsa-la-reutilitzacio-de-recursos-hidrics-amb-una-inversio-historica-de-100-milions-deuros-en-sanejament-daigues-residuals","status":"publish","type":"post","link":"https:\/\/tucomarca.whitekongsoftware.com\/ca\/el-consell-impulsa-la-reutilitzacio-de-recursos-hidrics-amb-una-inversio-historica-de-100-milions-deuros-en-sanejament-daigues-residuals\/","title":{"rendered":"El Consell impulsa la reutilitzaci\u00f3 de recursos h\u00eddrics amb una inversi\u00f3 hist\u00f2rica de 100 milions d&#8217;euros en sanejament d&#8217;aig\u00fces residuals"},"content":{"rendered":"\n<h3 class=\"wp-block-heading\">El Ple aprova l&#8217;Estrat\u00e8gia Valenciana de Seguretat, Salut i Benestar Laboral 2025-2029, &#8220;que situar\u00e0 a les persones en el centre de la prevenci\u00f3\u201d.<\/h3>\n\n\n\n<h3 class=\"wp-block-heading\">Un nou decret regular\u00e0 les entitats col\u00b7laboradores de certificaci\u00f3 i els ens habilitats en l&#8217;\u00e0mbit de la simplificaci\u00f3 administrativa.<\/h3>\n\n\n\n<h3 class=\"wp-block-heading\">En mat\u00e8ria d&#8217;infraestructures, el Consell destina m\u00e9s de 6 milions a contractes d&#8217;emerg\u00e8ncia per a reparar danys ocasionats per la riuada.<\/h3>\n\n\n\n<p class=\"wp-block-paragraph\">El Consell ha autoritzat dues contractacions de l&#8217;Entitat P\u00fablica de Sanejament d&#8217;Aig\u00fces Residuals de la Comunitat Valenciana (EPSAR) per un total de 101,1 milions d&#8217;euros, \u201cuna actuaci\u00f3 que permetr\u00e0 situar a la Comunitat Valenciana al capdavant a Espanya mat\u00e8ria de reutilitzaci\u00f3 de recursos h\u00eddrics\u201d.<\/p>\n\n\n\n<p class=\"wp-block-paragraph\">Aix\u00ed ho ha traslladat la vicepresidenta primera i consellera de Serveis Socials, Igualtat i Habitatge, Susana Camarero, en la seua compareixen\u00e7a davant els mitjans de comunicaci\u00f3 per a donar compte dels assumptes aprovats en els plens ordinari i extraordinari celebrats aquest dimarts.<\/p>\n\n\n\n<p class=\"wp-block-paragraph\">La primera d&#8217;aquestes contractacions compta amb una inversi\u00f3 de 18,7 milions d&#8217;euros i permetr\u00e0 l&#8217;ampliaci\u00f3 de l&#8217;Estaci\u00f3 Depuradora d&#8217;Aig\u00fces Residuals (EDAR) \u2018Sector 13\u2019 a Riba-roja de T\u00faria, unificant el tractament d&#8217;aig\u00fces residuals i millorant la seua depuraci\u00f3, reduint costos i afavorint la reutilitzaci\u00f3 de l&#8217;aigua d&#8217;aquesta zona.<\/p>\n\n\n\n<p class=\"wp-block-paragraph\">La segona, amb un pressupost de 82,4 milions d&#8217;euros, el major de la hist\u00f2ria de la EPSAR, correspon a la reforma de la EDAR de Algor\u00f3s a Elx, dins del Pla d&#8217;Obres de la EPSAR. \u201cAquest projecte modernitzar\u00e0 les instal\u00b7lacions per a complir amb els requisits legals d&#8217;abocament, permetr\u00e0 la reutilitzaci\u00f3 de l&#8217;aigua tractada i substituir\u00e0 la depuradora obsoleta\u201d, ha assenyalat la consellera.<\/p>\n\n\n\n<p class=\"wp-block-paragraph\">En aquest sentit, Cambrer ha remarcat que el 40% de l&#8217;aigua reutilitzada en tota Espanya es recicla en la Comunitat Valenciana \u201cgr\u00e0cies a aquesta mena d&#8217;accions\u201d i ha subratllat que aquesta actuaci\u00f3 \u00e9s una mostra que \u201cper fi hi ha plans anuals d&#8217;inversi\u00f3 en aig\u00fces residuals, que mai va haver-hi abans amb el Govern del Bot\u00e0nic, i que permetran acabar aquesta legislatura reutilitzant en la Comunitat Valenciana el 45% del total de l&#8217;aigua que es reutilitza a Espanya\u201d.<\/p>\n\n\n\n<p class=\"wp-block-paragraph\"><strong>Estrat\u00e8gia Valenciana de Seguretat, Salut i Benestar Laboral 2025-2029<\/strong><\/p>\n\n\n\n<p class=\"wp-block-paragraph\">El Consell tamb\u00e9 ha aprovat l&#8217;Estrat\u00e8gia Valenciana de Seguretat, Salut i Benestar Laboral 2025-2029, \u201cque situa a les persones en el centre de la prevenci\u00f3 i naix fruit del di\u00e0leg social del Govern valenci\u00e0 amb les organitzacions sindicals i empresarials m\u00e9s representatives\u201d, en la l\u00ednia marcada pel nou Marc Estrat\u00e8gic de la Uni\u00f3 Europea, en mat\u00e8ria de Seguretat i Salut en el Treball 2021-2027.<\/p>\n\n\n\n<p class=\"wp-block-paragraph\">&#8220;La seguretat, la salut i el benestar laboral s\u00f3n una prioritat per al Consell. Per aix\u00f2, amb aquesta estrat\u00e8gia, reforcem la prevenci\u00f3 i garantim entorns laborals m\u00e9s segurs en la Comunitat Valenciana\u201d, ha assegurat la portaveu del Consell.<\/p>\n\n\n\n<p class=\"wp-block-paragraph\">Els objectius clau d&#8217;aquesta actuaci\u00f3 s\u00f3n: enfortir la prevenci\u00f3 i la cultura de seguretat laboral; reduir accidents i malalties professionals; millorar les condicions de treball; i integrar la prevenci\u00f3 en la gesti\u00f3 d&#8217;empreses i administracions.<\/p>\n\n\n\n<p class=\"wp-block-paragraph\">Tamb\u00e9 s&#8217;inclouen mesures com el suport a pimes i aut\u00f2noms en prevenci\u00f3 de riscos; la formaci\u00f3 i sensibilitzaci\u00f3 en seguretat laboral; la protecci\u00f3 a col\u00b7lectius vulnerables i enfocament de g\u00e8nere i les actuacions enfront d&#8217;accidents i malalties professionals.<\/p>\n\n\n\n<p class=\"wp-block-paragraph\"><strong>Simplificaci\u00f3 administrativa<\/strong><\/p>\n\n\n\n<p class=\"wp-block-paragraph\">En sessi\u00f3 ordin\u00e0ria, el Consell a m\u00e9s ha aprovat el Decret pel qual es regulen les Entitats col\u00b7laboradores de certificaci\u00f3 i els Ens habilitats en l&#8217;\u00e0mbit de la simplificaci\u00f3 administrativa.<\/p>\n\n\n\n<p class=\"wp-block-paragraph\">Aquesta normativa permetr\u00e0 que aquestes entitats verifiquen la documentaci\u00f3 de manera pr\u00e8via a la seua presentaci\u00f3, pronunciant-se sobre la seua sufici\u00e8ncia i idone\u00eftat, a trav\u00e9s de la Certificaci\u00f3 Documental Acreditada. Aquesta certificaci\u00f3 assegura que la documentaci\u00f3 compleix amb els requisits legals pertinents, mantenint-se la facultat de l&#8217;Administraci\u00f3 per a sol\u00b7licitar l&#8217;esmena de qualsevol defici\u00e8ncia o insufici\u00e8ncia detectada.<\/p>\n\n\n\n<p class=\"wp-block-paragraph\">\u201cEs tracta d&#8217;una actuaci\u00f3 respon a la necessitat de facilitar el compliment de les obligacions ciutadanes, reduint la complexitat en les interaccions amb l&#8217;Administraci\u00f3, la qual cosa contribuir\u00e0 a una major agilitat i efic\u00e0cia en la tramitaci\u00f3 administrativa, millorant la relaci\u00f3 entre la ciutadania i l&#8217;Administraci\u00f3\u201d, ha indicat Susana Camarero<\/p>\n\n\n\n<p class=\"wp-block-paragraph\"><strong>Contrataciones d&#8217;emerg\u00e8ncia per a pal\u00b7liar els efectes de la dana<\/strong><\/p>\n\n\n\n<p class=\"wp-block-paragraph\">Durant la seua intervenci\u00f3, Cambrer ha detallat els contractes d&#8217;emerg\u00e8ncia dels quals el Consell ha pres ra\u00f3 en la sessi\u00f3 extraordin\u00e0ria d&#8217;aquest dimarts.<\/p>\n\n\n\n<p class=\"wp-block-paragraph\">En mat\u00e8ria d&#8217;infraestructures, s&#8217;ha referit a tres declaracions d&#8217;emerg\u00e8ncia per a la contractaci\u00f3 d&#8217;obres i serveis destinats a restablir infraestructures de Ferrocarrils de la Generalitat Valenciana (FGV), amb una inversi\u00f3 total de 11,9 milions d&#8217;euros.<\/p>\n\n\n\n<p class=\"wp-block-paragraph\">D&#8217;una banda, es destinaran 760.320 euros per a la reparaci\u00f3 del material m\u00f2bil auxiliar que estava situat a Val\u00e8ncia Sud de Metrovalencia, danyat pel desbordament del barranc del Pedr\u00eds. A m\u00e9s, altres 11 milions d&#8217;euros s&#8217;invertiran en la rehabilitaci\u00f3 de tallers, instal\u00b7lacions i equipament dels tallers de Val\u00e8ncia Sud de Metrovalencia, amb un termini d&#8217;execuci\u00f3 de sis mesos.<\/p>\n\n\n\n<p class=\"wp-block-paragraph\">A aquests se sumen altres 96.800 euros per a la contractaci\u00f3 de proves m\u00e8diques externes per al personal d&#8217;FGV a Val\u00e8ncia, a causa de la inutilitzaci\u00f3 de les instal\u00b7lacions m\u00e8diques per la dana.<\/p>\n\n\n\n<p class=\"wp-block-paragraph\">\u201cAquestes mesures garanteixen la recuperaci\u00f3 operativa dels serveis ferroviaris i el compliment dels est\u00e0ndards de seguretat i manteniment\u201d, ha destacat la vicepresidenta.<\/p>\n\n\n\n<p class=\"wp-block-paragraph\">El Consell a m\u00e9s ha considerat altres contractacions per a reparar infraestructures municipals danyades per la dana, amb una inversi\u00f3 total de 4,4 milions d&#8217;euros. Es tracta de la reconstrucci\u00f3 de passarel\u00b7les i ponts a Algemes\u00ed i Montserrat, a les quals es destinaran 4,2 milions d&#8217;euros i la reparaci\u00f3 de la instal\u00b7laci\u00f3 el\u00e8ctrica del Port de Cullera que comptaran amb una inversi\u00f3 215.793 euros\u201d, segons ha informat la consellera.<\/p>\n\n\n\n<p class=\"wp-block-paragraph\"><strong>Altres assumptes<\/strong><\/p>\n\n\n\n<p class=\"wp-block-paragraph\">D&#8217;altra banda, la consellera ha informat sobre l&#8217;autoritzaci\u00f3 a l&#8217;Advocacia General de la Generalitat per a exercir l&#8217;acci\u00f3 popular en el cas d&#8217;agressi\u00f3 amb resultat de mort de la jove de 15 anys, que va perdre la vida a mans, presumptament, de la seua exparella, tamb\u00e9 menor d&#8217;edat, el passat 24 de novembre a Oriola.<\/p>\n\n\n\n<p class=\"wp-block-paragraph\">Tamb\u00e9 ha apuntat que s&#8217;ha ratificat un acord entre l&#8217;Institut Superior d&#8217;Ensenyaments Art\u00edstics de la Comunitat Valenciana i el Palau de les Arts per a la formaci\u00f3 d&#8217;alumnes de l&#8217;Escola Superior d&#8217;Art Dram\u00e0tic i el Conservatori Superior de M\u00fasica de Val\u00e8ncia, \u201cpermetent-los participar en produccions d&#8217;\u00f2pera, sessions t\u00e8cniques i presentacions en les seues instal\u00b7lacions\u201d.<\/p>\n\n\n\n<p class=\"wp-block-paragraph\">A m\u00e9s, ha afegit que el Consell ha aprovat un segon decret pel qual es creen i regulen els premis \u2018Turisme Comunitat Valenciana\u2019, i que suposen el reconeixement del Consell al sector tur\u00edstic en el seu conjunt i als professionals, empresaris, persones treballadores o institucions que, \u201camb el seu esfor\u00e7 i dedicaci\u00f3, contribueixen a la consolidaci\u00f3 del prestigi i el reconeixement de la Comunitat Valenciana, com una destinaci\u00f3 tur\u00edstica d&#8217;excel\u00b7l\u00e8ncia\u201d, ha subratllat la vicepresidenta.<\/p>\n","protected":false},"excerpt":{"rendered":"<div class=\"mh-excerpt\">El Ple aprova l&#8217;Estrat\u00e8gia Valenciana de Seguretat, Salut i Benestar Laboral 2025-2029, &#8220;que situar\u00e0 a les persones en el centre de la prevenci\u00f3\u201d. Un nou decret regular\u00e0 les entitats col\u00b7laboradores de certificaci\u00f3 i els ens <a class=\"mh-excerpt-more\" href=\"https:\/\/tucomarca.whitekongsoftware.com\/ca\/el-consell-impulsa-la-reutilitzacio-de-recursos-hidrics-amb-una-inversio-historica-de-100-milions-deuros-en-sanejament-daigues-residuals\/\" title=\"El Consell impulsa la reutilitzaci\u00f3 de recursos h\u00eddrics amb una inversi\u00f3 hist\u00f2rica de 100 milions d&#8217;euros en sanejament d&#8217;aig\u00fces residuals\">[+] <\/a><\/div>\n","protected":false},"author":12,"featured_media":256528,"comment_status":"open","ping_status":"open","sticky":false,"template":"","format":"standard","meta":{"footnotes":""},"categories":[10983,10892,21466,10898,10948,10894,10904,10902,10903,11000,10947,10906,10896,10897],"tags":[21034,11527,11498,21975],"class_list":["post-256530","post","type-post","status-publish","format-standard","has-post-thumbnail","category-algemesi-ca","category-camp-de-turia-ca","category-dana-ca","category-ventana-ca","category-infraestructuras-ca","category-la-comarca-ca","category-sin-categorizar-ca","category-la-ribera-ca","category-medio-ambiente-la-comarca-ca","category-monserrat-ca","category-politica","category-riba-roja-ca","category-seccion-ca","category-sucesos-la-comarca-ca","tag-edar-ca","tag-epsar-ca","tag-generalitat-valenciana-ca","tag-recursos-hidricos-ca"],"_links":{"self":[{"href":"https:\/\/tucomarca.whitekongsoftware.com\/ca\/wp-json\/wp\/v2\/posts\/256530","targetHints":{"allow":["GET"]}}],"collection":[{"href":"https:\/\/tucomarca.whitekongsoftware.com\/ca\/wp-json\/wp\/v2\/posts"}],"about":[{"href":"https:\/\/tucomarca.whitekongsoftware.com\/ca\/wp-json\/wp\/v2\/types\/post"}],"author":[{"embeddable":true,"href":"https:\/\/tucomarca.whitekongsoftware.com\/ca\/wp-json\/wp\/v2\/users\/12"}],"replies":[{"embeddable":true,"href":"https:\/\/tucomarca.whitekongsoftware.com\/ca\/wp-json\/wp\/v2\/comments?post=256530"}],"version-history":[{"count":0,"href":"https:\/\/tucomarca.whitekongsoftware.com\/ca\/wp-json\/wp\/v2\/posts\/256530\/revisions"}],"wp:featuredmedia":[{"embeddable":true,"href":"https:\/\/tucomarca.whitekongsoftware.com\/ca\/wp-json\/wp\/v2\/media\/256528"}],"wp:attachment":[{"href":"https:\/\/tucomarca.whitekongsoftware.com\/ca\/wp-json\/wp\/v2\/media?parent=256530"}],"wp:term":[{"taxonomy":"category","embeddable":true,"href":"https:\/\/tucomarca.whitekongsoftware.com\/ca\/wp-json\/wp\/v2\/categories?post=256530"},{"taxonomy":"post_tag","embeddable":true,"href":"https:\/\/tucomarca.whitekongsoftware.com\/ca\/wp-json\/wp\/v2\/tags?post=256530"}],"curies":[{"name":"wp","href":"https:\/\/api.w.org\/{rel}","templated":true}]}}