{"id":256473,"date":"2025-03-04T13:15:00","date_gmt":"2025-03-04T12:15:00","guid":{"rendered":"https:\/\/www.tucomarca.com\/wordpress\/segunda\/?p=256473"},"modified":"2025-03-04T19:20:50","modified_gmt":"2025-03-04T18:20:50","slug":"el-consell-valguda-la-contractacio-demergencia-daules-prefabricades-per-a-lies-albereda-dutiel","status":"publish","type":"post","link":"https:\/\/tucomarca.whitekongsoftware.com\/ca\/el-consell-valguda-la-contractacio-demergencia-daules-prefabricades-per-a-lies-albereda-dutiel\/","title":{"rendered":"El Consell valguda la contractaci\u00f3 d&#8217;emerg\u00e8ncia d&#8217;aules prefabricades per a l&#8217;IES Albereda d&#8217;Utiel"},"content":{"rendered":"\n<h3 class=\"wp-block-heading\">S&#8217;instal\u00b7laran sis aules prefabricades de 45 metres quadrats de superf\u00edcie.<\/h3>\n\n\n\n<h3 class=\"wp-block-heading\">L&#8217;import de l&#8217;actuaci\u00f3 ascendeix a 77.932,47 euros.<\/h3>\n\n\n\n<p class=\"wp-block-paragraph\">El Consell ha validat la contractaci\u00f3 d&#8217;emerg\u00e8ncia per a l&#8217;arrendament d&#8217;instal\u00b7lacions educatives de car\u00e0cter provisional per a l&#8217;Institut d&#8217;Educaci\u00f3 Secund\u00e0ria Albereda d&#8217;Utiel, afectat per la riuada del passat 29 d&#8217;octubre.<\/p>\n\n\n\n<p class=\"wp-block-paragraph\">El material subministrat consisteix en sis aules prefabricades de 45 metres quadrats de superf\u00edcie. El contracte, adjudicat a l&#8217;empresa ABC Arquitectura Modular SL, inclou el seu muntatge, desmuntatge i resta de prestacions access\u00f2ries.<\/p>\n\n\n\n<p class=\"wp-block-paragraph\">Amb eixa actuaci\u00f3, l&#8217;import de la qual ascendeix a 77.932,47 euros, la Generalitat pret\u00e9n afrontar la recuperaci\u00f3 i restauraci\u00f3 dels danys causats per la riuada, que impossibiliten l&#8217;exercici de l&#8217;activitat docent.<\/p>\n","protected":false},"excerpt":{"rendered":"<div class=\"mh-excerpt\">S&#8217;instal\u00b7laran sis aules prefabricades de 45 metres quadrats de superf\u00edcie. L&#8217;import de l&#8217;actuaci\u00f3 ascendeix a 77.932,47 euros. El Consell ha validat la contractaci\u00f3 d&#8217;emerg\u00e8ncia per a l&#8217;arrendament d&#8217;instal\u00b7lacions educatives de car\u00e0cter provisional per a l&#8217;Institut <a class=\"mh-excerpt-more\" href=\"https:\/\/tucomarca.whitekongsoftware.com\/ca\/el-consell-valguda-la-contractacio-demergencia-daules-prefabricades-per-a-lies-albereda-dutiel\/\" title=\"El Consell valguda la contractaci\u00f3 d&#8217;emerg\u00e8ncia d&#8217;aules prefabricades per a l&#8217;IES Albereda d&#8217;Utiel\">[+] <\/a><\/div>\n","protected":false},"author":13,"featured_media":136789,"comment_status":"open","ping_status":"open","sticky":false,"template":"","format":"standard","meta":{"footnotes":""},"categories":[21466,10948,10894,10947,10909,10896,10897,11059],"tags":[12903,10910,11174],"class_list":["post-256473","post","type-post","status-publish","format-standard","has-post-thumbnail","category-dana-ca","category-infraestructuras-ca","category-la-comarca-ca","category-politica","category-requena-utiel-ca","category-seccion-ca","category-sucesos-la-comarca-ca","category-utiel-ca","tag-infraestructuras-ca","tag-requena-utiel-ca","tag-utiel-ca"],"_links":{"self":[{"href":"https:\/\/tucomarca.whitekongsoftware.com\/ca\/wp-json\/wp\/v2\/posts\/256473","targetHints":{"allow":["GET"]}}],"collection":[{"href":"https:\/\/tucomarca.whitekongsoftware.com\/ca\/wp-json\/wp\/v2\/posts"}],"about":[{"href":"https:\/\/tucomarca.whitekongsoftware.com\/ca\/wp-json\/wp\/v2\/types\/post"}],"author":[{"embeddable":true,"href":"https:\/\/tucomarca.whitekongsoftware.com\/ca\/wp-json\/wp\/v2\/users\/13"}],"replies":[{"embeddable":true,"href":"https:\/\/tucomarca.whitekongsoftware.com\/ca\/wp-json\/wp\/v2\/comments?post=256473"}],"version-history":[{"count":0,"href":"https:\/\/tucomarca.whitekongsoftware.com\/ca\/wp-json\/wp\/v2\/posts\/256473\/revisions"}],"wp:featuredmedia":[{"embeddable":true,"href":"https:\/\/tucomarca.whitekongsoftware.com\/ca\/wp-json\/wp\/v2\/media\/136789"}],"wp:attachment":[{"href":"https:\/\/tucomarca.whitekongsoftware.com\/ca\/wp-json\/wp\/v2\/media?parent=256473"}],"wp:term":[{"taxonomy":"category","embeddable":true,"href":"https:\/\/tucomarca.whitekongsoftware.com\/ca\/wp-json\/wp\/v2\/categories?post=256473"},{"taxonomy":"post_tag","embeddable":true,"href":"https:\/\/tucomarca.whitekongsoftware.com\/ca\/wp-json\/wp\/v2\/tags?post=256473"}],"curies":[{"name":"wp","href":"https:\/\/api.w.org\/{rel}","templated":true}]}}