{"id":256434,"date":"2025-03-04T10:30:00","date_gmt":"2025-03-04T09:30:00","guid":{"rendered":"https:\/\/www.tucomarca.com\/wordpress\/segunda\/?p=256434"},"modified":"2025-03-04T19:35:13","modified_gmt":"2025-03-04T18:35:13","slug":"fotogaleria-alboraig-ajorna-al-22-de-marc-la-crema-de-la-seua-falla-per-les-fortes-pluges","status":"publish","type":"post","link":"https:\/\/tucomarca.whitekongsoftware.com\/ca\/fotogaleria-alboraig-ajorna-al-22-de-marc-la-crema-de-la-seua-falla-per-les-fortes-pluges\/","title":{"rendered":"Fotogaler\u00eda: Alboraig ajorna al 22 de mar\u00e7 la crem\u00e0 de la seua Falla per les fortes pluges"},"content":{"rendered":"\n<p class=\"wp-block-paragraph\">Alboraig ha viscut un intens cap de setmana de festa amb la celebraci\u00f3 de les seues falles, malgrat les inclem\u00e8ncies meteorol\u00f2giques que han marcat la jornada. No obstant aix\u00f2, la tradicional crem\u00e0 ha hagut de ser ajornada fins al pr\u00f2xim 22 de mar\u00e7 degut a l&#8217;alerta per pluges que afecta a tota la Comunitat Valenciana durant aquesta setmana.<\/p>\n\n\n\n<p class=\"wp-block-paragraph\">Al llarg del cap de setmana, els ve\u00efns i visitants han pogut gaudir de la m\u00fasica, les cercaviles i l&#8217;emoci\u00f3 de les falles, en un ambient festiu que no s&#8217;ha vist entelat pel clima. Les falleres majors de 2025, Aitana Camino Bru, fallera major infantil, i Marta Luj\u00e1n Rubio, fallera major, han sigut les grans protagonistes de les celebracions, representant amb orgull a la festa i a la tradici\u00f3 fallera del municipi.<\/p>\n\n\n\n<p class=\"wp-block-paragraph\">L&#8217;ajornament de la crem\u00e0, encara que una decisi\u00f3 dif\u00edcil, s&#8217;ha pres amb l&#8217;objectiu de garantir la seguretat dels assistents i permetre que la festivitat es desenvolupe en les millors condicions possibles. La nova data, el 22 de mar\u00e7, permetr\u00e0 als ve\u00efns acomiadar les falles amb l&#8217;espectacularitat i emoci\u00f3 que caracteritza aquest esdeveniment.<\/p>\n\n\n\n<p class=\"wp-block-paragraph\">Les falles d&#8217;Alboraig han demostrat una vegada m\u00e9s el seu arrelament i capacitat d&#8217;adaptaci\u00f3, mantenint visca una tradici\u00f3 que uneix a tot el municipi entorn del foc i la festa.<\/p>\n\n\n\n<figure class=\"wp-block-gallery has-nested-images columns-1 is-cropped wp-block-gallery-1 is-layout-flex wp-block-gallery-is-layout-flex\">\n<figure class=\"wp-block-image size-large\"><img loading=\"lazy\" decoding=\"async\" width=\"960\" height=\"938\" data-id=\"256381\" src=\"https:\/\/www.tucomarca.com\/wordpress\/segunda\/wp-content\/uploads\/2025\/03\/AlboracheFallas02.jpg\" alt=\"\" class=\"wp-image-256381\" srcset=\"https:\/\/tucomarca.whitekongsoftware.com\/wp-content\/uploads\/2025\/03\/AlboracheFallas02.jpg 960w, https:\/\/tucomarca.whitekongsoftware.com\/wp-content\/uploads\/2025\/03\/AlboracheFallas02-300x293.jpg 300w, https:\/\/tucomarca.whitekongsoftware.com\/wp-content\/uploads\/2025\/03\/AlboracheFallas02-768x750.jpg 768w\" sizes=\"auto, (max-width: 960px) 100vw, 960px\" \/><\/figure>\n\n\n\n<figure class=\"wp-block-image size-large\"><img loading=\"lazy\" decoding=\"async\" width=\"1024\" height=\"768\" data-id=\"256385\" src=\"https:\/\/www.tucomarca.com\/wordpress\/segunda\/wp-content\/uploads\/2025\/03\/AlboracheFallas03-1024x768.jpg\" alt=\"\" class=\"wp-image-256385\" srcset=\"https:\/\/tucomarca.whitekongsoftware.com\/wp-content\/uploads\/2025\/03\/AlboracheFallas03-1024x768.jpg 1024w, https:\/\/tucomarca.whitekongsoftware.com\/wp-content\/uploads\/2025\/03\/AlboracheFallas03-300x225.jpg 300w, https:\/\/tucomarca.whitekongsoftware.com\/wp-content\/uploads\/2025\/03\/AlboracheFallas03-768x576.jpg 768w, https:\/\/tucomarca.whitekongsoftware.com\/wp-content\/uploads\/2025\/03\/AlboracheFallas03-1536x1152.jpg 1536w, https:\/\/tucomarca.whitekongsoftware.com\/wp-content\/uploads\/2025\/03\/AlboracheFallas03-678x509.jpg 678w, https:\/\/tucomarca.whitekongsoftware.com\/wp-content\/uploads\/2025\/03\/AlboracheFallas03-326x245.jpg 326w, https:\/\/tucomarca.whitekongsoftware.com\/wp-content\/uploads\/2025\/03\/AlboracheFallas03-80x60.jpg 80w, https:\/\/tucomarca.whitekongsoftware.com\/wp-content\/uploads\/2025\/03\/AlboracheFallas03.jpg 2048w\" sizes=\"auto, (max-width: 1024px) 100vw, 1024px\" \/><\/figure>\n\n\n\n<figure class=\"wp-block-image size-large\"><img loading=\"lazy\" decoding=\"async\" width=\"1024\" height=\"768\" data-id=\"256382\" src=\"https:\/\/www.tucomarca.com\/wordpress\/segunda\/wp-content\/uploads\/2025\/03\/AlboracheFallas04-1024x768.jpg\" alt=\"\" class=\"wp-image-256382\" srcset=\"https:\/\/tucomarca.whitekongsoftware.com\/wp-content\/uploads\/2025\/03\/AlboracheFallas04-1024x768.jpg 1024w, https:\/\/tucomarca.whitekongsoftware.com\/wp-content\/uploads\/2025\/03\/AlboracheFallas04-300x225.jpg 300w, https:\/\/tucomarca.whitekongsoftware.com\/wp-content\/uploads\/2025\/03\/AlboracheFallas04-768x576.jpg 768w, https:\/\/tucomarca.whitekongsoftware.com\/wp-content\/uploads\/2025\/03\/AlboracheFallas04-1536x1152.jpg 1536w, https:\/\/tucomarca.whitekongsoftware.com\/wp-content\/uploads\/2025\/03\/AlboracheFallas04-678x509.jpg 678w, https:\/\/tucomarca.whitekongsoftware.com\/wp-content\/uploads\/2025\/03\/AlboracheFallas04-326x245.jpg 326w, https:\/\/tucomarca.whitekongsoftware.com\/wp-content\/uploads\/2025\/03\/AlboracheFallas04-80x60.jpg 80w, https:\/\/tucomarca.whitekongsoftware.com\/wp-content\/uploads\/2025\/03\/AlboracheFallas04.jpg 1600w\" sizes=\"auto, (max-width: 1024px) 100vw, 1024px\" \/><\/figure>\n\n\n\n<figure class=\"wp-block-image size-large\"><img loading=\"lazy\" decoding=\"async\" width=\"958\" height=\"960\" data-id=\"256377\" src=\"https:\/\/www.tucomarca.com\/wordpress\/segunda\/wp-content\/uploads\/2025\/03\/AlboracheFallas05.jpg\" alt=\"\" class=\"wp-image-256377\" srcset=\"https:\/\/tucomarca.whitekongsoftware.com\/wp-content\/uploads\/2025\/03\/AlboracheFallas05.jpg 958w, https:\/\/tucomarca.whitekongsoftware.com\/wp-content\/uploads\/2025\/03\/AlboracheFallas05-300x300.jpg 300w, https:\/\/tucomarca.whitekongsoftware.com\/wp-content\/uploads\/2025\/03\/AlboracheFallas05-290x290.jpg 290w, https:\/\/tucomarca.whitekongsoftware.com\/wp-content\/uploads\/2025\/03\/AlboracheFallas05-768x770.jpg 768w\" sizes=\"auto, (max-width: 958px) 100vw, 958px\" \/><\/figure>\n\n\n\n<figure class=\"wp-block-image size-large\"><img loading=\"lazy\" decoding=\"async\" width=\"1024\" height=\"768\" data-id=\"256387\" src=\"https:\/\/www.tucomarca.com\/wordpress\/segunda\/wp-content\/uploads\/2025\/03\/AlboracheFallas06-1024x768.jpg\" alt=\"\" class=\"wp-image-256387\" srcset=\"https:\/\/tucomarca.whitekongsoftware.com\/wp-content\/uploads\/2025\/03\/AlboracheFallas06-1024x768.jpg 1024w, https:\/\/tucomarca.whitekongsoftware.com\/wp-content\/uploads\/2025\/03\/AlboracheFallas06-300x225.jpg 300w, https:\/\/tucomarca.whitekongsoftware.com\/wp-content\/uploads\/2025\/03\/AlboracheFallas06-768x576.jpg 768w, https:\/\/tucomarca.whitekongsoftware.com\/wp-content\/uploads\/2025\/03\/AlboracheFallas06-1536x1152.jpg 1536w, https:\/\/tucomarca.whitekongsoftware.com\/wp-content\/uploads\/2025\/03\/AlboracheFallas06-678x509.jpg 678w, https:\/\/tucomarca.whitekongsoftware.com\/wp-content\/uploads\/2025\/03\/AlboracheFallas06-326x245.jpg 326w, https:\/\/tucomarca.whitekongsoftware.com\/wp-content\/uploads\/2025\/03\/AlboracheFallas06-80x60.jpg 80w, https:\/\/tucomarca.whitekongsoftware.com\/wp-content\/uploads\/2025\/03\/AlboracheFallas06.jpg 2048w\" sizes=\"auto, (max-width: 1024px) 100vw, 1024px\" \/><\/figure>\n\n\n\n<figure class=\"wp-block-image size-large\"><img loading=\"lazy\" decoding=\"async\" width=\"960\" height=\"960\" data-id=\"256397\" src=\"https:\/\/www.tucomarca.com\/wordpress\/segunda\/wp-content\/uploads\/2025\/03\/AlboracheFallas07.jpg\" alt=\"\" class=\"wp-image-256397\" srcset=\"https:\/\/tucomarca.whitekongsoftware.com\/wp-content\/uploads\/2025\/03\/AlboracheFallas07.jpg 960w, https:\/\/tucomarca.whitekongsoftware.com\/wp-content\/uploads\/2025\/03\/AlboracheFallas07-300x300.jpg 300w, https:\/\/tucomarca.whitekongsoftware.com\/wp-content\/uploads\/2025\/03\/AlboracheFallas07-290x290.jpg 290w, https:\/\/tucomarca.whitekongsoftware.com\/wp-content\/uploads\/2025\/03\/AlboracheFallas07-768x768.jpg 768w\" sizes=\"auto, (max-width: 960px) 100vw, 960px\" \/><\/figure>\n\n\n\n<figure class=\"wp-block-image size-large\"><img loading=\"lazy\" decoding=\"async\" width=\"1024\" height=\"732\" data-id=\"256401\" src=\"https:\/\/www.tucomarca.com\/wordpress\/segunda\/wp-content\/uploads\/2025\/03\/AlboracheFallas08-1024x732.jpg\" alt=\"\" class=\"wp-image-256401\" srcset=\"https:\/\/tucomarca.whitekongsoftware.com\/wp-content\/uploads\/2025\/03\/AlboracheFallas08-1024x732.jpg 1024w, https:\/\/tucomarca.whitekongsoftware.com\/wp-content\/uploads\/2025\/03\/AlboracheFallas08-300x214.jpg 300w, https:\/\/tucomarca.whitekongsoftware.com\/wp-content\/uploads\/2025\/03\/AlboracheFallas08-768x549.jpg 768w, https:\/\/tucomarca.whitekongsoftware.com\/wp-content\/uploads\/2025\/03\/AlboracheFallas08.jpg 1152w\" sizes=\"auto, (max-width: 1024px) 100vw, 1024px\" \/><\/figure>\n\n\n\n<figure class=\"wp-block-image size-large\"><img loading=\"lazy\" decoding=\"async\" width=\"958\" height=\"960\" data-id=\"256391\" src=\"https:\/\/www.tucomarca.com\/wordpress\/segunda\/wp-content\/uploads\/2025\/03\/AlboracheFallas09.jpg\" alt=\"\" class=\"wp-image-256391\" srcset=\"https:\/\/tucomarca.whitekongsoftware.com\/wp-content\/uploads\/2025\/03\/AlboracheFallas09.jpg 958w, https:\/\/tucomarca.whitekongsoftware.com\/wp-content\/uploads\/2025\/03\/AlboracheFallas09-300x300.jpg 300w, https:\/\/tucomarca.whitekongsoftware.com\/wp-content\/uploads\/2025\/03\/AlboracheFallas09-290x290.jpg 290w, https:\/\/tucomarca.whitekongsoftware.com\/wp-content\/uploads\/2025\/03\/AlboracheFallas09-768x770.jpg 768w\" sizes=\"auto, (max-width: 958px) 100vw, 958px\" \/><\/figure>\n\n\n\n<figure class=\"wp-block-image size-large\"><img loading=\"lazy\" decoding=\"async\" width=\"958\" height=\"960\" data-id=\"256389\" src=\"https:\/\/www.tucomarca.com\/wordpress\/segunda\/wp-content\/uploads\/2025\/03\/AlboracheFallas10.jpg\" alt=\"\" class=\"wp-image-256389\" srcset=\"https:\/\/tucomarca.whitekongsoftware.com\/wp-content\/uploads\/2025\/03\/AlboracheFallas10.jpg 958w, https:\/\/tucomarca.whitekongsoftware.com\/wp-content\/uploads\/2025\/03\/AlboracheFallas10-300x300.jpg 300w, https:\/\/tucomarca.whitekongsoftware.com\/wp-content\/uploads\/2025\/03\/AlboracheFallas10-290x290.jpg 290w, https:\/\/tucomarca.whitekongsoftware.com\/wp-content\/uploads\/2025\/03\/AlboracheFallas10-768x770.jpg 768w\" sizes=\"auto, (max-width: 958px) 100vw, 958px\" \/><\/figure>\n\n\n\n<figure class=\"wp-block-image size-large\"><img loading=\"lazy\" decoding=\"async\" width=\"1024\" height=\"768\" data-id=\"256398\" src=\"https:\/\/www.tucomarca.com\/wordpress\/segunda\/wp-content\/uploads\/2025\/03\/AlboracheFallas11-1024x768.jpg\" alt=\"\" class=\"wp-image-256398\" srcset=\"https:\/\/tucomarca.whitekongsoftware.com\/wp-content\/uploads\/2025\/03\/AlboracheFallas11-1024x768.jpg 1024w, https:\/\/tucomarca.whitekongsoftware.com\/wp-content\/uploads\/2025\/03\/AlboracheFallas11-300x225.jpg 300w, https:\/\/tucomarca.whitekongsoftware.com\/wp-content\/uploads\/2025\/03\/AlboracheFallas11-768x576.jpg 768w, https:\/\/tucomarca.whitekongsoftware.com\/wp-content\/uploads\/2025\/03\/AlboracheFallas11-1536x1152.jpg 1536w, https:\/\/tucomarca.whitekongsoftware.com\/wp-content\/uploads\/2025\/03\/AlboracheFallas11-678x509.jpg 678w, https:\/\/tucomarca.whitekongsoftware.com\/wp-content\/uploads\/2025\/03\/AlboracheFallas11-326x245.jpg 326w, https:\/\/tucomarca.whitekongsoftware.com\/wp-content\/uploads\/2025\/03\/AlboracheFallas11-80x60.jpg 80w, https:\/\/tucomarca.whitekongsoftware.com\/wp-content\/uploads\/2025\/03\/AlboracheFallas11.jpg 1600w\" sizes=\"auto, (max-width: 1024px) 100vw, 1024px\" \/><\/figure>\n\n\n\n<figure class=\"wp-block-image size-large\"><img loading=\"lazy\" decoding=\"async\" width=\"960\" height=\"960\" data-id=\"256395\" src=\"https:\/\/www.tucomarca.com\/wordpress\/segunda\/wp-content\/uploads\/2025\/03\/AlboracheFallas12.jpg\" alt=\"\" class=\"wp-image-256395\" srcset=\"https:\/\/tucomarca.whitekongsoftware.com\/wp-content\/uploads\/2025\/03\/AlboracheFallas12.jpg 960w, https:\/\/tucomarca.whitekongsoftware.com\/wp-content\/uploads\/2025\/03\/AlboracheFallas12-300x300.jpg 300w, https:\/\/tucomarca.whitekongsoftware.com\/wp-content\/uploads\/2025\/03\/AlboracheFallas12-290x290.jpg 290w, https:\/\/tucomarca.whitekongsoftware.com\/wp-content\/uploads\/2025\/03\/AlboracheFallas12-768x768.jpg 768w\" sizes=\"auto, (max-width: 960px) 100vw, 960px\" \/><\/figure>\n\n\n\n<figure class=\"wp-block-image size-large\"><img loading=\"lazy\" decoding=\"async\" width=\"959\" height=\"960\" data-id=\"256393\" src=\"https:\/\/www.tucomarca.com\/wordpress\/segunda\/wp-content\/uploads\/2025\/03\/AlboracheFallas13.jpg\" alt=\"\" class=\"wp-image-256393\" srcset=\"https:\/\/tucomarca.whitekongsoftware.com\/wp-content\/uploads\/2025\/03\/AlboracheFallas13.jpg 959w, https:\/\/tucomarca.whitekongsoftware.com\/wp-content\/uploads\/2025\/03\/AlboracheFallas13-300x300.jpg 300w, https:\/\/tucomarca.whitekongsoftware.com\/wp-content\/uploads\/2025\/03\/AlboracheFallas13-290x290.jpg 290w, https:\/\/tucomarca.whitekongsoftware.com\/wp-content\/uploads\/2025\/03\/AlboracheFallas13-768x769.jpg 768w\" sizes=\"auto, (max-width: 959px) 100vw, 959px\" \/><\/figure>\n<\/figure>\n","protected":false},"excerpt":{"rendered":"<div class=\"mh-excerpt\">Alboraig ha viscut un intens cap de setmana de festa amb la celebraci\u00f3 de les seues falles, malgrat les inclem\u00e8ncies meteorol\u00f2giques que han marcat la jornada. No obstant aix\u00f2, la tradicional crem\u00e0 ha hagut de <a class=\"mh-excerpt-more\" href=\"https:\/\/tucomarca.whitekongsoftware.com\/ca\/fotogaleria-alboraig-ajorna-al-22-de-marc-la-crema-de-la-seua-falla-per-les-fortes-pluges\/\" title=\"Fotogaler\u00eda: Alboraig ajorna al 22 de mar\u00e7 la crem\u00e0 de la seua Falla per les fortes pluges\">[+] <\/a><\/div>\n","protected":false},"author":13,"featured_media":256380,"comment_status":"open","ping_status":"open","sticky":false,"template":"","format":"gallery","meta":{"footnotes":""},"categories":[10973,10894,10912,11004,11007,11008,10896],"tags":[11224,20849,10914,15856],"class_list":["post-256434","post","type-post","status-publish","format-gallery","has-post-thumbnail","category-alborache-ca","category-la-comarca-ca","category-la-hoya-ca","category-la-semana-en-imagenes-ca","category-ocio-y-cultura-ca","category-pueblos-en-fiestas-ca","category-seccion-ca","tag-alborache-ca","tag-fallas-2025-ca","tag-la-hoya-de-bunol-chiva-ca","tag-ocio-y-cultura-ca","post_format-post-format-gallery"],"_links":{"self":[{"href":"https:\/\/tucomarca.whitekongsoftware.com\/ca\/wp-json\/wp\/v2\/posts\/256434","targetHints":{"allow":["GET"]}}],"collection":[{"href":"https:\/\/tucomarca.whitekongsoftware.com\/ca\/wp-json\/wp\/v2\/posts"}],"about":[{"href":"https:\/\/tucomarca.whitekongsoftware.com\/ca\/wp-json\/wp\/v2\/types\/post"}],"author":[{"embeddable":true,"href":"https:\/\/tucomarca.whitekongsoftware.com\/ca\/wp-json\/wp\/v2\/users\/13"}],"replies":[{"embeddable":true,"href":"https:\/\/tucomarca.whitekongsoftware.com\/ca\/wp-json\/wp\/v2\/comments?post=256434"}],"version-history":[{"count":0,"href":"https:\/\/tucomarca.whitekongsoftware.com\/ca\/wp-json\/wp\/v2\/posts\/256434\/revisions"}],"wp:featuredmedia":[{"embeddable":true,"href":"https:\/\/tucomarca.whitekongsoftware.com\/ca\/wp-json\/wp\/v2\/media\/256380"}],"wp:attachment":[{"href":"https:\/\/tucomarca.whitekongsoftware.com\/ca\/wp-json\/wp\/v2\/media?parent=256434"}],"wp:term":[{"taxonomy":"category","embeddable":true,"href":"https:\/\/tucomarca.whitekongsoftware.com\/ca\/wp-json\/wp\/v2\/categories?post=256434"},{"taxonomy":"post_tag","embeddable":true,"href":"https:\/\/tucomarca.whitekongsoftware.com\/ca\/wp-json\/wp\/v2\/tags?post=256434"}],"curies":[{"name":"wp","href":"https:\/\/api.w.org\/{rel}","templated":true}]}}