{"id":256427,"date":"2025-03-07T09:00:00","date_gmt":"2025-03-07T08:00:00","guid":{"rendered":"https:\/\/www.tucomarca.com\/wordpress\/segunda\/?p=256427"},"modified":"2025-03-07T09:34:32","modified_gmt":"2025-03-07T08:34:32","slug":"alboraig-presenta-la-seua-agenda-de-marc-amb-els-actes-pel-8m-i-de-les-jornades-de-recuperacio-de-lentorn","status":"publish","type":"post","link":"https:\/\/tucomarca.whitekongsoftware.com\/ca\/alboraig-presenta-la-seua-agenda-de-marc-amb-els-actes-pel-8m-i-de-les-jornades-de-recuperacio-de-lentorn\/","title":{"rendered":"Alboraig presenta la seua agenda de mar\u00e7 amb els actes pel 8M i de les Jornades de recuperaci\u00f3 de l&#8217;entorn"},"content":{"rendered":"\n<p class=\"wp-block-paragraph\">L&#8217;Ajuntament d&#8217;Alboraig ha preparat una programaci\u00f3 variada per a celebrar el 8 mar\u00e7 de 2025, la Setmana de la Dona. <strong>Diverses activitats per a commemorar el paper de la dona en la societat. Els actes del 4 al 6 de mar\u00e7 han sigut cancel\u00b7lats pel temporal de pluges.<\/strong><\/p>\n\n\n<div class=\"wp-block-image\">\n<figure class=\"alignright size-large\"><img loading=\"lazy\" decoding=\"async\" width=\"381\" height=\"1024\" src=\"http:\/\/www.tucomarca.com\/wordpress\/segunda\/wp-content\/uploads\/2025\/03\/Alborache8M-381x1024.jpg\" alt=\"\" class=\"wp-image-257022\" srcset=\"https:\/\/tucomarca.whitekongsoftware.com\/wp-content\/uploads\/2025\/03\/Alborache8M-381x1024.jpg 381w, https:\/\/tucomarca.whitekongsoftware.com\/wp-content\/uploads\/2025\/03\/Alborache8M-112x300.jpg 112w, https:\/\/tucomarca.whitekongsoftware.com\/wp-content\/uploads\/2025\/03\/Alborache8M.jpg 507w\" sizes=\"auto, (max-width: 381px) 100vw, 381px\" \/><\/figure>\n<\/div>\n\n\n<p class=\"wp-block-paragraph\"><strong>Divendres 7 de mar\u00e7:<\/strong><\/p>\n\n\n\n<p class=\"wp-block-paragraph\">18:00h: Xarrada de commemoraci\u00f3 i berenar del SM de les Mestresses de casa en el Centre Social.<\/p>\n\n\n\n<p class=\"wp-block-paragraph\"><strong>Dissabte 8 de mar\u00e7:<\/strong><\/p>\n\n\n\n<p class=\"wp-block-paragraph\">18:00h: Reconeixement a dones alboracheras destacades.<\/p>\n\n\n\n<p class=\"wp-block-paragraph\">Concert del Duo Maresia (Piano i Violoncel) en la Sala d&#8217;actes de l&#8217;Ajuntament.<\/p>\n\n\n\n<p class=\"wp-block-paragraph\"><strong>Altres activitats destacades<\/strong><\/p>\n\n\n\n<p class=\"wp-block-paragraph\"><strong>Dijous 13 de mar\u00e7:<\/strong><\/p>\n\n\n\n<p class=\"wp-block-paragraph\">09:00h: Viatge a les Cuevas de San Jos\u00e9, a Vall d&#8217;Uix\u00f3, organitzat per l&#8217;Associaci\u00f3 de Jubilats i Pensionistes d&#8217;Alboraig.<\/p>\n\n\n\n<p class=\"wp-block-paragraph\"><strong>Dissabte 22 de mar\u00e7:<\/strong><\/p>\n\n\n\n<p class=\"wp-block-paragraph\">17:00h: Campionat d&#8217;escacs interclubes (El pe\u00f3 enverinat).<\/p>\n\n\n\n<p class=\"wp-block-paragraph\">Jornades de recuperaci\u00f3 de l&#8217;entorn (29 i 30 de mar\u00e7)<\/p>\n\n\n\n<p class=\"wp-block-paragraph\">El mes tanca amb activitats organitzades per l&#8217;Associaci\u00f3 Alborem Acci\u00f3 per a la recuperaci\u00f3 i conservaci\u00f3 del medi ambient:<\/p>\n\n\n\n<p class=\"wp-block-paragraph\"><strong>Dissabte 29 de mar\u00e7:<\/strong><\/p>\n\n\n\n<p class=\"wp-block-paragraph\">17:00h: Torneig d&#8217;escacs infantils i juvenils (El pe\u00f3 enverinat).<\/p>\n\n\n\n<p class=\"wp-block-paragraph\"><strong>Diumenge 30 de mar\u00e7:<\/strong><\/p>\n\n\n\n<p class=\"wp-block-paragraph\">Continuaci\u00f3 de les Jornades de Recuperaci\u00f3 de l&#8217;Entorn.<\/p>\n","protected":false},"excerpt":{"rendered":"<div class=\"mh-excerpt\">L&#8217;Ajuntament d&#8217;Alboraig ha preparat una programaci\u00f3 variada per a celebrar el 8 mar\u00e7 de 2025, la Setmana de la Dona. Diverses activitats per a commemorar el paper de la dona en la societat. Els actes <a class=\"mh-excerpt-more\" href=\"https:\/\/tucomarca.whitekongsoftware.com\/ca\/alboraig-presenta-la-seua-agenda-de-marc-amb-els-actes-pel-8m-i-de-les-jornades-de-recuperacio-de-lentorn\/\" title=\"Alboraig presenta la seua agenda de mar\u00e7 amb els actes pel 8M i de les Jornades de recuperaci\u00f3 de l&#8217;entorn\">[+] <\/a><\/div>\n","protected":false},"author":12,"featured_media":256425,"comment_status":"open","ping_status":"open","sticky":false,"template":"","format":"standard","meta":{"footnotes":""},"categories":[11019,10973,10894,10912,11007,10896],"tags":[11508,13872,11224,10914],"class_list":["post-256427","post","type-post","status-publish","format-standard","has-post-thumbnail","category-agenda-ca","category-alborache-ca","category-la-comarca-ca","category-la-hoya-ca","category-ocio-y-cultura-ca","category-seccion-ca","tag-8m-ca","tag-agenda-cultural-ca","tag-alborache-ca","tag-la-hoya-de-bunol-chiva-ca"],"_links":{"self":[{"href":"https:\/\/tucomarca.whitekongsoftware.com\/ca\/wp-json\/wp\/v2\/posts\/256427","targetHints":{"allow":["GET"]}}],"collection":[{"href":"https:\/\/tucomarca.whitekongsoftware.com\/ca\/wp-json\/wp\/v2\/posts"}],"about":[{"href":"https:\/\/tucomarca.whitekongsoftware.com\/ca\/wp-json\/wp\/v2\/types\/post"}],"author":[{"embeddable":true,"href":"https:\/\/tucomarca.whitekongsoftware.com\/ca\/wp-json\/wp\/v2\/users\/12"}],"replies":[{"embeddable":true,"href":"https:\/\/tucomarca.whitekongsoftware.com\/ca\/wp-json\/wp\/v2\/comments?post=256427"}],"version-history":[{"count":0,"href":"https:\/\/tucomarca.whitekongsoftware.com\/ca\/wp-json\/wp\/v2\/posts\/256427\/revisions"}],"wp:featuredmedia":[{"embeddable":true,"href":"https:\/\/tucomarca.whitekongsoftware.com\/ca\/wp-json\/wp\/v2\/media\/256425"}],"wp:attachment":[{"href":"https:\/\/tucomarca.whitekongsoftware.com\/ca\/wp-json\/wp\/v2\/media?parent=256427"}],"wp:term":[{"taxonomy":"category","embeddable":true,"href":"https:\/\/tucomarca.whitekongsoftware.com\/ca\/wp-json\/wp\/v2\/categories?post=256427"},{"taxonomy":"post_tag","embeddable":true,"href":"https:\/\/tucomarca.whitekongsoftware.com\/ca\/wp-json\/wp\/v2\/tags?post=256427"}],"curies":[{"name":"wp","href":"https:\/\/api.w.org\/{rel}","templated":true}]}}