{"id":256217,"date":"2025-03-03T12:00:00","date_gmt":"2025-03-03T11:00:00","guid":{"rendered":"https:\/\/www.tucomarca.com\/wordpress\/segunda\/?p=256217"},"modified":"2025-03-03T18:31:52","modified_gmt":"2025-03-03T17:31:52","slug":"fotogaleria-benaguasil-entrega-els-premis-del-ninot-indultat","status":"publish","type":"post","link":"https:\/\/tucomarca.whitekongsoftware.com\/ca\/fotogaleria-benaguasil-entrega-els-premis-del-ninot-indultat\/","title":{"rendered":"Fotogaler\u00eda: Benaguasil entrega els premis del ninot indultat"},"content":{"rendered":"\n<p class=\"wp-block-paragraph\">El Pilar i Picaor s&#8217;emporten els premis en 2n i 3r secci\u00f3, mentre que carrer de Lliria i Atra Que Tal es van al\u00e7ar amb el premi en 1a categoria.<\/p>\n\n\n\n<p class=\"wp-block-paragraph\">Les falles de Benaguasil van viure ahir un dels moments m\u00e9s esperats, el lliurament dels premis del ninot indultat.<\/p>\n\n\n\n<p class=\"wp-block-paragraph\">Els ninots que enguany se salvaran de les flames van ser en la categoria de falla gran, primera secci\u00f3, la figura \u201cTeatre faller\u201d de la comissi\u00f3 carrer de Lliria, i en infantil el ninot de la falla Atra Que Tal \u201cDisney magic\u201d.<\/p>\n\n\n\n<p class=\"wp-block-paragraph\">Respecte a la 2a i 3a secci\u00f3, en falla gran la comissi\u00f3 triomfadora va ser la del Pilar amb el ninot \u201cBenaguasil, de mora a fallera\u201d, mentre que en infantil la figura \u201cEl fil que ens unix a tots\u201d de la falla El Picaor va ser la figura guanyadora.<\/p>\n\n\n\n<p class=\"wp-block-paragraph\">Despr\u00e9s d&#8217;aix\u00f2 es van entregar els premis al millor ninot indultat recaient els guardons en 2a i 3a secci\u00f3 en la comissi\u00f3 del Picaor i en 1a secci\u00f3 la falla del Pilar.<\/p>\n\n\n\n<p class=\"wp-block-paragraph\">Abans de con\u00e9ixer el veredicte del jurat, l&#8217;Alcalde va felicitar a totes les falles pel nivell dels ninots que fan presagiar uns sensacionals monuments per a les Falles d&#8217;enguany, i va agrair el treball constant de les comissions. Posteriorment i amb els nervis a flor de pell dels fallers, l&#8217;inspector de la Policia va entregar els sobres custodiats fins al moment de revelar els premis als millors ninots.<\/p>\n\n\n\n<p class=\"wp-block-paragraph\">El lliurament de premis va estar presidida per les Falleres Majors de Benaguasil, Jessica Condes i Celeste Sena, les seues cort d&#8217;honor, el president infantil Aitor Tar\u00edn, l&#8217;el alcalde del municipi, Ximo Segarra, la regidora de Falles Ana Aleixandre i representants de les deu comissions falleres.<\/p>\n\n\n\n<p class=\"wp-block-paragraph\">Els ninots estaran exposats tota la setmana en el Centre de la Joventut.<\/p>\n\n\n\n<figure class=\"wp-block-gallery has-nested-images columns-1 is-cropped wp-block-gallery-1 is-layout-flex wp-block-gallery-is-layout-flex\">\n<figure class=\"wp-block-image size-large\"><img loading=\"lazy\" decoding=\"async\" width=\"1024\" height=\"683\" data-id=\"256211\" src=\"https:\/\/www.tucomarca.com\/wordpress\/segunda\/wp-content\/uploads\/2025\/03\/entrega-premios-1024x683.jpg\" alt=\"\" class=\"wp-image-256211\" srcset=\"https:\/\/tucomarca.whitekongsoftware.com\/wp-content\/uploads\/2025\/03\/entrega-premios-1024x683.jpg 1024w, https:\/\/tucomarca.whitekongsoftware.com\/wp-content\/uploads\/2025\/03\/entrega-premios-300x200.jpg 300w, https:\/\/tucomarca.whitekongsoftware.com\/wp-content\/uploads\/2025\/03\/entrega-premios-768x512.jpg 768w, https:\/\/tucomarca.whitekongsoftware.com\/wp-content\/uploads\/2025\/03\/entrega-premios-1536x1024.jpg 1536w, https:\/\/tucomarca.whitekongsoftware.com\/wp-content\/uploads\/2025\/03\/entrega-premios.jpg 1920w\" sizes=\"auto, (max-width: 1024px) 100vw, 1024px\" \/><\/figure>\n\n\n\n<figure class=\"wp-block-image size-large\"><img loading=\"lazy\" decoding=\"async\" width=\"1024\" height=\"683\" data-id=\"256199\" src=\"https:\/\/www.tucomarca.com\/wordpress\/segunda\/wp-content\/uploads\/2025\/03\/falla-atra-que-tal-1024x683.jpg\" alt=\"\" class=\"wp-image-256199\" srcset=\"https:\/\/tucomarca.whitekongsoftware.com\/wp-content\/uploads\/2025\/03\/falla-atra-que-tal-1024x683.jpg 1024w, https:\/\/tucomarca.whitekongsoftware.com\/wp-content\/uploads\/2025\/03\/falla-atra-que-tal-300x200.jpg 300w, https:\/\/tucomarca.whitekongsoftware.com\/wp-content\/uploads\/2025\/03\/falla-atra-que-tal-768x512.jpg 768w, https:\/\/tucomarca.whitekongsoftware.com\/wp-content\/uploads\/2025\/03\/falla-atra-que-tal-1536x1025.jpg 1536w, https:\/\/tucomarca.whitekongsoftware.com\/wp-content\/uploads\/2025\/03\/falla-atra-que-tal.jpg 2048w\" sizes=\"auto, (max-width: 1024px) 100vw, 1024px\" \/><\/figure>\n\n\n\n<figure class=\"wp-block-image size-large\"><img loading=\"lazy\" decoding=\"async\" width=\"1024\" height=\"683\" data-id=\"256205\" src=\"https:\/\/www.tucomarca.com\/wordpress\/segunda\/wp-content\/uploads\/2025\/03\/falla-carrer-de-lliria-1024x683.jpg\" alt=\"\" class=\"wp-image-256205\" srcset=\"https:\/\/tucomarca.whitekongsoftware.com\/wp-content\/uploads\/2025\/03\/falla-carrer-de-lliria-1024x683.jpg 1024w, https:\/\/tucomarca.whitekongsoftware.com\/wp-content\/uploads\/2025\/03\/falla-carrer-de-lliria-300x200.jpg 300w, https:\/\/tucomarca.whitekongsoftware.com\/wp-content\/uploads\/2025\/03\/falla-carrer-de-lliria-768x512.jpg 768w, https:\/\/tucomarca.whitekongsoftware.com\/wp-content\/uploads\/2025\/03\/falla-carrer-de-lliria-1536x1024.jpg 1536w, https:\/\/tucomarca.whitekongsoftware.com\/wp-content\/uploads\/2025\/03\/falla-carrer-de-lliria.jpg 1920w\" sizes=\"auto, (max-width: 1024px) 100vw, 1024px\" \/><\/figure>\n\n\n\n<figure class=\"wp-block-image size-large\"><img loading=\"lazy\" decoding=\"async\" width=\"1024\" height=\"683\" data-id=\"256201\" src=\"https:\/\/www.tucomarca.com\/wordpress\/segunda\/wp-content\/uploads\/2025\/03\/falla-El-Picaor-1024x683.jpg\" alt=\"\" class=\"wp-image-256201\" srcset=\"https:\/\/tucomarca.whitekongsoftware.com\/wp-content\/uploads\/2025\/03\/falla-El-Picaor-1024x683.jpg 1024w, https:\/\/tucomarca.whitekongsoftware.com\/wp-content\/uploads\/2025\/03\/falla-El-Picaor-300x200.jpg 300w, https:\/\/tucomarca.whitekongsoftware.com\/wp-content\/uploads\/2025\/03\/falla-El-Picaor-768x512.jpg 768w, https:\/\/tucomarca.whitekongsoftware.com\/wp-content\/uploads\/2025\/03\/falla-El-Picaor-1536x1025.jpg 1536w, https:\/\/tucomarca.whitekongsoftware.com\/wp-content\/uploads\/2025\/03\/falla-El-Picaor.jpg 2048w\" sizes=\"auto, (max-width: 1024px) 100vw, 1024px\" \/><\/figure>\n\n\n\n<figure class=\"wp-block-image size-large\"><img loading=\"lazy\" decoding=\"async\" width=\"1024\" height=\"683\" data-id=\"256208\" src=\"https:\/\/www.tucomarca.com\/wordpress\/segunda\/wp-content\/uploads\/2025\/03\/falla-El-Pilar-1024x683.jpg\" alt=\"\" class=\"wp-image-256208\" srcset=\"https:\/\/tucomarca.whitekongsoftware.com\/wp-content\/uploads\/2025\/03\/falla-El-Pilar-1024x683.jpg 1024w, https:\/\/tucomarca.whitekongsoftware.com\/wp-content\/uploads\/2025\/03\/falla-El-Pilar-300x200.jpg 300w, https:\/\/tucomarca.whitekongsoftware.com\/wp-content\/uploads\/2025\/03\/falla-El-Pilar-768x512.jpg 768w, https:\/\/tucomarca.whitekongsoftware.com\/wp-content\/uploads\/2025\/03\/falla-El-Pilar-1536x1024.jpg 1536w, https:\/\/tucomarca.whitekongsoftware.com\/wp-content\/uploads\/2025\/03\/falla-El-Pilar.jpg 1920w\" sizes=\"auto, (max-width: 1024px) 100vw, 1024px\" \/><\/figure>\n\n\n\n<figure class=\"wp-block-image size-large\"><img loading=\"lazy\" decoding=\"async\" width=\"768\" height=\"1024\" data-id=\"256197\" src=\"https:\/\/www.tucomarca.com\/wordpress\/segunda\/wp-content\/uploads\/2025\/03\/carrer-de-lliria-ninot-768x1024.jpg\" alt=\"\" class=\"wp-image-256197\" srcset=\"https:\/\/tucomarca.whitekongsoftware.com\/wp-content\/uploads\/2025\/03\/carrer-de-lliria-ninot-768x1024.jpg 768w, https:\/\/tucomarca.whitekongsoftware.com\/wp-content\/uploads\/2025\/03\/carrer-de-lliria-ninot-225x300.jpg 225w, https:\/\/tucomarca.whitekongsoftware.com\/wp-content\/uploads\/2025\/03\/carrer-de-lliria-ninot-1152x1536.jpg 1152w, https:\/\/tucomarca.whitekongsoftware.com\/wp-content\/uploads\/2025\/03\/carrer-de-lliria-ninot.jpg 1536w\" sizes=\"auto, (max-width: 768px) 100vw, 768px\" \/><\/figure>\n\n\n\n<figure class=\"wp-block-image size-large\"><img loading=\"lazy\" decoding=\"async\" width=\"768\" height=\"1024\" data-id=\"256202\" src=\"https:\/\/www.tucomarca.com\/wordpress\/segunda\/wp-content\/uploads\/2025\/03\/falla-atra-que-tal-ninot-768x1024.jpg\" alt=\"\" class=\"wp-image-256202\" srcset=\"https:\/\/tucomarca.whitekongsoftware.com\/wp-content\/uploads\/2025\/03\/falla-atra-que-tal-ninot-768x1024.jpg 768w, https:\/\/tucomarca.whitekongsoftware.com\/wp-content\/uploads\/2025\/03\/falla-atra-que-tal-ninot-225x300.jpg 225w, https:\/\/tucomarca.whitekongsoftware.com\/wp-content\/uploads\/2025\/03\/falla-atra-que-tal-ninot-1152x1536.jpg 1152w, https:\/\/tucomarca.whitekongsoftware.com\/wp-content\/uploads\/2025\/03\/falla-atra-que-tal-ninot.jpg 1536w\" sizes=\"auto, (max-width: 768px) 100vw, 768px\" \/><\/figure>\n\n\n\n<figure class=\"wp-block-image size-large\"><img loading=\"lazy\" decoding=\"async\" width=\"768\" height=\"1024\" data-id=\"256195\" src=\"https:\/\/www.tucomarca.com\/wordpress\/segunda\/wp-content\/uploads\/2025\/03\/falla-el-picaor-ninot-768x1024.jpg\" alt=\"\" class=\"wp-image-256195\" srcset=\"https:\/\/tucomarca.whitekongsoftware.com\/wp-content\/uploads\/2025\/03\/falla-el-picaor-ninot-768x1024.jpg 768w, https:\/\/tucomarca.whitekongsoftware.com\/wp-content\/uploads\/2025\/03\/falla-el-picaor-ninot-225x300.jpg 225w, https:\/\/tucomarca.whitekongsoftware.com\/wp-content\/uploads\/2025\/03\/falla-el-picaor-ninot-1152x1536.jpg 1152w, https:\/\/tucomarca.whitekongsoftware.com\/wp-content\/uploads\/2025\/03\/falla-el-picaor-ninot.jpg 1536w\" sizes=\"auto, (max-width: 768px) 100vw, 768px\" \/><\/figure>\n\n\n\n<figure class=\"wp-block-image size-large\"><img loading=\"lazy\" decoding=\"async\" width=\"683\" height=\"1024\" data-id=\"256207\" src=\"https:\/\/www.tucomarca.com\/wordpress\/segunda\/wp-content\/uploads\/2025\/03\/falla-el-pilar-ninot-683x1024.jpg\" alt=\"\" class=\"wp-image-256207\" srcset=\"https:\/\/tucomarca.whitekongsoftware.com\/wp-content\/uploads\/2025\/03\/falla-el-pilar-ninot-683x1024.jpg 683w, https:\/\/tucomarca.whitekongsoftware.com\/wp-content\/uploads\/2025\/03\/falla-el-pilar-ninot-200x300.jpg 200w, https:\/\/tucomarca.whitekongsoftware.com\/wp-content\/uploads\/2025\/03\/falla-el-pilar-ninot-768x1152.jpg 768w, https:\/\/tucomarca.whitekongsoftware.com\/wp-content\/uploads\/2025\/03\/falla-el-pilar-ninot-1024x1536.jpg 1024w, https:\/\/tucomarca.whitekongsoftware.com\/wp-content\/uploads\/2025\/03\/falla-el-pilar-ninot-rotated.jpg 1280w\" sizes=\"auto, (max-width: 683px) 100vw, 683px\" \/><\/figure>\n<\/figure>\n","protected":false},"excerpt":{"rendered":"<div class=\"mh-excerpt\">El Pilar i Picaor s&#8217;emporten els premis en 2n i 3r secci\u00f3, mentre que carrer de Lliria i Atra Que Tal es van al\u00e7ar amb el premi en 1a categoria. Les falles de Benaguasil van <a class=\"mh-excerpt-more\" href=\"https:\/\/tucomarca.whitekongsoftware.com\/ca\/fotogaleria-benaguasil-entrega-els-premis-del-ninot-indultat\/\" title=\"Fotogaler\u00eda: Benaguasil entrega els premis del ninot indultat\">[+] <\/a><\/div>\n","protected":false},"author":13,"featured_media":256212,"comment_status":"open","ping_status":"open","sticky":false,"template":"","format":"gallery","meta":{"footnotes":""},"categories":[10952,10892,10894,11004,11007,11008,10896],"tags":[11136,10899,11499],"class_list":["post-256217","post","type-post","status-publish","format-gallery","has-post-thumbnail","category-benaguasil-ca","category-camp-de-turia-ca","category-la-comarca-ca","category-la-semana-en-imagenes-ca","category-ocio-y-cultura-ca","category-pueblos-en-fiestas-ca","category-seccion-ca","tag-benaguasil-ca","tag-camp-de-turia-ca","tag-fallas-ca","post_format-post-format-gallery"],"_links":{"self":[{"href":"https:\/\/tucomarca.whitekongsoftware.com\/ca\/wp-json\/wp\/v2\/posts\/256217","targetHints":{"allow":["GET"]}}],"collection":[{"href":"https:\/\/tucomarca.whitekongsoftware.com\/ca\/wp-json\/wp\/v2\/posts"}],"about":[{"href":"https:\/\/tucomarca.whitekongsoftware.com\/ca\/wp-json\/wp\/v2\/types\/post"}],"author":[{"embeddable":true,"href":"https:\/\/tucomarca.whitekongsoftware.com\/ca\/wp-json\/wp\/v2\/users\/13"}],"replies":[{"embeddable":true,"href":"https:\/\/tucomarca.whitekongsoftware.com\/ca\/wp-json\/wp\/v2\/comments?post=256217"}],"version-history":[{"count":0,"href":"https:\/\/tucomarca.whitekongsoftware.com\/ca\/wp-json\/wp\/v2\/posts\/256217\/revisions"}],"wp:featuredmedia":[{"embeddable":true,"href":"https:\/\/tucomarca.whitekongsoftware.com\/ca\/wp-json\/wp\/v2\/media\/256212"}],"wp:attachment":[{"href":"https:\/\/tucomarca.whitekongsoftware.com\/ca\/wp-json\/wp\/v2\/media?parent=256217"}],"wp:term":[{"taxonomy":"category","embeddable":true,"href":"https:\/\/tucomarca.whitekongsoftware.com\/ca\/wp-json\/wp\/v2\/categories?post=256217"},{"taxonomy":"post_tag","embeddable":true,"href":"https:\/\/tucomarca.whitekongsoftware.com\/ca\/wp-json\/wp\/v2\/tags?post=256217"}],"curies":[{"name":"wp","href":"https:\/\/api.w.org\/{rel}","templated":true}]}}