{"id":256162,"date":"2025-03-03T10:00:00","date_gmt":"2025-03-03T09:00:00","guid":{"rendered":"https:\/\/www.tucomarca.com\/wordpress\/segunda\/?p=256162"},"modified":"2025-03-03T14:08:05","modified_gmt":"2025-03-03T13:08:05","slug":"les-pluges-daquesta-passada-nit-deixen-inundacions-en-el-poligon-de-xiva-i-diverses-carreteres-tallades","status":"publish","type":"post","link":"https:\/\/tucomarca.whitekongsoftware.com\/ca\/les-pluges-daquesta-passada-nit-deixen-inundacions-en-el-poligon-de-xiva-i-diverses-carreteres-tallades\/","title":{"rendered":"Les pluges d&#8217;aquesta passada nit deixen inundacions en el pol\u00edgon de Xiva i diverses carreteres tallades"},"content":{"rendered":"\n<p class=\"wp-block-paragraph\">A pesar que les precipitacions no han sigut torrencials, la nit d&#8217;aquest diumenge al dilluns ja ha deixat diversos incidents a les comarques de l&#8217;interior de la prov\u00edncia. Concretament, durant aquesta matinada, 15 carreteres han quedat tallades a causa de les acumulacions d&#8217;aigua i els danys en les infraestructures.<\/p>\n\n\n\n<p class=\"wp-block-paragraph\">Un dels punts m\u00e9s afectats \u00e9s la zona de Xiva, on les pluges han provocat inundacions en el pol\u00edgon industrial, generant dificultats en la circulaci\u00f3 i afectacions en diverses instal\u00b7lacions.<\/p>\n\n\n\n<p class=\"wp-block-paragraph\">Les \u00e0rees que van ser arrasades per la DANA del passat 29 d&#8217;octubre estan experimentant nous incidents, encara que de menor gravetat. En particular, el barranc del Pedr\u00eds ha tornat a portar aigua, encara que en quantitats molt inferiors a les registrades durant la trag\u00e8dia.<\/p>\n\n\n\n<p class=\"wp-block-paragraph\">Respecte a les carreteres afectades, aquestes s\u00f3n:<\/p>\n\n\n\n<ul class=\"wp-block-list\">\n<li>Val\u00e8ncia CV-416 9.2 9.4 Godelleta.<\/li>\n\n\n\n<li>Val\u00e8ncia CV-422 4.0 4.5 Tor\u00eds.<\/li>\n\n\n\n<li>Val\u00e8ncia CV-426 4.0 13.87 I\u00e0tova &#8211; Bunyol.<\/li>\n\n\n\n<li>Val\u00e8ncia CV-427 4.0 6.0 Bunyol.<\/li>\n\n\n\n<li>Val\u00e8ncia CV-429 16.0 28.8 I\u00e0tova &#8211; Hortunas.<\/li>\n<\/ul>\n\n\n\n<p class=\"wp-block-paragraph\"><strong>Carreteres talladess actualitzades a las 13,15 hores de hui:<\/strong><\/p>\n\n\n\n<figure class=\"wp-block-image size-large\"><img loading=\"lazy\" decoding=\"async\" width=\"1024\" height=\"462\" src=\"http:\/\/www.tucomarca.com\/wordpress\/segunda\/wp-content\/uploads\/2025\/03\/CarreterasCortadasInundaciones-1024x462.jpg\" alt=\"\" class=\"wp-image-256215\" srcset=\"https:\/\/tucomarca.whitekongsoftware.com\/wp-content\/uploads\/2025\/03\/CarreterasCortadasInundaciones-1024x462.jpg 1024w, https:\/\/tucomarca.whitekongsoftware.com\/wp-content\/uploads\/2025\/03\/CarreterasCortadasInundaciones-300x135.jpg 300w, https:\/\/tucomarca.whitekongsoftware.com\/wp-content\/uploads\/2025\/03\/CarreterasCortadasInundaciones-768x346.jpg 768w, https:\/\/tucomarca.whitekongsoftware.com\/wp-content\/uploads\/2025\/03\/CarreterasCortadasInundaciones-1536x693.jpg 1536w, https:\/\/tucomarca.whitekongsoftware.com\/wp-content\/uploads\/2025\/03\/CarreterasCortadasInundaciones.jpg 1683w\" sizes=\"auto, (max-width: 1024px) 100vw, 1024px\" \/><\/figure>\n\n\n\n<p class=\"wp-block-paragraph\">La GVA informa tamb\u00e9 de camins rurals i comarcals negats en els termes municipals de Xiva, Bugarra, Pedralba, Casinos, Bugarra, Xest i Villamarxant.<\/p>\n","protected":false},"excerpt":{"rendered":"<div class=\"mh-excerpt\">A pesar que les precipitacions no han sigut torrencials, la nit d&#8217;aquest diumenge al dilluns ja ha deixat diversos incidents a les comarques de l&#8217;interior de la prov\u00edncia. Concretament, durant aquesta matinada, 15 carreteres han <a class=\"mh-excerpt-more\" href=\"https:\/\/tucomarca.whitekongsoftware.com\/ca\/les-pluges-daquesta-passada-nit-deixen-inundacions-en-el-poligon-de-xiva-i-diverses-carreteres-tallades\/\" title=\"Les pluges d&#8217;aquesta passada nit deixen inundacions en el pol\u00edgon de Xiva i diverses carreteres tallades\">[+] <\/a><\/div>\n","protected":false},"author":12,"featured_media":256168,"comment_status":"open","ping_status":"open","sticky":false,"template":"","format":"standard","meta":{"footnotes":""},"categories":[10911,21466,10898,10977,10980,10948,10894,10904,10912,10902,10903,10896,10897,11047,10975],"tags":[10913,11195,15409,10914,21962],"class_list":["post-256162","post","type-post","status-publish","format-standard","has-post-thumbnail","category-bunol-ca","category-dana-ca","category-ventana-ca","category-godelleta-ca","category-yatova-ca","category-infraestructuras-ca","category-la-comarca-ca","category-sin-categorizar-ca","category-la-hoya-ca","category-la-ribera-ca","category-medio-ambiente-la-comarca-ca","category-seccion-ca","category-sucesos-la-comarca-ca","category-turis-ca","category-chiva-ca","tag-bunol-ca","tag-chiva-ca","tag-dana-2-ca","tag-la-hoya-de-bunol-chiva-ca","tag-poligono-de-chiva-ca"],"_links":{"self":[{"href":"https:\/\/tucomarca.whitekongsoftware.com\/ca\/wp-json\/wp\/v2\/posts\/256162","targetHints":{"allow":["GET"]}}],"collection":[{"href":"https:\/\/tucomarca.whitekongsoftware.com\/ca\/wp-json\/wp\/v2\/posts"}],"about":[{"href":"https:\/\/tucomarca.whitekongsoftware.com\/ca\/wp-json\/wp\/v2\/types\/post"}],"author":[{"embeddable":true,"href":"https:\/\/tucomarca.whitekongsoftware.com\/ca\/wp-json\/wp\/v2\/users\/12"}],"replies":[{"embeddable":true,"href":"https:\/\/tucomarca.whitekongsoftware.com\/ca\/wp-json\/wp\/v2\/comments?post=256162"}],"version-history":[{"count":0,"href":"https:\/\/tucomarca.whitekongsoftware.com\/ca\/wp-json\/wp\/v2\/posts\/256162\/revisions"}],"wp:featuredmedia":[{"embeddable":true,"href":"https:\/\/tucomarca.whitekongsoftware.com\/ca\/wp-json\/wp\/v2\/media\/256168"}],"wp:attachment":[{"href":"https:\/\/tucomarca.whitekongsoftware.com\/ca\/wp-json\/wp\/v2\/media?parent=256162"}],"wp:term":[{"taxonomy":"category","embeddable":true,"href":"https:\/\/tucomarca.whitekongsoftware.com\/ca\/wp-json\/wp\/v2\/categories?post=256162"},{"taxonomy":"post_tag","embeddable":true,"href":"https:\/\/tucomarca.whitekongsoftware.com\/ca\/wp-json\/wp\/v2\/tags?post=256162"}],"curies":[{"name":"wp","href":"https:\/\/api.w.org\/{rel}","templated":true}]}}