{"id":255921,"date":"2025-02-27T18:00:00","date_gmt":"2025-02-27T17:00:00","guid":{"rendered":"https:\/\/www.tucomarca.com\/wordpress\/segunda\/?p=255921"},"modified":"2025-02-27T19:17:02","modified_gmt":"2025-02-27T18:17:02","slug":"salome-pradas-la-alerta-se-mando-por-la-presa-de-forata-no-por-el-barranco-del-poyo","status":"publish","type":"post","link":"https:\/\/tucomarca.whitekongsoftware.com\/ca\/salome-pradas-la-alerta-se-mando-por-la-presa-de-forata-no-por-el-barranco-del-poyo\/","title":{"rendered":"Salom\u00e9 Pradas: &#8220;l&#8217;alerta es va llan\u00e7ar per la presa de Forata, no pel barranc del Poyo&#8221;"},"content":{"rendered":"\n<p class=\"wp-block-paragraph\">La exconsellera d&#8217;Interior del govern valenci\u00e0 i la m\u00e0xima responsable d&#8217;Emerg\u00e8ncies en el moment de la trag\u00e8dia del 29 d&#8217;octubre,&nbsp;Salom\u00e9 Pradas, ha trencat el seu silenci aquest dijous per a apuntar directament cap als responsables de vigilar els llits i els cabals de les diferents conques causants de les riuades que van assolar bon part de la prov\u00edncia el passat 29 d&#8217;octubre, als qui ha acusat d&#8217;estar pendents de la presa de Forata i no del que ocorria en el barranc del Poyo.<\/p>\n\n\n\n<p class=\"wp-block-paragraph\">&#8220;L&#8217;alerta es va manar per la presa de Forata, no pel barranc del Poyo, del qual no sab\u00edem res, quan els t\u00e8cnics ho van recomanar&#8221;, tal com ha reiterat aquest dijous davant els mitjans de comunicaci\u00f3 Salom\u00e9 Pradas.<\/p>\n\n\n\n<p class=\"wp-block-paragraph\">En el mateix sentit, des del Consell s&#8217;ha criticat que l'&#8221;esquerra porte quatre mesos dient assass\u00ed a Maz\u00f3n dient que va interrompre la reuni\u00f3 del CECOPI provocant el retard de l&#8217;enviament perqu\u00e8 calia posar-li al dia. Porten quatre mesos dient que va caldre esperar-li per a manar l&#8217;alerta. La Delegada del Govern va voler incriminar-li judicialment dient que li havia vist en el moment en el qual es va prendre la decisi\u00f3, com si la seua pres\u00e8ncia haguera sigut el factor determinant del retard i no l&#8217;abs\u00e8ncia d&#8217;informaci\u00f3 sobre el barranc del Poyo que va destruir Paiporta i Catarroja&#8221;.<\/p>\n\n\n\n<p class=\"wp-block-paragraph\"><strong>Arribada de Maz\u00f3n al CECOPI<\/strong><\/p>\n\n\n\n<p class=\"wp-block-paragraph\">Respecte a la versi\u00f3 oferida ara pel President de la Generalitat, fonts del Consell han assegurat &#8220;que no hi ha cap canvi de versi\u00f3 de Maz\u00f3n: sempre va dir que la vesprada va canviar a partir de les 19,00 hores, quan s&#8217;avisa del risc de la presa de Forata, ac\u00ed est\u00e0 l&#8217;hemeroteca. Quan l&#8217;informen parla amb el Secretari d&#8217;Infraestructures, que li explica en qu\u00e8 consisteix la situaci\u00f3; i amb la Consellera d&#8217;Emerg\u00e8ncies, tamb\u00e9. \u00c9s llavors quan es trasllada a acompanyar-los al CECOPI malgrat no ser membre&#8221;.<\/p>\n\n\n\n<p class=\"wp-block-paragraph\">&#8220;\u00c9s a m\u00e9s radicalment fals que no se s\u00e0pia on va estar el president des de les 15,00 hores: en un menjar de treball contrastada per tots els mitjans de comunicaci\u00f3, despr\u00e9s al Palau fent i rebent anomenades i despr\u00e9s en el CECOPI&#8221;, ha reiterat fonts de l&#8217;executiu valenci\u00e0.<\/p>\n\n\n\n<p class=\"wp-block-paragraph\">Respecte al missatge que mana Teresa Ribera, &#8220;el fa quan ja han comen\u00e7at a fallar les comunicacions, alguna cosa que l&#8217;alcaldessa de Paiporta, del PSOE, porta dient-ho des del primer dia. A pesar que ella ho envie a les 20,20 hores, quan a Maz\u00f3n li arriba el missatge est\u00e0 ja en el CECOPI. Per aix\u00f2 contacten per tel\u00e8fon despr\u00e9s i no abans&#8221;, tal com han explicat les fonts del govern valenci\u00e0 consultades.<\/p>\n","protected":false},"excerpt":{"rendered":"<div class=\"mh-excerpt\">La exconsellera d&#8217;Interior del govern valenci\u00e0 i la m\u00e0xima responsable d&#8217;Emerg\u00e8ncies en el moment de la trag\u00e8dia del 29 d&#8217;octubre,&nbsp;Salom\u00e9 Pradas, ha trencat el seu silenci aquest dijous per a apuntar directament cap als responsables <a class=\"mh-excerpt-more\" href=\"https:\/\/tucomarca.whitekongsoftware.com\/ca\/salome-pradas-la-alerta-se-mando-por-la-presa-de-forata-no-por-el-barranco-del-poyo\/\" title=\"Salom\u00e9 Pradas: &#8220;l&#8217;alerta es va llan\u00e7ar per la presa de Forata, no pel barranc del Poyo&#8221;\">[+] <\/a><\/div>\n","protected":false},"author":1,"featured_media":255920,"comment_status":"open","ping_status":"open","sticky":false,"template":"","format":"standard","meta":{"footnotes":""},"categories":[21466,10898,10948,10894,10904,10912,10903,10947,10909,10896,10897],"tags":[15409,11498,11199,21949],"class_list":["post-255921","post","type-post","status-publish","format-standard","has-post-thumbnail","category-dana-ca","category-ventana-ca","category-infraestructuras-ca","category-la-comarca-ca","category-sin-categorizar-ca","category-la-hoya-ca","category-medio-ambiente-la-comarca-ca","category-politica","category-requena-utiel-ca","category-seccion-ca","category-sucesos-la-comarca-ca","tag-dana-2-ca","tag-generalitat-valenciana-ca","tag-la-comunitat-ca","tag-salome-pradas-ca"],"_links":{"self":[{"href":"https:\/\/tucomarca.whitekongsoftware.com\/ca\/wp-json\/wp\/v2\/posts\/255921","targetHints":{"allow":["GET"]}}],"collection":[{"href":"https:\/\/tucomarca.whitekongsoftware.com\/ca\/wp-json\/wp\/v2\/posts"}],"about":[{"href":"https:\/\/tucomarca.whitekongsoftware.com\/ca\/wp-json\/wp\/v2\/types\/post"}],"author":[{"embeddable":true,"href":"https:\/\/tucomarca.whitekongsoftware.com\/ca\/wp-json\/wp\/v2\/users\/1"}],"replies":[{"embeddable":true,"href":"https:\/\/tucomarca.whitekongsoftware.com\/ca\/wp-json\/wp\/v2\/comments?post=255921"}],"version-history":[{"count":0,"href":"https:\/\/tucomarca.whitekongsoftware.com\/ca\/wp-json\/wp\/v2\/posts\/255921\/revisions"}],"wp:featuredmedia":[{"embeddable":true,"href":"https:\/\/tucomarca.whitekongsoftware.com\/ca\/wp-json\/wp\/v2\/media\/255920"}],"wp:attachment":[{"href":"https:\/\/tucomarca.whitekongsoftware.com\/ca\/wp-json\/wp\/v2\/media?parent=255921"}],"wp:term":[{"taxonomy":"category","embeddable":true,"href":"https:\/\/tucomarca.whitekongsoftware.com\/ca\/wp-json\/wp\/v2\/categories?post=255921"},{"taxonomy":"post_tag","embeddable":true,"href":"https:\/\/tucomarca.whitekongsoftware.com\/ca\/wp-json\/wp\/v2\/tags?post=255921"}],"curies":[{"name":"wp","href":"https:\/\/api.w.org\/{rel}","templated":true}]}}