{"id":255903,"date":"2025-02-27T12:30:00","date_gmt":"2025-02-27T11:30:00","guid":{"rendered":"https:\/\/www.tucomarca.com\/wordpress\/segunda\/?p=255903"},"modified":"2025-02-27T19:50:53","modified_gmt":"2025-02-27T18:50:53","slug":"la-diputacio-aprova-noves-inversions-per-valor-de-540-000-euros-en-quesa-la-llosa-de-ranes-lolleria-i-vallada","status":"publish","type":"post","link":"https:\/\/tucomarca.whitekongsoftware.com\/ca\/la-diputacio-aprova-noves-inversions-per-valor-de-540-000-euros-en-quesa-la-llosa-de-ranes-lolleria-i-vallada\/","title":{"rendered":"La Diputaci\u00f3 aprova noves inversions per valor de 540.000 euros en Quesa, La Llosa de Ranes, L&#8217;Olleria i Vallada"},"content":{"rendered":"\n<h3 class=\"wp-block-heading\"><strong><strong>La comarca de la Costera t\u00e9 dos projectes aprovats al febrer i la Vall d&#8217;Albaida i la Canal un en el marc del Pla Obert 2024-2027<\/strong><\/strong>.<\/h3>\n\n\n\n<h3 class=\"wp-block-heading\"><strong><strong>La vicepresidenta Nat\u00e0lia Enguix destaca el ritme de presentaci\u00f3 de projectes en un pla quadriennal amb 350 milions d&#8217;euros que ja ha donat llum verda a 300 sol\u00b7licituds per valor d&#8217;una mica m\u00e9s de 45 milions<\/strong><\/strong>.<\/h3>\n\n\n\n<h3 class=\"wp-block-heading\"><strong><strong>Enguix posa en valor \u201cles millores en instal\u00b7lacions esportives, espais verds i el cicle integral de l&#8217;aigua, que s\u00f3n algunes de les actuacions que incentivem per la seua import\u00e0ncia per a la qualitat de vida de les persones\u201d<\/strong><\/strong>.<\/h3>\n\n\n\n<p class=\"wp-block-paragraph\">Quesa a la Canal de Navarr\u00e9s, L&#8217;Olleria a la Vall d&#8217;Albaida i Vallada i La Llosa de Ranes, en la Costanera han rebut el vistiplau de la Diputaci\u00f3 a les sol\u00b7licituds presentades en el marc del Pla Obert, el principal programa inversor de la corporaci\u00f3 provincial. En conjunt, han sigut aprovats quatre projectes amb una inversi\u00f3 global de 540.178 euros, dels 64,5 milions que tenen assignats les tres comarques en el pla que coordina l&#8217;\u00e0rea de Cooperaci\u00f3 Municipal i la vicepresidenta primera, Nat\u00e0lia Enguix. La principal novetat del programa \u00e9s que no existeixen terminis i les actuacions proposades es van presentant de manera cont\u00ednua, facilitant la seua execuci\u00f3.<\/p>\n\n\n\n<p class=\"wp-block-paragraph\">La Diputaci\u00f3 de Val\u00e8ncia ha donat llum verda al febrer a dos nous decrets del Pla Obert, que consten de 44 projectes presentats per 36 municipis de totes les comarques, amb una inversi\u00f3 de 7.622.962 euros. Les recents entregues del pla, amb una dotaci\u00f3 quadriennal de 350 milions d&#8217;euros, \u201cinclouen importants actuacions en mat\u00e8ria d&#8217;aigua, urbanisme, instal\u00b7lacions esportives, espais verds i mobilitat sostenible, la qual cosa demostra la responsabilitat d&#8217;alcaldes i alcaldesses a l&#8217;hora de destinar els diners del pla a millorar els seus servicis i infraestructures\u201d, destaca la vicepresidenta Nat\u00e0lia Enguix.<\/p>\n\n\n\n<p class=\"wp-block-paragraph\">El desglossament dels nous decrets en l&#8217;\u00e0mbit de la prov\u00edncia deixa 13 actuacions de millora d&#8217;instal\u00b7lacions esportives; huit en el cicle integral de l&#8217;aigua; set en parcs i zones verdes, i altres en \u00e0mbits diversos com l&#8217;urbanisme, l&#8217;efici\u00e8ncia energ\u00e8tica, la mobilitat sostenible o l&#8217;adquisici\u00f3 d&#8217;immobles i vehicles per a \u00fas local. \u201cEls ajuntaments invertixen en projectes que incentivem des de la Diputaci\u00f3 per la seua rellev\u00e0ncia per a la qualitat de vida de les ve\u00efnes i ve\u00efns dels nostres pobles\u201d, explica Enguix, qui posa com a exemple \u201cles xarxes d&#8217;aigua potable, la depuraci\u00f3, els espais verds, les noves energies i els complexos esportius com a base del desenvolupament sostenible que hem de protegir des de les institucions\u201d.<\/p>\n\n\n\n<p class=\"wp-block-paragraph\">Per part seua, el president de la Diputaci\u00f3, Vicent Momp\u00f3, mostra la seua satisfacci\u00f3 per la implantaci\u00f3 del Pla Obert, que des de la seua posada en marxa a la fi d&#8217;abril de 2024 ha aprovat un total de 299 projectes presentats per municipis de totes les comarques, amb una inversi\u00f3 global de 45,1 milions d&#8217;euros. \u201cEstem aconseguint que els ajuntaments aprofiten les facilitats del pla, amb el temps suficient per a presentar les seues sol\u00b7licituds i poder-les executar. Era una de les assignatures pendents en els plans d&#8217;inversi\u00f3 i hem refor\u00e7at eixe acompanyament en els processos perqu\u00e8 els diners es queden als municipis\u201d.<\/p>\n\n\n\n<p class=\"wp-block-paragraph\">El Pla Obert de la Diputaci\u00f3 \u00e9s un programa progressiu, que t\u00e9 previst incrementar la inversi\u00f3 i els projectes presentats segons avance la legislatura, \u201cpermetent als alcaldes i alcaldesses definir b\u00e9 les seues propostes i atendre necessitats sobrevingudes, com ha sigut la dana\u201d, assenyala la responsable de Cooperaci\u00f3 Municipal. En este sentit, la Diputaci\u00f3 ha incorporat als comptes de 2025 una partida de 105 milions d&#8217;euros per a subvencionar els projectes del Pla Obert, quasi una tercera part de la dotaci\u00f3 total del pla, recorda Nat\u00e0lia Enguix.<\/p>\n\n\n\n<p class=\"wp-block-paragraph\"><strong>Projectes aprovats en la Costera, la Vall i la Canal<\/strong><\/p>\n\n\n\n<p class=\"wp-block-paragraph\">Les actuacions aprovades a la comarca de la Costera s\u00f3n la renovaci\u00f3 i millora de la piscina i el seu recinte situat en les instal\u00b7lacions esportives de Vallada, amb una inversi\u00f3 de 370.000 euros; i la substituci\u00f3 de l&#8217;enllumenat p\u00fablic a La Llosa de Ranes, un projecte d&#8217;efici\u00e8ncia energ\u00e8tica que compta amb un pressupost de 141.000 euros. la Costera disposa en el Pla Obert de 21,3 milions d&#8217;euros per al per\u00edode 2024-2027, 3,5 milions m\u00e9s que en l&#8217;anterior legislatura.<\/p>\n\n\n\n<p class=\"wp-block-paragraph\">A la Vall d&#8217;Albaida, que compta amb una assignaci\u00f3 global de 33,8 milions d&#8217;euros, 5,6 m\u00e9s que en el per\u00edode 2029-2023, s&#8217;ha presentat un \u00fanic projecte el mes de febrer: la rehabilitaci\u00f3 d&#8217;un tram de col\u00b7lector al carrer Dos de Maig de L&#8217;Olleria i la renovaci\u00f3 de la xarxa d&#8217;aigua potable al carrer 25 d&#8217;abril, amb una inversi\u00f3 de 20.000 euros. A la Canal de Navarr\u00e9s, amb 9,4 milions d&#8217;assignaci\u00f3 per als seus municipis, quasi dos milions m\u00e9s que en l&#8217;anterior legislatura, tamb\u00e9 s&#8217;ha validat un \u00fanic projecte este mes: la instal\u00b7laci\u00f3 d&#8217;escomesa el\u00e8ctrica en el bar del poliesportiu de Quesa.<\/p>\n\n\n\n<p class=\"wp-block-paragraph\">La vicepresidenta Enguix recorda que els municipis amb afectaci\u00f3 per la dana, els 100 inclosos en el llistat de la Generalitat, \u201cpoden invertir els diners del pla en projectes vinculats a la reconstrucci\u00f3, sense necessitat de respectar els percentatges establits quant a actuacions del cicle de l&#8217;aigua, zones verdes i instal\u00b7lacions esportives\u201d. El president Momp\u00f3 insistix en la proximitat de la instituci\u00f3 amb els 266 municipis i les tres entitats locals menors de la prov\u00edncia: \u201cens hem marcat el repte d&#8217;acompanyar a tots els ajuntaments en el cam\u00ed que els toca rec\u00f3rrer, siga el del retorn a la normalitat o el de donar forma als pobles amb els quals han somiat per a les persones que els habiten\u201d.<\/p>\n","protected":false},"excerpt":{"rendered":"<div class=\"mh-excerpt\">La comarca de la Costera t\u00e9 dos projectes aprovats al febrer i la Vall d&#8217;Albaida i la Canal un en el marc del Pla Obert 2024-2027. La vicepresidenta Nat\u00e0lia Enguix destaca el ritme de presentaci\u00f3 <a class=\"mh-excerpt-more\" href=\"https:\/\/tucomarca.whitekongsoftware.com\/ca\/la-diputacio-aprova-noves-inversions-per-valor-de-540-000-euros-en-quesa-la-llosa-de-ranes-lolleria-i-vallada\/\" title=\"La Diputaci\u00f3 aprova noves inversions per valor de 540.000 euros en Quesa, La Llosa de Ranes, L&#8217;Olleria i Vallada\">[+] <\/a><\/div>\n","protected":false},"author":13,"featured_media":255908,"comment_status":"open","ping_status":"open","sticky":false,"template":"","format":"standard","meta":{"footnotes":""},"categories":[20520,10898,10948,10963,10894,10904,20456,10947,10972,10896],"tags":[11094,11199,21108,11104],"class_list":["post-255903","post","type-post","status-publish","format-standard","has-post-thumbnail","category-cooperacio-municipal","category-ventana-ca","category-infraestructuras-ca","category-la-canal-de-navarres-ca","category-la-comarca-ca","category-sin-categorizar-ca","category-la-diputacio-de-valencia-informa-ca","category-politica","category-quesa-ca","category-seccion-ca","tag-la-canal-de-navarres","tag-la-comunitat-ca","tag-la-diputacio-en-las-comarcas-ca","tag-quesa-ca"],"_links":{"self":[{"href":"https:\/\/tucomarca.whitekongsoftware.com\/ca\/wp-json\/wp\/v2\/posts\/255903","targetHints":{"allow":["GET"]}}],"collection":[{"href":"https:\/\/tucomarca.whitekongsoftware.com\/ca\/wp-json\/wp\/v2\/posts"}],"about":[{"href":"https:\/\/tucomarca.whitekongsoftware.com\/ca\/wp-json\/wp\/v2\/types\/post"}],"author":[{"embeddable":true,"href":"https:\/\/tucomarca.whitekongsoftware.com\/ca\/wp-json\/wp\/v2\/users\/13"}],"replies":[{"embeddable":true,"href":"https:\/\/tucomarca.whitekongsoftware.com\/ca\/wp-json\/wp\/v2\/comments?post=255903"}],"version-history":[{"count":0,"href":"https:\/\/tucomarca.whitekongsoftware.com\/ca\/wp-json\/wp\/v2\/posts\/255903\/revisions"}],"wp:featuredmedia":[{"embeddable":true,"href":"https:\/\/tucomarca.whitekongsoftware.com\/ca\/wp-json\/wp\/v2\/media\/255908"}],"wp:attachment":[{"href":"https:\/\/tucomarca.whitekongsoftware.com\/ca\/wp-json\/wp\/v2\/media?parent=255903"}],"wp:term":[{"taxonomy":"category","embeddable":true,"href":"https:\/\/tucomarca.whitekongsoftware.com\/ca\/wp-json\/wp\/v2\/categories?post=255903"},{"taxonomy":"post_tag","embeddable":true,"href":"https:\/\/tucomarca.whitekongsoftware.com\/ca\/wp-json\/wp\/v2\/tags?post=255903"}],"curies":[{"name":"wp","href":"https:\/\/api.w.org\/{rel}","templated":true}]}}