{"id":255832,"date":"2025-02-27T12:27:00","date_gmt":"2025-02-27T11:27:00","guid":{"rendered":"https:\/\/www.tucomarca.com\/wordpress\/segunda\/?p=255832"},"modified":"2025-02-27T20:15:30","modified_gmt":"2025-02-27T19:15:30","slug":"cultura-publica-les-bases-per-a-cobrir-les-direccions-adjuntes-daudiovisuals-i-de-musica-de-linstitut-valencia-de-cultura","status":"publish","type":"post","link":"https:\/\/tucomarca.whitekongsoftware.com\/ca\/cultura-publica-les-bases-per-a-cobrir-les-direccions-adjuntes-daudiovisuals-i-de-musica-de-linstitut-valencia-de-cultura\/","title":{"rendered":"Cultura publica les bases per a cobrir les direccions adjuntes d\u2019Audiovisuals i de M\u00fasica de l\u2019Institut Valenci\u00e0 de Cultura"},"content":{"rendered":"\n<h3 class=\"wp-block-heading\">El\u00a0termini de presentaci\u00f3 de sol\u00b7licituds s\u2019inicia este dimarts, 25 de febrer, i ser\u00e0 de deu dies h\u00e0bils, segons publica el DOGV.<\/h3>\n\n\n\n<p class=\"wp-block-paragraph\">La Conselleria d\u2019Educaci\u00f3, Cultura, Universitats i Ocupaci\u00f3 ha publicat la resoluci\u00f3 amb les bases del procediment per a la selecci\u00f3 de les persones titulars de les direccions adjuntes d\u2019Arts Esc\u00e8niques, d\u2019Audiovisuals i Cinematografia i de M\u00fasica i Cultura Popular de l\u2019Institut Valenci\u00e0 de Cultura (IVC).<\/p>\n\n\n\n<p class=\"wp-block-paragraph\">Segons arreplega el&nbsp;<a href=\"https:\/\/dogv.gva.es\/va\/resultat-dogv?signatura=2025\/3111\">Diari Oficial de la Generalitat Valenciana<\/a>&nbsp;(DOGV), les persones candidates han d\u2019estar en possessi\u00f3 d\u2019una titulaci\u00f3 universit\u00e0ria de grau o equivalent i acreditar tres anys d\u2019experi\u00e8ncia professional d\u2019\u00e0mbit directiu o de responsabilitat en funcions relacionades amb la direcci\u00f3 adjunta a la qual s\u2019opte.<\/p>\n\n\n\n<p class=\"wp-block-paragraph\">Els interessats podran presentar les seues sol\u00b7licituds des de hui i durant un termini de deu dies h\u00e0bils a trav\u00e9s del&nbsp;<a href=\"https:\/\/ivc.convoca.online\/\">portal d\u2019ocupaci\u00f3 de l\u2019IVC<\/a>&nbsp;o a trav\u00e9s de la resta de formes previstes per llei, acompanyades obligat\u00f2riament del document d\u2019identitat, passaport o targeta de resid\u00e8ncia que corresponga; la titulaci\u00f3 acad\u00e8mica exigida i&nbsp;<em>curriculum vitae<\/em>&nbsp;i documentaci\u00f3 acreditativa d\u2019este.<\/p>\n\n\n\n<p class=\"wp-block-paragraph\">El procediment de selecci\u00f3 es desenrotllar\u00e0 en dos fases: una primera fase de comprovaci\u00f3 del compliment dels requisits de participaci\u00f3 i de valoraci\u00f3 de m\u00e8rits de la persona candidata consignats i degudament acreditats en el&nbsp;<em>curriculum vitae<\/em>, i una segona fase d\u2019entrevista davant la comissi\u00f3 de valoraci\u00f3.<\/p>\n\n\n\n<p class=\"wp-block-paragraph\">La comissi\u00f3 de valoraci\u00f3, en la qual participaran persones expertes i de reconegut prestigi de l\u2019\u00e0mbit de la gesti\u00f3 cultural i de l\u2019\u00e0mbit de l\u2019audiovisual i de la m\u00fasica, valorar\u00e0, entre altres, la solv\u00e8ncia acad\u00e8mica, professional, t\u00e8cnica, cient\u00edfica o art\u00edstica; l\u2019experi\u00e8ncia en l\u2019acompliment de llocs de responsabilitat en la gesti\u00f3 p\u00fablica o privada relacionada amb la disciplina corresponent a la direcci\u00f3 adjunta a la qual s\u2019opte; la capacitat de lideratge per a planificar, implementar i revisar estrat\u00e8gies, pol\u00edtiques i programes que facen possible assolir per part de l\u2019IVC la seua missi\u00f3 i objectius; la capacitat de comunicaci\u00f3 i negociaci\u00f3; la formaci\u00f3 en igualtat de g\u00e8nere; i el coneixement d\u2019idiomes, especialment dels cooficials de la Comunitat Valenciana.<\/p>\n\n\n\n<p class=\"wp-block-paragraph\">Els criteris espec\u00edfics de selecci\u00f3, participaci\u00f3, procediment de valoraci\u00f3 i elecci\u00f3 de candidats i altres aspectes detallats de la convocat\u00f2ria es poden consultar en el&nbsp;<a href=\"https:\/\/dogv.gva.es\/va\/resultat-dogv?signatura=2025\/3111\">DOGV<\/a>.<\/p>\n\n\n\n<p class=\"wp-block-paragraph\">L\u2019IVC \u00e9s una entitat de dret p\u00fablic, adscrita a la Conselleria d\u2019Educaci\u00f3, Cultura, Universitats i Ocupaci\u00f3, que t\u00e9 com a finalitat el desenrotllament i l\u2019execuci\u00f3 de la pol\u00edtica cultural de la Generalitat quant al coneixement, tutela, foment, recuperaci\u00f3, conservaci\u00f3, restauraci\u00f3, estudi, investigaci\u00f3, promoci\u00f3 i difusi\u00f3 de les arts esc\u00e8niques, musicals, i pl\u00e0stiques en totes les seues varietats i els museus en particular.<\/p>\n\n\n\n<p class=\"wp-block-paragraph\">L\u2019IVC assumix tamb\u00e9 les pol\u00edtiques culturals relacionades amb el patrimoni sonor, audiovisual i de la cinematografia, aix\u00ed com de la documentaci\u00f3 espec\u00edfica, amb especial dedicaci\u00f3 a la recuperaci\u00f3 conservaci\u00f3, restauraci\u00f3, catalogaci\u00f3 i difusi\u00f3 del patrimoni art\u00edstic en estes mat\u00e8ries.<\/p>\n","protected":false},"excerpt":{"rendered":"<div class=\"mh-excerpt\">El\u00a0termini de presentaci\u00f3 de sol\u00b7licituds s\u2019inicia este dimarts, 25 de febrer, i ser\u00e0 de deu dies h\u00e0bils, segons publica el DOGV. La Conselleria d\u2019Educaci\u00f3, Cultura, Universitats i Ocupaci\u00f3 ha publicat la resoluci\u00f3 amb les bases <a class=\"mh-excerpt-more\" href=\"https:\/\/tucomarca.whitekongsoftware.com\/ca\/cultura-publica-les-bases-per-a-cobrir-les-direccions-adjuntes-daudiovisuals-i-de-musica-de-linstitut-valencia-de-cultura\/\" title=\"Cultura publica les bases per a cobrir les direccions adjuntes d\u2019Audiovisuals i de M\u00fasica de l\u2019Institut Valenci\u00e0 de Cultura\">[+] <\/a><\/div>\n","protected":false},"author":13,"featured_media":229188,"comment_status":"open","ping_status":"open","sticky":false,"template":"","format":"standard","meta":{"footnotes":""},"categories":[10898,10894,10904,11007,10896],"tags":[13274,17761,11199,15856],"class_list":["post-255832","post","type-post","status-publish","format-standard","has-post-thumbnail","category-ventana-ca","category-la-comarca-ca","category-sin-categorizar-ca","category-ocio-y-cultura-ca","category-seccion-ca","tag-institut-valencia-de-cultura-ca","tag-ivc-ca","tag-la-comunitat-ca","tag-ocio-y-cultura-ca"],"_links":{"self":[{"href":"https:\/\/tucomarca.whitekongsoftware.com\/ca\/wp-json\/wp\/v2\/posts\/255832","targetHints":{"allow":["GET"]}}],"collection":[{"href":"https:\/\/tucomarca.whitekongsoftware.com\/ca\/wp-json\/wp\/v2\/posts"}],"about":[{"href":"https:\/\/tucomarca.whitekongsoftware.com\/ca\/wp-json\/wp\/v2\/types\/post"}],"author":[{"embeddable":true,"href":"https:\/\/tucomarca.whitekongsoftware.com\/ca\/wp-json\/wp\/v2\/users\/13"}],"replies":[{"embeddable":true,"href":"https:\/\/tucomarca.whitekongsoftware.com\/ca\/wp-json\/wp\/v2\/comments?post=255832"}],"version-history":[{"count":0,"href":"https:\/\/tucomarca.whitekongsoftware.com\/ca\/wp-json\/wp\/v2\/posts\/255832\/revisions"}],"wp:featuredmedia":[{"embeddable":true,"href":"https:\/\/tucomarca.whitekongsoftware.com\/ca\/wp-json\/wp\/v2\/media\/229188"}],"wp:attachment":[{"href":"https:\/\/tucomarca.whitekongsoftware.com\/ca\/wp-json\/wp\/v2\/media?parent=255832"}],"wp:term":[{"taxonomy":"category","embeddable":true,"href":"https:\/\/tucomarca.whitekongsoftware.com\/ca\/wp-json\/wp\/v2\/categories?post=255832"},{"taxonomy":"post_tag","embeddable":true,"href":"https:\/\/tucomarca.whitekongsoftware.com\/ca\/wp-json\/wp\/v2\/tags?post=255832"}],"curies":[{"name":"wp","href":"https:\/\/api.w.org\/{rel}","templated":true}]}}