{"id":255822,"date":"2025-02-28T09:30:00","date_gmt":"2025-02-28T08:30:00","guid":{"rendered":"https:\/\/www.tucomarca.com\/wordpress\/segunda\/?p=255822"},"modified":"2025-02-28T09:59:21","modified_gmt":"2025-02-28T08:59:21","slug":"bunyol-es-prepara-per-a-la-crida-2025-linici-oficial-de-les-falles","status":"publish","type":"post","link":"https:\/\/tucomarca.whitekongsoftware.com\/ca\/bunyol-es-prepara-per-a-la-crida-2025-linici-oficial-de-les-falles\/","title":{"rendered":"Bunyol es prepara per a la Crida 2025, l&#8217;inici oficial de les Falles"},"content":{"rendered":"\n<p class=\"wp-block-paragraph\">Bunyol es prepara per a donar la benvinguda a les Falles 2025 amb la tradicional Crida, que tindr\u00e0 lloc aquest dissabte, 1 de mar\u00e7, a les 20,00 hores en la Pla\u00e7a d&#8217;Armes.<\/p>\n\n\n\n<p class=\"wp-block-paragraph\">Les cinc comissions falleres de la localitat \u2013Falla El Prat, Falla Reis Cat\u00f2lics i Adjacents, Falla Nou Bunyol, Falla Bunyol Poble i Falla Vendes\u2013 participaran en aquest esperat esdeveniment que marca l&#8217;inici oficial de les festes josefinas.<\/p>\n\n\n<div class=\"wp-block-image\">\n<figure class=\"alignleft size-large is-resized\"><img loading=\"lazy\" decoding=\"async\" width=\"724\" height=\"1024\" src=\"http:\/\/www.tucomarca.com\/wordpress\/segunda\/wp-content\/uploads\/2025\/02\/CRIDA2025-1-724x1024.jpeg\" alt=\"\" class=\"wp-image-255824\" style=\"width:431px;height:auto\" srcset=\"https:\/\/tucomarca.whitekongsoftware.com\/wp-content\/uploads\/2025\/02\/CRIDA2025-1-724x1024.jpeg 724w, https:\/\/tucomarca.whitekongsoftware.com\/wp-content\/uploads\/2025\/02\/CRIDA2025-1-212x300.jpeg 212w, https:\/\/tucomarca.whitekongsoftware.com\/wp-content\/uploads\/2025\/02\/CRIDA2025-1-768x1086.jpeg 768w, https:\/\/tucomarca.whitekongsoftware.com\/wp-content\/uploads\/2025\/02\/CRIDA2025-1-1087x1536.jpeg 1087w, https:\/\/tucomarca.whitekongsoftware.com\/wp-content\/uploads\/2025\/02\/CRIDA2025-1.jpeg 1415w\" sizes=\"auto, (max-width: 724px) 100vw, 724px\" \/><\/figure>\n<\/div>\n\n\n<p class=\"wp-block-paragraph\">La Crida \u00e9s un dels actes m\u00e9s emblem\u00e0tics del calendari faller, en el qual les Falleres Majors i els representants de cada comissi\u00f3 conviden a ve\u00efns i visitants a submergir-se en l&#8217;esperit faller. L&#8217;acte estar\u00e0 carregat d&#8217;emoci\u00f3, tradici\u00f3 i el caracter\u00edstic ambient festiu que embolica a Bunyol durant aquestes dates.<\/p>\n\n\n\n<p class=\"wp-block-paragraph\">Amb aquest esdeveniment, la localitat dona el tret d&#8217;eixida a unes Falles que prometen ser inoblidables, amb m\u00fasica, p\u00f3lvora i la passi\u00f3 dels fallers com a protagonistes.<\/p>\n","protected":false},"excerpt":{"rendered":"<div class=\"mh-excerpt\">Bunyol es prepara per a donar la benvinguda a les Falles 2025 amb la tradicional Crida, que tindr\u00e0 lloc aquest dissabte, 1 de mar\u00e7, a les 20,00 hores en la Pla\u00e7a d&#8217;Armes. Les cinc comissions <a class=\"mh-excerpt-more\" href=\"https:\/\/tucomarca.whitekongsoftware.com\/ca\/bunyol-es-prepara-per-a-la-crida-2025-linici-oficial-de-les-falles\/\" title=\"Bunyol es prepara per a la Crida 2025, l&#8217;inici oficial de les Falles\">[+] <\/a><\/div>\n","protected":false},"author":12,"featured_media":255821,"comment_status":"open","ping_status":"open","sticky":false,"template":"","format":"standard","meta":{"footnotes":""},"categories":[11019,10911,10894,10912,11007,10896],"tags":[10913,14137,20849,21942,10914],"class_list":["post-255822","post","type-post","status-publish","format-standard","has-post-thumbnail","category-agenda-ca","category-bunol-ca","category-la-comarca-ca","category-la-hoya-ca","category-ocio-y-cultura-ca","category-seccion-ca","tag-bunol-ca","tag-crida-ca","tag-fallas-2025-ca","tag-junta-local-fallera-ca","tag-la-hoya-de-bunol-chiva-ca"],"_links":{"self":[{"href":"https:\/\/tucomarca.whitekongsoftware.com\/ca\/wp-json\/wp\/v2\/posts\/255822","targetHints":{"allow":["GET"]}}],"collection":[{"href":"https:\/\/tucomarca.whitekongsoftware.com\/ca\/wp-json\/wp\/v2\/posts"}],"about":[{"href":"https:\/\/tucomarca.whitekongsoftware.com\/ca\/wp-json\/wp\/v2\/types\/post"}],"author":[{"embeddable":true,"href":"https:\/\/tucomarca.whitekongsoftware.com\/ca\/wp-json\/wp\/v2\/users\/12"}],"replies":[{"embeddable":true,"href":"https:\/\/tucomarca.whitekongsoftware.com\/ca\/wp-json\/wp\/v2\/comments?post=255822"}],"version-history":[{"count":0,"href":"https:\/\/tucomarca.whitekongsoftware.com\/ca\/wp-json\/wp\/v2\/posts\/255822\/revisions"}],"wp:featuredmedia":[{"embeddable":true,"href":"https:\/\/tucomarca.whitekongsoftware.com\/ca\/wp-json\/wp\/v2\/media\/255821"}],"wp:attachment":[{"href":"https:\/\/tucomarca.whitekongsoftware.com\/ca\/wp-json\/wp\/v2\/media?parent=255822"}],"wp:term":[{"taxonomy":"category","embeddable":true,"href":"https:\/\/tucomarca.whitekongsoftware.com\/ca\/wp-json\/wp\/v2\/categories?post=255822"},{"taxonomy":"post_tag","embeddable":true,"href":"https:\/\/tucomarca.whitekongsoftware.com\/ca\/wp-json\/wp\/v2\/tags?post=255822"}],"curies":[{"name":"wp","href":"https:\/\/api.w.org\/{rel}","templated":true}]}}