{"id":255817,"date":"2025-02-27T09:15:00","date_gmt":"2025-02-27T08:15:00","guid":{"rendered":"https:\/\/www.tucomarca.com\/wordpress\/segunda\/?p=255817"},"modified":"2025-02-27T14:41:48","modified_gmt":"2025-02-27T13:41:48","slug":"la-diputacio-aprova-noves-inversions-del-pla-obert-per-valor-de-76-milions-en-36-municipis-de-les-15-comarques","status":"publish","type":"post","link":"https:\/\/tucomarca.whitekongsoftware.com\/ca\/la-diputacio-aprova-noves-inversions-del-pla-obert-per-valor-de-76-milions-en-36-municipis-de-les-15-comarques\/","title":{"rendered":"La Diputaci\u00f3 aprova noves inversions del Pla Obert per valor de 7,6 milions en 36 municipis de les 15 comarques"},"content":{"rendered":"\n<h3 class=\"wp-block-heading\"><strong><strong>La vicepresidenta Nat\u00e0lia Enguix destaca el ritme de presentaci\u00f3 de projectes en un pla quadriennal amb 350 milions d&#8217;euros que ja ha donat llum verda a 300 sol\u00b7licituds per valor d&#8217;una mica m\u00e9s de 45 milions<\/strong><\/strong>.<\/h3>\n\n\n\n<h3 class=\"wp-block-heading\"><strong><strong>Enguix posa en valor \u201cles millores en instal\u00b7lacions esportives, espais verds i el cicle integral de l&#8217;aigua, que s\u00f3n algunes de les actuacions que incentivem per la seua import\u00e0ncia per a la qualitat de vida de les persones\u201d<\/strong><\/strong>.<\/h3>\n\n\n\n<h3 class=\"wp-block-heading\"><strong><strong>Les comarques amb m\u00e9s projectes aprovats en els \u00faltims decrets del principal programa inversor de la Diputaci\u00f3 s\u00f3n la Safor, amb 10 municipis sol\u00b7licitants, i la Ribera Alta i la Serran\u00eda amb quatre municipis<\/strong><\/strong>.<\/h3>\n\n\n\n<p class=\"wp-block-paragraph\">La Diputaci\u00f3 de Val\u00e8ncia ha aprovat al febrer dos nous decrets del Pla Obert que donen llum verda a 44 projectes presentats per 36 municipis de totes les comarques, amb una inversi\u00f3 de 7.622.962 euros. Les recents entregues del principal programa inversor de la Diputaci\u00f3, amb una dotaci\u00f3 quadriennal de 350 milions d&#8217;euros, \u201cinclouen importants actuacions en mat\u00e8ria d&#8217;aigua, urbanisme, instal\u00b7lacions esportives, espais verds i mobilitat sostenible, la qual cosa demostra la responsabilitat d&#8217;alcaldes i alcaldesses a l&#8217;hora de destinar els diners del pla a millorar els seus servicis i infraestructures\u201d, destaca la vicepresidenta primera i coordinadora del programa, Nat\u00e0lia Enguix.<\/p>\n\n\n\n<p class=\"wp-block-paragraph\">El desglossament dels nous decrets deixa 13 actuacions de millora d&#8217;instal\u00b7lacions esportives; huit en el cicle integral de l&#8217;aigua; set en parcs i zones verdes, i altres en \u00e0mbits diversos com l&#8217;urbanisme, l&#8217;efici\u00e8ncia energ\u00e8tica, la mobilitat sostenible o l&#8217;adquisici\u00f3 d&#8217;immobles i vehicles per a \u00fas local. \u201cEls ajuntaments invertixen en projectes que incentivem des de la Diputaci\u00f3 per la seua rellev\u00e0ncia per a la qualitat de vida de les ve\u00efnes i ve\u00efns dels nostres pobles\u201d, explica Enguix, qui posa com a exemple \u201cles xarxes d&#8217;aigua potable, la depuraci\u00f3, els espais verds, les noves energies i els complexos esportius com a base del desenvolupament sostenible que hem de protegir des de les institucions\u201d.<\/p>\n\n\n\n<p class=\"wp-block-paragraph\">Per part seua, el president de la Diputaci\u00f3, Vicent Momp\u00f3, mostra la seua satisfacci\u00f3 per la implantaci\u00f3 del Pla Obert, que des de la seua posada en marxa a la fi d&#8217;abril de 2024 ha aprovat un total de 299 projectes presentats per municipis de totes les comarques, amb una inversi\u00f3 global de 45,1 milions d&#8217;euros. \u201cEstem aconseguint que els ajuntaments aprofiten les facilitats del pla, amb el temps suficient per a presentar les seues sol\u00b7licituds i poder-les executar. Era una de les assignatures pendents dels plans d&#8217;inversi\u00f3 i hem refor\u00e7at eixe acompanyament en els processos perqu\u00e8 els diners es queden als municipis\u201d.<\/p>\n\n\n\n<p class=\"wp-block-paragraph\">El Pla Obert de la Diputaci\u00f3 \u00e9s un programa progressiu, que t\u00e9 previst incrementar la inversi\u00f3 i els projectes presentats segons avance la legislatura, \u201cpermetent als alcaldes i alcaldesses definir b\u00e9 les seues propostes i atendre necessitats sobrevingudes, com ha sigut la dana\u201d, assenyala la responsable de Cooperaci\u00f3 Municipal. En este sentit, la Diputaci\u00f3 ha incorporat als comptes de 2025 una partida de 105 milions d&#8217;euros per a subvencionar els projectes del Pla Obert, quasi una tercera part de la dotaci\u00f3 total del pla, recorda Nat\u00e0lia Enguix.<\/p>\n\n\n\n<p class=\"wp-block-paragraph\"><strong>Obres destacades<\/strong><\/p>\n\n\n\n<p class=\"wp-block-paragraph\">Per comarques, la Safor \u00e9s la que m\u00e9s projectes posar\u00e0 en marxa amb el nou decret, fins a 12 iniciatives. Li seguixen la Ribera Alta i el Camp de T\u00faria, amb sis i cinc actuacions respectivament, i la Serran\u00eda amb quatre. Quant a municipis, Serra i Tous tenen tres projectes aprovats durant el mes de febrer, mentre que Ador, Vilallonga, Fortaleny i Riba-roja han rebut el vistiplau a dos sol\u00b7licituds.<\/p>\n\n\n\n<p class=\"wp-block-paragraph\">Entre les actuacions m\u00e9s destacades trobem la prolongaci\u00f3 de l&#8217;Avinguda J\u00facar Cabriel amb el carrer Vereda de Cofrentes, amb una inversi\u00f3 que supera el mili\u00f3 d&#8217;euros; l&#8217;adequaci\u00f3 i millora de la pista del poliesportiu de Canet d&#8217;en Berenguer (963.000 euros); l&#8217;execuci\u00f3 d&#8217;una pista poliesportiva coberta a Vilallonga (626.000 euros); la remodelaci\u00f3 de tres zones de jocs infantils en les places Perfecto Garc\u00eda Chornet i Joan Fuster i l&#8217;Avinguda Blasco Ib\u00e1\u00f1ez de Carlet (360.000 euros); i el carril per a ciclistes i vianants de la II fase d&#8217;adequaci\u00f3 de la Senda del Molinet de Riba-roja, que inclou enllumenat i la connexi\u00f3 amb la zona de Paretotes (270.000 euros).<\/p>\n\n\n\n<p class=\"wp-block-paragraph\">La vicepresidenta Enguix recorda que els municipis afectats per la dana, els 100 inclosos en el llistat de la Generalitat, \u201cpoden invertir els diners del pla en projectes vinculats a la reconstrucci\u00f3, sense necessitat de respectar els percentatges establits quant a actuacions del cicle de l&#8217;aigua, zones verdes i instal\u00b7lacions esportives\u201d. El president Momp\u00f3 insistix en la proximitat de la instituci\u00f3 amb els 266 municipis i les tres entitats locals menors de la prov\u00edncia: \u201cens hem marcat el repte d&#8217;acompanyar a tots els ajuntaments en el cam\u00ed que els toca rec\u00f3rrer, siga el del retorn a la normalitat o el de donar forma als pobles amb els quals han somiat per a les persones que els habiten\u201d.<\/p>\n","protected":false},"excerpt":{"rendered":"<div class=\"mh-excerpt\">La vicepresidenta Nat\u00e0lia Enguix destaca el ritme de presentaci\u00f3 de projectes en un pla quadriennal amb 350 milions d&#8217;euros que ja ha donat llum verda a 300 sol\u00b7licituds per valor d&#8217;una mica m\u00e9s de 45 <a class=\"mh-excerpt-more\" href=\"https:\/\/tucomarca.whitekongsoftware.com\/ca\/la-diputacio-aprova-noves-inversions-del-pla-obert-per-valor-de-76-milions-en-36-municipis-de-les-15-comarques\/\" title=\"La Diputaci\u00f3 aprova noves inversions del Pla Obert per valor de 7,6 milions en 36 municipis de les 15 comarques\">[+] <\/a><\/div>\n","protected":false},"author":13,"featured_media":255815,"comment_status":"open","ping_status":"open","sticky":false,"template":"","format":"standard","meta":{"footnotes":""},"categories":[20520,10898,10948,10894,10904,20456,10947],"tags":[20516,11199,21108,20404],"class_list":["post-255817","post","type-post","status-publish","format-standard","has-post-thumbnail","category-cooperacio-municipal","category-ventana-ca","category-infraestructuras-ca","category-la-comarca-ca","category-sin-categorizar-ca","category-la-diputacio-de-valencia-informa-ca","category-politica","tag-cooperacion-municipal-ca","tag-la-comunitat-ca","tag-la-diputacio-en-las-comarcas-ca","tag-natalia-enguix-2-ca"],"_links":{"self":[{"href":"https:\/\/tucomarca.whitekongsoftware.com\/ca\/wp-json\/wp\/v2\/posts\/255817","targetHints":{"allow":["GET"]}}],"collection":[{"href":"https:\/\/tucomarca.whitekongsoftware.com\/ca\/wp-json\/wp\/v2\/posts"}],"about":[{"href":"https:\/\/tucomarca.whitekongsoftware.com\/ca\/wp-json\/wp\/v2\/types\/post"}],"author":[{"embeddable":true,"href":"https:\/\/tucomarca.whitekongsoftware.com\/ca\/wp-json\/wp\/v2\/users\/13"}],"replies":[{"embeddable":true,"href":"https:\/\/tucomarca.whitekongsoftware.com\/ca\/wp-json\/wp\/v2\/comments?post=255817"}],"version-history":[{"count":0,"href":"https:\/\/tucomarca.whitekongsoftware.com\/ca\/wp-json\/wp\/v2\/posts\/255817\/revisions"}],"wp:featuredmedia":[{"embeddable":true,"href":"https:\/\/tucomarca.whitekongsoftware.com\/ca\/wp-json\/wp\/v2\/media\/255815"}],"wp:attachment":[{"href":"https:\/\/tucomarca.whitekongsoftware.com\/ca\/wp-json\/wp\/v2\/media?parent=255817"}],"wp:term":[{"taxonomy":"category","embeddable":true,"href":"https:\/\/tucomarca.whitekongsoftware.com\/ca\/wp-json\/wp\/v2\/categories?post=255817"},{"taxonomy":"post_tag","embeddable":true,"href":"https:\/\/tucomarca.whitekongsoftware.com\/ca\/wp-json\/wp\/v2\/tags?post=255817"}],"curies":[{"name":"wp","href":"https:\/\/api.w.org\/{rel}","templated":true}]}}