{"id":255744,"date":"2025-02-27T14:00:00","date_gmt":"2025-02-27T13:00:00","guid":{"rendered":"https:\/\/www.tucomarca.com\/wordpress\/segunda\/?p=255744"},"modified":"2025-02-27T19:45:55","modified_gmt":"2025-02-27T18:45:55","slug":"la-guardia-civil-investiga-lautoria-de-lamenaca-de-matar-a-tantes-persones-com-siga-possible-en-els-collegis-de-xiva-bunyol-iatova-i-setaigues","status":"publish","type":"post","link":"https:\/\/tucomarca.whitekongsoftware.com\/ca\/la-guardia-civil-investiga-lautoria-de-lamenaca-de-matar-a-tantes-persones-com-siga-possible-en-els-collegis-de-xiva-bunyol-iatova-i-setaigues\/","title":{"rendered":"Detingut un home com a autor de l&#8217;amena\u00e7a de &#8220;matar a tantes persones com siga possible&#8221; en els col\u00b7legis de Xiva, Bunyol, I\u00e0tova i Setaig\u00fces"},"content":{"rendered":"\n<h3 class=\"wp-block-heading\">Passades les onze del mat\u00ed s&#8217;ha detingut a un jove amb antecedents psiqui\u00e0trics com a presumpte autor de les amenaces.<\/h3>\n\n\n\n<p class=\"wp-block-paragraph\">La Comand\u00e0ncia de la Gu\u00e0rdia Civil de Val\u00e8ncia ha informat primera hora d&#8217;aquest dijous al mat\u00ed que els centres escolars de les localitats de Xiva, Bunyol, I\u00e0tova i Setaig\u00fces han rebut un correu electr\u00f2nic on un home afirma tindre planejat matar a &#8220;tantes persones com siga possible&#8221; col\u00b7locant artefactes en diferents centres.\u00a0<\/p>\n\n\n\n<p class=\"wp-block-paragraph\">Des de la Comand\u00e0ncia han informat tamb\u00e9 que s&#8217;han activat diferents unitats de la Gu\u00e0rdia Civil de manera preventiva en els centres escolars i s&#8217;ha iniciat la investigaci\u00f3 per a localitzar a l&#8217;autor o autors d&#8217;aquests correus.<\/p>\n\n\n\n<p class=\"wp-block-paragraph\"><strong>Alerta m\u00e0xima en els col\u00b7legis<\/strong><\/p>\n\n\n\n<p class=\"wp-block-paragraph\">L&#8217;amena\u00e7a ha posat en estat d&#8217;alerta m\u00e0xima no sols a la Gu\u00e0rdia Civil, sin\u00f3 que tamb\u00e9 en transcendir ha suscitat el l\u00f2gic nerviosismes i un cert clima d&#8217;incertesa en els centres escolars de les localitats afectades, on molts pares i mares han acudit a arreplegar els seus fills.<\/p>\n\n\n\n<p class=\"wp-block-paragraph\">Des dels consistoris tamb\u00e9 s&#8217;ha pres la decisi\u00f3 de suspendre les classes per precauci\u00f3. Aquest ha sigut el cas dels pobles de Bunyol, Xiva I\u00e0tova i Tur\u00eds.<\/p>\n\n\n\n<p class=\"wp-block-paragraph\">Per precauci\u00f3, la Gu\u00e0rdia Civil tamb\u00e9 ha desallotjat tots els col\u00b7legis de les localitats amena\u00e7ades i ha activat als efectius especialistes en detecci\u00f3 i desactivaci\u00f3 de possibles artefactes explosius.<\/p>\n\n\n\n<p class=\"wp-block-paragraph\"><strong>&#8220;Ve\u00ed de Tur\u00eds&#8221;<\/strong><\/p>\n\n\n\n<p class=\"wp-block-paragraph\">Segons ha transcendit, l&#8217;autor del correu enviat s&#8217;identifica en el mateix com a H. F. P., amb domicili a Tur\u00eds i un n\u00famero de tel\u00e8fon fals; i que planeja anar a totes les escoles que ha triat \u00aba matar a tantes persones com siga possible\u00bb per al que diu que anir\u00e0 \u00abamb diverses armes de foc\u00bb. L&#8217;autor d&#8217;aquesta amena\u00e7a afig en el seu correu tamb\u00e9 les disculpes cap als pares per l&#8217;acci\u00f3 que diu que perpetrar\u00e0.<\/p>\n\n\n\n<p class=\"wp-block-paragraph\"><strong>Detingut un home amb antecedents psiqui\u00e0trics<\/strong><\/p>\n\n\n\n<p class=\"wp-block-paragraph\">Passades les onze del mat\u00ed ha transcendit la detenci\u00f3 d&#8217;una persona, a qui se l&#8217;acusaria d&#8217;haver sigut l&#8217;autor de les amenaces i que segons s&#8217;ha fet p\u00fablic, seria un jove d&#8217;entre 20 i 25 anys, amb antecedents psiqui\u00e0trics, que pel que sembla est\u00e0 obsessionat amb causar mal als xiquets i a qui es podria relacionar amb el grup ped\u00f2fil terrorista internacional 764, el fundador del qual est\u00e0 condemnat a 80 anys per pedof\u00edlia. Actualment, els agents de la Gu\u00e0rdia Civil es trobarien analitzant l&#8217;ordinador i tel\u00e8fon personals per a buscar proves que confirmen que actuava sota les seues ordres o per compte propi.<\/p>\n","protected":false},"excerpt":{"rendered":"<div class=\"mh-excerpt\">Passades les onze del mat\u00ed s&#8217;ha detingut a un jove amb antecedents psiqui\u00e0trics com a presumpte autor de les amenaces. La Comand\u00e0ncia de la Gu\u00e0rdia Civil de Val\u00e8ncia ha informat primera hora d&#8217;aquest dijous al <a class=\"mh-excerpt-more\" href=\"https:\/\/tucomarca.whitekongsoftware.com\/ca\/la-guardia-civil-investiga-lautoria-de-lamenaca-de-matar-a-tantes-persones-com-siga-possible-en-els-collegis-de-xiva-bunyol-iatova-i-setaigues\/\" title=\"Detingut un home com a autor de l&#8217;amena\u00e7a de &#8220;matar a tantes persones com siga possible&#8221; en els col\u00b7legis de Xiva, Bunyol, I\u00e0tova i Setaig\u00fces\">[+] <\/a><\/div>\n","protected":false},"author":1,"featured_media":244706,"comment_status":"open","ping_status":"open","sticky":false,"template":"","format":"standard","meta":{"footnotes":""},"categories":[10911,10898,10980,10894,10904,10912,10896,10979,10897,10975],"tags":[10913,11195,10914,11157,11141],"class_list":["post-255744","post","type-post","status-publish","format-standard","has-post-thumbnail","category-bunol-ca","category-ventana-ca","category-yatova-ca","category-la-comarca-ca","category-sin-categorizar-ca","category-la-hoya-ca","category-seccion-ca","category-siete-aguas-ca","category-sucesos-la-comarca-ca","category-chiva-ca","tag-bunol-ca","tag-chiva-ca","tag-la-hoya-de-bunol-chiva-ca","tag-siete-aguas-ca","tag-yatova-ca"],"_links":{"self":[{"href":"https:\/\/tucomarca.whitekongsoftware.com\/ca\/wp-json\/wp\/v2\/posts\/255744","targetHints":{"allow":["GET"]}}],"collection":[{"href":"https:\/\/tucomarca.whitekongsoftware.com\/ca\/wp-json\/wp\/v2\/posts"}],"about":[{"href":"https:\/\/tucomarca.whitekongsoftware.com\/ca\/wp-json\/wp\/v2\/types\/post"}],"author":[{"embeddable":true,"href":"https:\/\/tucomarca.whitekongsoftware.com\/ca\/wp-json\/wp\/v2\/users\/1"}],"replies":[{"embeddable":true,"href":"https:\/\/tucomarca.whitekongsoftware.com\/ca\/wp-json\/wp\/v2\/comments?post=255744"}],"version-history":[{"count":0,"href":"https:\/\/tucomarca.whitekongsoftware.com\/ca\/wp-json\/wp\/v2\/posts\/255744\/revisions"}],"wp:featuredmedia":[{"embeddable":true,"href":"https:\/\/tucomarca.whitekongsoftware.com\/ca\/wp-json\/wp\/v2\/media\/244706"}],"wp:attachment":[{"href":"https:\/\/tucomarca.whitekongsoftware.com\/ca\/wp-json\/wp\/v2\/media?parent=255744"}],"wp:term":[{"taxonomy":"category","embeddable":true,"href":"https:\/\/tucomarca.whitekongsoftware.com\/ca\/wp-json\/wp\/v2\/categories?post=255744"},{"taxonomy":"post_tag","embeddable":true,"href":"https:\/\/tucomarca.whitekongsoftware.com\/ca\/wp-json\/wp\/v2\/tags?post=255744"}],"curies":[{"name":"wp","href":"https:\/\/api.w.org\/{rel}","templated":true}]}}