{"id":255709,"date":"2025-02-27T09:00:00","date_gmt":"2025-02-27T08:00:00","guid":{"rendered":"https:\/\/www.tucomarca.com\/wordpress\/segunda\/?p=255709"},"modified":"2025-02-27T19:44:18","modified_gmt":"2025-02-27T18:44:18","slug":"mompo-ensalza-la-labor-que-realiza-la-fundacion-laboral-de-la-construccion-en-la-recuperacion-tras-la-dana","status":"publish","type":"post","link":"https:\/\/tucomarca.whitekongsoftware.com\/ca\/mompo-ensalza-la-labor-que-realiza-la-fundacion-laboral-de-la-construccion-en-la-recuperacion-tras-la-dana\/","title":{"rendered":"Momp\u00f3 enalteix la labor que realitza la Fundaci\u00f3 Laboral de la Construcci\u00f3 en la recuperaci\u00f3 despr\u00e9s de la DANA"},"content":{"rendered":"\n<p class=\"wp-block-paragraph\">El president de la Diputaci\u00f3 de Val\u00e8ncia, Vicent Momp\u00f3, i la vicepresidenta segona de la corporaci\u00f3, Reme Mazzolari, han visitat la seu de la Fundaci\u00f3 Laboral de la Construcci\u00f3 en el municipi de B\u00e9tera. En aquestes instal\u00b7lacions, aquesta entitat sense \u00e0nim de lucre, de la qual formen part la Confederaci\u00f3 Nacional de la Construcci\u00f3 (CNC), CCOO de l&#8217;H\u00e0bitat i UGT FICA, forma cada any a les seues aules als futurs treballadors de la construcci\u00f3. L&#8217;objectiu de la Fundaci\u00f3 \u00e9s\u00a0impulsar l&#8217;ocupabilitat i la professionalitzaci\u00f3 dels professionals de la construcci\u00f3 i atraure noves persones treballadores al sector per a potenciar la competitivitat de les empreses.<\/p>\n\n\n\n<figure class=\"wp-block-gallery has-nested-images columns-default is-cropped wp-block-gallery-1 is-layout-flex wp-block-gallery-is-layout-flex\">\n<figure class=\"wp-block-image size-large\"><img loading=\"lazy\" decoding=\"async\" width=\"1024\" height=\"682\" data-id=\"255706\" src=\"http:\/\/www.tucomarca.com\/wordpress\/segunda\/wp-content\/uploads\/2025\/02\/DipuFundacionLaboral01-1024x682.jpg\" alt=\"\" class=\"wp-image-255706\" srcset=\"https:\/\/tucomarca.whitekongsoftware.com\/wp-content\/uploads\/2025\/02\/DipuFundacionLaboral01-1024x682.jpg 1024w, https:\/\/tucomarca.whitekongsoftware.com\/wp-content\/uploads\/2025\/02\/DipuFundacionLaboral01-300x200.jpg 300w, https:\/\/tucomarca.whitekongsoftware.com\/wp-content\/uploads\/2025\/02\/DipuFundacionLaboral01-768x512.jpg 768w, https:\/\/tucomarca.whitekongsoftware.com\/wp-content\/uploads\/2025\/02\/DipuFundacionLaboral01.jpg 1181w\" sizes=\"auto, (max-width: 1024px) 100vw, 1024px\" \/><\/figure>\n\n\n\n<figure class=\"wp-block-image size-large\"><img loading=\"lazy\" decoding=\"async\" width=\"1024\" height=\"682\" data-id=\"255702\" src=\"https:\/\/www.tucomarca.com\/wordpress\/segunda\/wp-content\/uploads\/2025\/02\/DipuFundacionLaboral03-1024x682.jpg\" alt=\"\" class=\"wp-image-255702\" srcset=\"https:\/\/tucomarca.whitekongsoftware.com\/wp-content\/uploads\/2025\/02\/DipuFundacionLaboral03-1024x682.jpg 1024w, https:\/\/tucomarca.whitekongsoftware.com\/wp-content\/uploads\/2025\/02\/DipuFundacionLaboral03-300x200.jpg 300w, https:\/\/tucomarca.whitekongsoftware.com\/wp-content\/uploads\/2025\/02\/DipuFundacionLaboral03-768x512.jpg 768w, https:\/\/tucomarca.whitekongsoftware.com\/wp-content\/uploads\/2025\/02\/DipuFundacionLaboral03.jpg 1181w\" sizes=\"auto, (max-width: 1024px) 100vw, 1024px\" \/><\/figure>\n<\/figure>\n\n\n\n<p class=\"wp-block-paragraph\">Durant la visita, Momp\u00f3 i Mazzolari han estat acompanyats pel president de la Fundaci\u00f3 Laboral, Francisco Zamora (CNC), i els vicepresidents, Josep Albors (CCOO) i Daniel Argente (UGT). El president de la Diputaci\u00f3 ha destacat \u201cel paper que est\u00e0 exercint la Fundaci\u00f3 en un moment crucial per a la recuperaci\u00f3 de la nostra prov\u00edncia despr\u00e9s dels devastadors danys causats per la dana. La seua labor formativa \u00e9s molt important per a dotar de professionals qualificats a un sector que, en l&#8217;actualitat, afronta una gran demanda d&#8217;ocupaci\u00f3. Apostar per la formaci\u00f3 i la capacitaci\u00f3 dels treballadors no sols contribueix a la reconstrucci\u00f3 del territori, sin\u00f3 que tamb\u00e9 enforteix el teixit productiu i genera noves oportunitats de desenvolupament per als nostres municipis&#8221;.<\/p>\n","protected":false},"excerpt":{"rendered":"<div class=\"mh-excerpt\">El president de la Diputaci\u00f3 de Val\u00e8ncia, Vicent Momp\u00f3, i la vicepresidenta segona de la corporaci\u00f3, Reme Mazzolari, han visitat la seu de la Fundaci\u00f3 Laboral de la Construcci\u00f3 en el municipi de B\u00e9tera. En <a class=\"mh-excerpt-more\" href=\"https:\/\/tucomarca.whitekongsoftware.com\/ca\/mompo-ensalza-la-labor-que-realiza-la-fundacion-laboral-de-la-construccion-en-la-recuperacion-tras-la-dana\/\" title=\"Momp\u00f3 enalteix la labor que realitza la Fundaci\u00f3 Laboral de la Construcci\u00f3 en la recuperaci\u00f3 despr\u00e9s de la DANA\">[+] <\/a><\/div>\n","protected":false},"author":12,"featured_media":255705,"comment_status":"open","ping_status":"open","sticky":false,"template":"","format":"standard","meta":{"footnotes":""},"categories":[10937,10892,21466,10898,10993,10948,10894,10904,10902,10903,10947,10896,10897],"tags":[11202,10899,21941,15409,11246,18825],"class_list":["post-255709","post","type-post","status-publish","format-standard","has-post-thumbnail","category-betera-ca","category-camp-de-turia-ca","category-dana-ca","category-ventana-ca","category-gavarda-ca","category-infraestructuras-ca","category-la-comarca-ca","category-sin-categorizar-ca","category-la-ribera-ca","category-medio-ambiente-la-comarca-ca","category-politica","category-seccion-ca","category-sucesos-la-comarca-ca","tag-betera-ca","tag-camp-de-turia-ca","tag-construccion-ca","tag-dana-2-ca","tag-diputacio-de-valencia-ca","tag-vicent-mompo-ca"],"_links":{"self":[{"href":"https:\/\/tucomarca.whitekongsoftware.com\/ca\/wp-json\/wp\/v2\/posts\/255709","targetHints":{"allow":["GET"]}}],"collection":[{"href":"https:\/\/tucomarca.whitekongsoftware.com\/ca\/wp-json\/wp\/v2\/posts"}],"about":[{"href":"https:\/\/tucomarca.whitekongsoftware.com\/ca\/wp-json\/wp\/v2\/types\/post"}],"author":[{"embeddable":true,"href":"https:\/\/tucomarca.whitekongsoftware.com\/ca\/wp-json\/wp\/v2\/users\/12"}],"replies":[{"embeddable":true,"href":"https:\/\/tucomarca.whitekongsoftware.com\/ca\/wp-json\/wp\/v2\/comments?post=255709"}],"version-history":[{"count":0,"href":"https:\/\/tucomarca.whitekongsoftware.com\/ca\/wp-json\/wp\/v2\/posts\/255709\/revisions"}],"wp:featuredmedia":[{"embeddable":true,"href":"https:\/\/tucomarca.whitekongsoftware.com\/ca\/wp-json\/wp\/v2\/media\/255705"}],"wp:attachment":[{"href":"https:\/\/tucomarca.whitekongsoftware.com\/ca\/wp-json\/wp\/v2\/media?parent=255709"}],"wp:term":[{"taxonomy":"category","embeddable":true,"href":"https:\/\/tucomarca.whitekongsoftware.com\/ca\/wp-json\/wp\/v2\/categories?post=255709"},{"taxonomy":"post_tag","embeddable":true,"href":"https:\/\/tucomarca.whitekongsoftware.com\/ca\/wp-json\/wp\/v2\/tags?post=255709"}],"curies":[{"name":"wp","href":"https:\/\/api.w.org\/{rel}","templated":true}]}}