{"id":255664,"date":"2025-02-26T18:00:00","date_gmt":"2025-02-26T17:00:00","guid":{"rendered":"https:\/\/www.tucomarca.com\/wordpress\/segunda\/?p=255664"},"modified":"2025-02-26T19:30:15","modified_gmt":"2025-02-26T18:30:15","slug":"el-consell-retrau-a-la-delegada-del-govern-i-al-president-de-la-chj-la-seua-no-assistencia-presencial-a-un-cecopi-que-el-requeria-per-lemergencia-en-forata","status":"publish","type":"post","link":"https:\/\/tucomarca.whitekongsoftware.com\/ca\/el-consell-retrau-a-la-delegada-del-govern-i-al-president-de-la-chj-la-seua-no-assistencia-presencial-a-un-cecopi-que-el-requeria-per-lemergencia-en-forata\/","title":{"rendered":"El Consell retrau a la delegada del Govern i al president de la CHJ la seua no assist\u00e8ncia presencial a un CECOPI &#8220;que el requeria per l&#8217;emerg\u00e8ncia en Forata&#8221;"},"content":{"rendered":"\n<h3 class=\"wp-block-heading\">Des del Consell han reiterat aquest dimecres les seues acusacions cap a la delegada del Govern a la Comunitat Valenciana, Pilar Bernab\u00e9, a qui han atribu\u00eft el &#8220;tornar a mentir una vegada m\u00e9s&#8221;, aquesta vegada en relaci\u00f3 a la participaci\u00f3 del president de la CHJ, Miguel Polo, en el CECOPI.<\/h3>\n\n\n\n<p class=\"wp-block-paragraph\">Fonts de l&#8217;executiu valenci\u00e0 han reiterat aquest dimecres les seues acusacions cap a la delegada del Govern a la Comunitat Valenciana, Pilar Bernab\u00e9, a qui han atribu\u00eft el &#8220;tornar a mentir una vegada m\u00e9s&#8221;, ja que des del Consell s&#8217;ha insistit que l&#8217;emerg\u00e8ncia en la presa de Forata \u2014per la integritat de la qual es va t\u00e9mer en alguns moments\u2014 &#8220;obligava al fet que la pres\u00e8ncia del president de la Confederaci\u00f3 hidrogr\u00e0fica del X\u00faquer, Miguel Polo, com a m\u00e0xim responsable de l&#8217;organisme de conca, fora efectiva i obligat\u00f2ria&#8221;.<\/p>\n\n\n\n<p class=\"wp-block-paragraph\">Des del govern valenci\u00e0 recorden que l&#8217;assist\u00e8ncia a la reuni\u00f3 del CECOPI del 29 d&#8217;octubre, que va ser convocada per a les 17,00 hores en el Centre de L&#8217;Eliana &#8220;era tant presencial com per via telem\u00e0tica, tal com es reflecteix en el propi document de la convocat\u00f2ria&#8221;, d&#8217;aqu\u00ed ve que acusen la delegada del Govern de &#8220;estar buscant excuses per a justificar en va la seua no assist\u00e8ncia al centre d&#8217;emerg\u00e8ncies fins a les 6,00 hores del mat\u00ed del dia 30 d&#8217;octubre, 10 hores despr\u00e9s de l&#8217;enviament de l&#8217;alerta. I per a defensar-se ha utilitzat un argument sorprenent: diu que la reuni\u00f3 es va convocar de manera telem\u00e0tica, i per a provar-ho remitent, ella mateixa, un document en el qual es diu expressament el lloc on se celebra la reuni\u00f3 de manera presencial&#8221;, tal com han criticat des del Consell.<\/p>\n\n\n\n<figure class=\"wp-block-image size-full\"><img loading=\"lazy\" decoding=\"async\" width=\"600\" height=\"853\" src=\"http:\/\/www.tucomarca.com\/wordpress\/segunda\/wp-content\/uploads\/2025\/02\/ConvocatoriaCECOPI.webp\" alt=\"\" class=\"wp-image-255652\" srcset=\"https:\/\/tucomarca.whitekongsoftware.com\/wp-content\/uploads\/2025\/02\/ConvocatoriaCECOPI.webp 600w, https:\/\/tucomarca.whitekongsoftware.com\/wp-content\/uploads\/2025\/02\/ConvocatoriaCECOPI-211x300.webp 211w\" sizes=\"auto, (max-width: 600px) 100vw, 600px\" \/><figcaption class=\"wp-element-caption\">Convocat\u00f2ria enviada a la Delegaci\u00f3 de Govern.<\/figcaption><\/figure>\n\n\n\n<p class=\"wp-block-paragraph\"><strong>Pres\u00e8ncia del president de la CHJ<\/strong><\/p>\n\n\n\n<p class=\"wp-block-paragraph\">Des del Consell han titllat de &#8220;xocant, pat\u00e8tic i sorprenent que a hores d&#8217;ara el Govern pretenga fer creure a l&#8217;opini\u00f3 p\u00fablica que l&#8217;entitat responsable i competent del seguiment dels llits de rius i barrancs i dels avisos dels riscos de desbordament d&#8217;aquests, com \u00e9s la Confederaci\u00f3 Hidrogr\u00e0fica del X\u00faquer (CHJ), no formava part del CECOPI, quan el 29 d&#8217;octubre vam tindre una presa, la de Forata, a punt de trencar-se, i diverses avingudes en rius i barrancs de la conca del X\u00faquer que van causar tants danys humans i materials&#8221;, han afegit des de l&#8217;executiu valenci\u00e0.<\/p>\n\n\n\n<p class=\"wp-block-paragraph\">&#8220;La delegada del Govern esmente \u2014mantenen\u2014 perqu\u00e8 sap perfectament que el president de la Confederaci\u00f3 hidrogr\u00e0fica del X\u00faquer, Miguel Polo, com a m\u00e0xim responsable de l&#8217;organisme de conca, forma part del comit\u00e9 assessor del comit\u00e9 de direcci\u00f3 del CECOPI, tal com s&#8217;estableix en l&#8217;article 6.1 del Pla Especial davant el risc de les inundacions de la Comunitat Valenciana. Aquest comit\u00e9 assessor est\u00e0 compost per un t\u00e8cnic d&#8217;Emerg\u00e8ncies, un representant de la Delegaci\u00f3 del Govern, un representant de la delegaci\u00f3 territorial de Aemet i un representant de la Confederaci\u00f3 Hidrogr\u00e0fica del X\u00faquer. El propi pla estableix que per al cas dels representants de la Confederaci\u00f3 &#8216;la seua pres\u00e8ncia en el CECOPI ser\u00e0 opcional, sempre que en l&#8217;emerg\u00e8ncia no s&#8217;haja activat un pla d&#8217;emerg\u00e8ncia de presa en escenari 2 o 3, i en aquest cas la seua pres\u00e8ncia en aquest grup ser\u00e0 efectiva&#8221;.<\/p>\n\n\n\n<figure class=\"wp-block-image size-large\"><img loading=\"lazy\" decoding=\"async\" width=\"1021\" height=\"1024\" src=\"http:\/\/www.tucomarca.com\/wordpress\/segunda\/wp-content\/uploads\/2025\/02\/CECOPImiembros-1021x1024.jpg\" alt=\"\" class=\"wp-image-255659\" srcset=\"https:\/\/tucomarca.whitekongsoftware.com\/wp-content\/uploads\/2025\/02\/CECOPImiembros-1021x1024.jpg 1021w, https:\/\/tucomarca.whitekongsoftware.com\/wp-content\/uploads\/2025\/02\/CECOPImiembros-300x300.jpg 300w, https:\/\/tucomarca.whitekongsoftware.com\/wp-content\/uploads\/2025\/02\/CECOPImiembros-290x290.jpg 290w, https:\/\/tucomarca.whitekongsoftware.com\/wp-content\/uploads\/2025\/02\/CECOPImiembros-768x770.jpg 768w, https:\/\/tucomarca.whitekongsoftware.com\/wp-content\/uploads\/2025\/02\/CECOPImiembros.jpg 1284w\" sizes=\"auto, (max-width: 1021px) 100vw, 1021px\" \/><figcaption class=\"wp-element-caption\">Components del CECOPI en el Pla d&#8217;inundacions de la Comunitat Valenciana.<\/figcaption><\/figure>\n\n\n\n<p class=\"wp-block-paragraph\">&#8220;Com que el 29 d&#8217;octubre la situaci\u00f3 d&#8217;emerg\u00e8ncia va ser d&#8217;escenari dos i es va activar el pla d&#8217;emerg\u00e8ncia de la presa de Forata, la pres\u00e8ncia del president de la Confederaci\u00f3 del X\u00faquer en el CECOPI era efectiva i obligat\u00f2ria, per la qual cosa Pilar Bernab\u00e9 ha tornat a mentir. O \u00e9s que Polo es va connectar de manera telem\u00e0tica sense ser membre? O \u00e9s que ni tan sols es va connectar?&#8221;, s&#8217;interroguen les fonts del Consell.<\/p>\n\n\n\n<p class=\"wp-block-paragraph\">A m\u00e9s, des de l&#8217;executiu valenci\u00e0 han volgut &#8220;recordar que la delegada del Govern forma part del comit\u00e9 de direcci\u00f3 del CECOPI, encara que a ella se li oblide, i que com a delegada del Govern era tamb\u00e9 la responsable de mobilitzar el 29 d&#8217;octubre tots els recursos de l&#8217;Administraci\u00f3 General de l&#8217;Estat existents a la Comunitat Valenciana, entre ells els cossos i forces de seguretat de l&#8217;Estat, per a afrontar la situaci\u00f3 d&#8217;emerg\u00e8ncia que es va declarar, alguna cosa que no va fer amb la dilig\u00e8ncia, rapidesa i responsabilitat que se li que se li pressuposa&#8221;, tal com li han retret.<\/p>\n\n\n\n<p class=\"wp-block-paragraph\">&#8220;En qualsevol cas, la seua credibilitat amb aix\u00f2 \u00e9s la mateixa amb la qual va dir que havia vist a Maz\u00f3n en el CECOPI prenent la decisi\u00f3 de manar l&#8217;alerta, o la mateixa amb la qual va dir que Maz\u00f3n va interrompre el CECOPI perqu\u00e8 li van haver d&#8217;explicar tot i per aix\u00f2 l&#8217;enviament de l&#8217;alerta es va retardar. \u00c9s a dir: nul\u00b7la&#8221;.<\/p>\n\n\n\n<p class=\"wp-block-paragraph\">&#8220;El que hauria de fer la delegada del Govern, per dignitat i dec\u00e8ncia, seria admetre que ha mentit perqu\u00e8 va afirmar sense rubor que va veure al president Carlos Maz\u00f3n en la reuni\u00f3 del CECOPI abans que s&#8217;enviara el missatge d&#8217;alerta massiva a la poblaci\u00f3, quan s&#8217;ha demostrat i provat que aix\u00f2 \u00e9s fals; la delegada del Govern va dir que el CECOPI es va haver d&#8217;esperar que arribara Carlos Maz\u00f3n per a llan\u00e7ar aquest missatge i aix\u00f2 s&#8217;ha demostrat que \u00e9s mentida. Entenem el nerviosisme de la delegada del Govern, que hauria d&#8217;explicar a la ciutadania per qu\u00e8 ha mentit&#8221;, han finalitzat des de l&#8217;executiu valenci\u00e0.<\/p>\n","protected":false},"excerpt":{"rendered":"<div class=\"mh-excerpt\">Des del Consell han reiterat aquest dimecres les seues acusacions cap a la delegada del Govern a la Comunitat Valenciana, Pilar Bernab\u00e9, a qui han atribu\u00eft el &#8220;tornar a mentir una vegada m\u00e9s&#8221;, aquesta vegada <a class=\"mh-excerpt-more\" href=\"https:\/\/tucomarca.whitekongsoftware.com\/ca\/el-consell-retrau-a-la-delegada-del-govern-i-al-president-de-la-chj-la-seua-no-assistencia-presencial-a-un-cecopi-que-el-requeria-per-lemergencia-en-forata\/\" title=\"El Consell retrau a la delegada del Govern i al president de la CHJ la seua no assist\u00e8ncia presencial a un CECOPI &#8220;que el requeria per l&#8217;emerg\u00e8ncia en Forata&#8221;\">[+] <\/a><\/div>\n","protected":false},"author":1,"featured_media":255701,"comment_status":"open","ping_status":"open","sticky":false,"template":"","format":"standard","meta":{"footnotes":""},"categories":[21466,10898,10948,10894,10904,10903,10947,10896,10897],"tags":[15409,11498,11199,21940],"class_list":["post-255664","post","type-post","status-publish","format-standard","has-post-thumbnail","category-dana-ca","category-ventana-ca","category-infraestructuras-ca","category-la-comarca-ca","category-sin-categorizar-ca","category-medio-ambiente-la-comarca-ca","category-politica","category-seccion-ca","category-sucesos-la-comarca-ca","tag-dana-2-ca","tag-generalitat-valenciana-ca","tag-la-comunitat-ca","tag-pilar-bernabe-ca"],"_links":{"self":[{"href":"https:\/\/tucomarca.whitekongsoftware.com\/ca\/wp-json\/wp\/v2\/posts\/255664","targetHints":{"allow":["GET"]}}],"collection":[{"href":"https:\/\/tucomarca.whitekongsoftware.com\/ca\/wp-json\/wp\/v2\/posts"}],"about":[{"href":"https:\/\/tucomarca.whitekongsoftware.com\/ca\/wp-json\/wp\/v2\/types\/post"}],"author":[{"embeddable":true,"href":"https:\/\/tucomarca.whitekongsoftware.com\/ca\/wp-json\/wp\/v2\/users\/1"}],"replies":[{"embeddable":true,"href":"https:\/\/tucomarca.whitekongsoftware.com\/ca\/wp-json\/wp\/v2\/comments?post=255664"}],"version-history":[{"count":0,"href":"https:\/\/tucomarca.whitekongsoftware.com\/ca\/wp-json\/wp\/v2\/posts\/255664\/revisions"}],"wp:featuredmedia":[{"embeddable":true,"href":"https:\/\/tucomarca.whitekongsoftware.com\/ca\/wp-json\/wp\/v2\/media\/255701"}],"wp:attachment":[{"href":"https:\/\/tucomarca.whitekongsoftware.com\/ca\/wp-json\/wp\/v2\/media?parent=255664"}],"wp:term":[{"taxonomy":"category","embeddable":true,"href":"https:\/\/tucomarca.whitekongsoftware.com\/ca\/wp-json\/wp\/v2\/categories?post=255664"},{"taxonomy":"post_tag","embeddable":true,"href":"https:\/\/tucomarca.whitekongsoftware.com\/ca\/wp-json\/wp\/v2\/tags?post=255664"}],"curies":[{"name":"wp","href":"https:\/\/api.w.org\/{rel}","templated":true}]}}