{"id":255528,"date":"2025-02-26T10:05:00","date_gmt":"2025-02-26T09:05:00","guid":{"rendered":"https:\/\/www.tucomarca.com\/wordpress\/segunda\/?p=255528"},"modified":"2025-02-26T11:11:46","modified_gmt":"2025-02-26T10:11:46","slug":"el-consell-aprova-un-conveni-per-a-impulsar-en-lies-la-foia-de-bunyol-la-formacio-en-el-grau-mitja-de-mecanitzat","status":"publish","type":"post","link":"https:\/\/tucomarca.whitekongsoftware.com\/ca\/el-consell-aprova-un-conveni-per-a-impulsar-en-lies-la-foia-de-bunyol-la-formacio-en-el-grau-mitja-de-mecanitzat\/","title":{"rendered":"El Consell aprova un conveni per a impulsar en l\u2019IES La Foia de Bunyol la formaci\u00f3 en el grau mitj\u00e0 de Mecanitzat"},"content":{"rendered":"\n<h3 class=\"wp-block-heading\">La Conselleria d\u2019Educaci\u00f3 col\u00b7labora amb l\u2019empresa p\u00fablica municipal Bu\u00f1ol Industrial, SA per a donar resposta a les necessitats de qualificaci\u00f3 professional de la zona.<\/h3>\n\n\n\n<h3 class=\"wp-block-heading\">L\u2019ocupabilitat de l\u2019alumnat que realitza els estudis d\u2019este cicle \u00e9s del 100 %.<\/h3>\n\n\n\n<p class=\"wp-block-paragraph\">El Consell ha aprovat un conveni de col\u00b7laboraci\u00f3 entre la Conselleria d\u2019Educaci\u00f3, Cultura, Universitats i Ocupaci\u00f3, per mitj\u00e0 de l\u2019IES La Hoya de Bu\u00f1ol, i Bu\u00f1ol Industrial, SA (Buinsa) per a assegurar la formaci\u00f3 de futurs professionals en l\u2019\u00e0mbit del cicle de t\u00e8cnic\/a de grau mitj\u00e0 de Mecanitzat.<\/p>\n\n\n\n<p class=\"wp-block-paragraph\">Este conveni ve avalat per la proposta del consell territorial de Formaci\u00f3 Professional de la zona i per l\u2019elevada ocupabilitat existent, que en este cicle formatiu \u00e9s del 100 %.<\/p>\n\n\n\n<p class=\"wp-block-paragraph\">En este sentit, Buinsa, empresa p\u00fablica de l\u2019Ajuntament de Bu\u00f1ol, cedir\u00e0 a la Conselleria d\u2019Educaci\u00f3, Cultura, Universitats i Ocupaci\u00f3 la utilitzaci\u00f3 gratu\u00efta d\u2019una superf\u00edcie ensostrada de 460 metres quadrats, distribu\u00efda en 290 metres quadrats de nau, 120 d\u2019aules tancades i 50 de zones comunes, per a les activitats de formaci\u00f3 de l\u2019alumnat.<\/p>\n\n\n\n<p class=\"wp-block-paragraph\">Aix\u00ed mateix, l\u2019empresa tamb\u00e9 prestar\u00e0 una superf\u00edcie exterior de 200 metres quadrats per a aparcament, el terreny del qual est\u00e0 situat en l\u2019avinguda Vicente Blasco Ib\u00e1\u00f1ez, 87, de la localitat de Bu\u00f1ol.<\/p>\n\n\n\n<p class=\"wp-block-paragraph\">En virtut d\u2019este acord, que estar\u00e0 vigent des de la seua firma fins al 31 d\u2019agost de 2028 i que es podr\u00e0 prorrogar quatre anys m\u00e9s, la Conselleria aportar\u00e0 a l\u2019empresa p\u00fablica una compensaci\u00f3 econ\u00f2mica de 50.300 euros en concepte de subministraments vinculats a l\u2019\u00fas d\u2019estos espais.<\/p>\n\n\n\n<p class=\"wp-block-paragraph\">Este import es distribuir\u00e0 amb c\u00e0rrec al pressupost de la Generalitat de quatre anualitats. Concretament, en els exercicis pressupostaris 2025, 2026 i 2027 es podran consignar fins a 13.500 euros per any, i en l\u2019exercici 2028, fins a 9.800 euros.<strong>\u00a0<\/strong><\/p>\n","protected":false},"excerpt":{"rendered":"<div class=\"mh-excerpt\">La Conselleria d\u2019Educaci\u00f3 col\u00b7labora amb l\u2019empresa p\u00fablica municipal Bu\u00f1ol Industrial, SA per a donar resposta a les necessitats de qualificaci\u00f3 professional de la zona. L\u2019ocupabilitat de l\u2019alumnat que realitza els estudis d\u2019este cicle \u00e9s del <a class=\"mh-excerpt-more\" href=\"https:\/\/tucomarca.whitekongsoftware.com\/ca\/el-consell-aprova-un-conveni-per-a-impulsar-en-lies-la-foia-de-bunyol-la-formacio-en-el-grau-mitja-de-mecanitzat\/\" title=\"El Consell aprova un conveni per a impulsar en l\u2019IES La Foia de Bunyol la formaci\u00f3 en el grau mitj\u00e0 de Mecanitzat\">[+] <\/a><\/div>\n","protected":false},"author":1,"featured_media":105792,"comment_status":"open","ping_status":"open","sticky":false,"template":"","format":"standard","meta":{"footnotes":""},"categories":[10911,10948,10894,10904,10912,10947,10896],"tags":[10913,11498,11219,10914],"class_list":["post-255528","post","type-post","status-publish","format-standard","has-post-thumbnail","category-bunol-ca","category-infraestructuras-ca","category-la-comarca-ca","category-sin-categorizar-ca","category-la-hoya-ca","category-politica","category-seccion-ca","tag-bunol-ca","tag-generalitat-valenciana-ca","tag-ies-la-hoya-de-bunol-ca","tag-la-hoya-de-bunol-chiva-ca"],"_links":{"self":[{"href":"https:\/\/tucomarca.whitekongsoftware.com\/ca\/wp-json\/wp\/v2\/posts\/255528","targetHints":{"allow":["GET"]}}],"collection":[{"href":"https:\/\/tucomarca.whitekongsoftware.com\/ca\/wp-json\/wp\/v2\/posts"}],"about":[{"href":"https:\/\/tucomarca.whitekongsoftware.com\/ca\/wp-json\/wp\/v2\/types\/post"}],"author":[{"embeddable":true,"href":"https:\/\/tucomarca.whitekongsoftware.com\/ca\/wp-json\/wp\/v2\/users\/1"}],"replies":[{"embeddable":true,"href":"https:\/\/tucomarca.whitekongsoftware.com\/ca\/wp-json\/wp\/v2\/comments?post=255528"}],"version-history":[{"count":0,"href":"https:\/\/tucomarca.whitekongsoftware.com\/ca\/wp-json\/wp\/v2\/posts\/255528\/revisions"}],"wp:featuredmedia":[{"embeddable":true,"href":"https:\/\/tucomarca.whitekongsoftware.com\/ca\/wp-json\/wp\/v2\/media\/105792"}],"wp:attachment":[{"href":"https:\/\/tucomarca.whitekongsoftware.com\/ca\/wp-json\/wp\/v2\/media?parent=255528"}],"wp:term":[{"taxonomy":"category","embeddable":true,"href":"https:\/\/tucomarca.whitekongsoftware.com\/ca\/wp-json\/wp\/v2\/categories?post=255528"},{"taxonomy":"post_tag","embeddable":true,"href":"https:\/\/tucomarca.whitekongsoftware.com\/ca\/wp-json\/wp\/v2\/tags?post=255528"}],"curies":[{"name":"wp","href":"https:\/\/api.w.org\/{rel}","templated":true}]}}