{"id":255412,"date":"2025-02-25T09:45:00","date_gmt":"2025-02-25T08:45:00","guid":{"rendered":"https:\/\/www.tucomarca.com\/wordpress\/segunda\/?p=255412"},"modified":"2025-02-25T18:32:22","modified_gmt":"2025-02-25T17:32:22","slug":"la-diputacio-arranca-la-comissio-destudi-de-la-dana-per-a-ser-mes-eficients-davant-situacions-similars","status":"publish","type":"post","link":"https:\/\/tucomarca.whitekongsoftware.com\/ca\/la-diputacio-arranca-la-comissio-destudi-de-la-dana-per-a-ser-mes-eficients-davant-situacions-similars\/","title":{"rendered":"La Diputaci\u00f3 arranca la comissi\u00f3 d&#8217;estudi de la dana \u201cper a ser m\u00e9s eficients davant situacions similars\u201d"},"content":{"rendered":"\n<h3 class=\"wp-block-heading\">La primera sessi\u00f3 de la comissi\u00f3 s&#8217;ha centrat en l&#8217;acci\u00f3 comunicativa de la corporaci\u00f3 provincial en el 29 d&#8217;octubre i en els dies posteriors.<\/h3>\n\n\n\n<h3 class=\"wp-block-heading\">Vicent Momp\u00f3: \u201cEntenem que la nostra responsabilitat no es limita a actuar en el moment de la crisi, sin\u00f3 tamb\u00e9 a avaluar i perfeccionar els protocols\u201d.<\/h3>\n\n\n\n<p class=\"wp-block-paragraph\">La Diputaci\u00f3 de Val\u00e8ncia ha celebrat este dimarts la primera sessi\u00f3 de la Comissi\u00f3 no permanent d&#8217;estudi sobre la gesti\u00f3 de l&#8217;emerg\u00e8ncia del dia de la riuada i per a la recuperaci\u00f3 de les comarques afectades. Esta primera reuni\u00f3 s&#8217;ha centrat en la gesti\u00f3 informativa de l&#8217;ens provincial durant el 29 d&#8217;octubre i els dies posteriors a la trag\u00e8dia.&nbsp;<\/p>\n\n\n\n<p class=\"wp-block-paragraph\">El president de la Diputaci\u00f3, Vicent Momp\u00f3, ha destacat que \u201csi una cosa s&#8217;ha posat de manifest\u201d en esta primera sessi\u00f3 \u00e9s que \u201cla Diputaci\u00f3 ha estat des del minut zero a peu de carrer\u201d, al costat dels pobles afectats: \u201cdes dels primers dies coordinem una reuni\u00f3 matinal amb totes les alcaldesses i alcaldes dels pobles de la zona zero; hem oferit informaci\u00f3 detallada de l&#8217;estat de les carreteres provincials a trav\u00e9s de la web i les xarxes socials; i vam ser el canalitzador de les demandes dels pobles per a poder traslladar-les al CECOPI, entre moltes altres accions\u201d.&nbsp;<\/p>\n\n\n\n<figure class=\"wp-block-gallery has-nested-images columns-default is-cropped wp-block-gallery-1 is-layout-flex wp-block-gallery-is-layout-flex\">\n<figure class=\"wp-block-image size-large\"><img loading=\"lazy\" decoding=\"async\" width=\"1024\" height=\"666\" data-id=\"255408\" src=\"https:\/\/www.tucomarca.com\/wordpress\/segunda\/wp-content\/uploads\/2025\/02\/DipuComisionDANA2-1024x666.jpg\" alt=\"\" class=\"wp-image-255408\" srcset=\"https:\/\/tucomarca.whitekongsoftware.com\/wp-content\/uploads\/2025\/02\/DipuComisionDANA2-1024x666.jpg 1024w, https:\/\/tucomarca.whitekongsoftware.com\/wp-content\/uploads\/2025\/02\/DipuComisionDANA2-300x195.jpg 300w, https:\/\/tucomarca.whitekongsoftware.com\/wp-content\/uploads\/2025\/02\/DipuComisionDANA2-768x499.jpg 768w, https:\/\/tucomarca.whitekongsoftware.com\/wp-content\/uploads\/2025\/02\/DipuComisionDANA2.jpg 1181w\" sizes=\"auto, (max-width: 1024px) 100vw, 1024px\" \/><\/figure>\n\n\n\n<figure class=\"wp-block-image size-large\"><img loading=\"lazy\" decoding=\"async\" width=\"1024\" height=\"666\" data-id=\"255410\" src=\"https:\/\/www.tucomarca.com\/wordpress\/segunda\/wp-content\/uploads\/2025\/02\/DipuComisionDANA3-1024x666.jpg\" alt=\"\" class=\"wp-image-255410\" srcset=\"https:\/\/tucomarca.whitekongsoftware.com\/wp-content\/uploads\/2025\/02\/DipuComisionDANA3-1024x666.jpg 1024w, https:\/\/tucomarca.whitekongsoftware.com\/wp-content\/uploads\/2025\/02\/DipuComisionDANA3-300x195.jpg 300w, https:\/\/tucomarca.whitekongsoftware.com\/wp-content\/uploads\/2025\/02\/DipuComisionDANA3-768x499.jpg 768w, https:\/\/tucomarca.whitekongsoftware.com\/wp-content\/uploads\/2025\/02\/DipuComisionDANA3.jpg 1181w\" sizes=\"auto, (max-width: 1024px) 100vw, 1024px\" \/><\/figure>\n<\/figure>\n\n\n\n<p class=\"wp-block-paragraph\">No obstant aix\u00f2, ha reconegut, \u201cs&#8217;han fet coses b\u00e9 i altres que no s&#8217;hauran fet tan b\u00e9\u201d. D&#8217;ac\u00ed la constituci\u00f3 d&#8217;esta comissi\u00f3 que \u201cno \u00e9s un exercici de revisi\u00f3 est\u00e8ril, sin\u00f3 una implicaci\u00f3 ferma en l&#8217;aprenentatge i la millora cont\u00ednua\u201d, ha assegurat Momp\u00f3, al mateix temps que ha concretat que l&#8217;objectiu \u00e9s confeccionar \u201cun manual de bones pr\u00e0ctiques que servisca com a refer\u00e8ncia perqu\u00e8 puguem actuar de manera m\u00e9s efica\u00e7 i coordinada davant situacions similars\u201d.<\/p>\n\n\n\n<p class=\"wp-block-paragraph\">En la mateixa l\u00ednia, ha esgrimit el president, \u201centenem que la nostra responsabilitat no es limita a actuar en el moment de la crisi, sin\u00f3 tamb\u00e9 a avaluar i perfeccionar els protocols perqu\u00e8, si es repetix una situaci\u00f3 d&#8217;este calibre, estiguem millor preparats\u201d. \u201cLa transpar\u00e8ncia i la col\u00b7laboraci\u00f3 s\u00f3n els pilars d&#8217;esta comissi\u00f3, i el nostre objectiu \u00e9s clar: convertir l&#8217;experi\u00e8ncia en una ferramenta \u00fatil per a la seguretat i el benestar de totes les valencianes i els valencians\u201d, ha afegit.<\/p>\n\n\n\n<p class=\"wp-block-paragraph\">La comissi\u00f3 es reunir\u00e0 de nou el dimarts que ve. En esta ocasi\u00f3 s&#8217;analitzar\u00e0 l&#8217;emerg\u00e8ncia i compareixer\u00e0 l&#8217;inspector cap del Cos Provincial de Bombers de Val\u00e8ncia i cap de l&#8217;emerg\u00e8ncia de la dana del 29 d&#8217;octubre, Jos\u00e9 Miguel Basset. Ser\u00e0 el primer dels experts que participar\u00e0 en esta comissi\u00f3 que, en principi, es desenvolupar\u00e0 en sis sessions i en les quals s&#8217;estudiar\u00e0 el treball realitzat referent a l&#8217;aigua i els residus, l&#8217;assist\u00e8ncia a municipis o la reconstrucci\u00f3, entre altres.&nbsp;<\/p>\n","protected":false},"excerpt":{"rendered":"<div class=\"mh-excerpt\">La primera sessi\u00f3 de la comissi\u00f3 s&#8217;ha centrat en l&#8217;acci\u00f3 comunicativa de la corporaci\u00f3 provincial en el 29 d&#8217;octubre i en els dies posteriors. Vicent Momp\u00f3: \u201cEntenem que la nostra responsabilitat no es limita a <a class=\"mh-excerpt-more\" href=\"https:\/\/tucomarca.whitekongsoftware.com\/ca\/la-diputacio-arranca-la-comissio-destudi-de-la-dana-per-a-ser-mes-eficients-davant-situacions-similars\/\" title=\"La Diputaci\u00f3 arranca la comissi\u00f3 d&#8217;estudi de la dana \u201cper a ser m\u00e9s eficients davant situacions similars\u201d\">[+] <\/a><\/div>\n","protected":false},"author":12,"featured_media":255407,"comment_status":"open","ping_status":"open","sticky":false,"template":"","format":"standard","meta":{"footnotes":""},"categories":[21466,10898,10948,10894,10904,10903,10947,10896,10897],"tags":[21936,15409,11246],"class_list":["post-255412","post","type-post","status-publish","format-standard","has-post-thumbnail","category-dana-ca","category-ventana-ca","category-infraestructuras-ca","category-la-comarca-ca","category-sin-categorizar-ca","category-medio-ambiente-la-comarca-ca","category-politica","category-seccion-ca","category-sucesos-la-comarca-ca","tag-comision-de-estudio-dana-ca","tag-dana-2-ca","tag-diputacio-de-valencia-ca"],"_links":{"self":[{"href":"https:\/\/tucomarca.whitekongsoftware.com\/ca\/wp-json\/wp\/v2\/posts\/255412","targetHints":{"allow":["GET"]}}],"collection":[{"href":"https:\/\/tucomarca.whitekongsoftware.com\/ca\/wp-json\/wp\/v2\/posts"}],"about":[{"href":"https:\/\/tucomarca.whitekongsoftware.com\/ca\/wp-json\/wp\/v2\/types\/post"}],"author":[{"embeddable":true,"href":"https:\/\/tucomarca.whitekongsoftware.com\/ca\/wp-json\/wp\/v2\/users\/12"}],"replies":[{"embeddable":true,"href":"https:\/\/tucomarca.whitekongsoftware.com\/ca\/wp-json\/wp\/v2\/comments?post=255412"}],"version-history":[{"count":0,"href":"https:\/\/tucomarca.whitekongsoftware.com\/ca\/wp-json\/wp\/v2\/posts\/255412\/revisions"}],"wp:featuredmedia":[{"embeddable":true,"href":"https:\/\/tucomarca.whitekongsoftware.com\/ca\/wp-json\/wp\/v2\/media\/255407"}],"wp:attachment":[{"href":"https:\/\/tucomarca.whitekongsoftware.com\/ca\/wp-json\/wp\/v2\/media?parent=255412"}],"wp:term":[{"taxonomy":"category","embeddable":true,"href":"https:\/\/tucomarca.whitekongsoftware.com\/ca\/wp-json\/wp\/v2\/categories?post=255412"},{"taxonomy":"post_tag","embeddable":true,"href":"https:\/\/tucomarca.whitekongsoftware.com\/ca\/wp-json\/wp\/v2\/tags?post=255412"}],"curies":[{"name":"wp","href":"https:\/\/api.w.org\/{rel}","templated":true}]}}