{"id":255391,"date":"2025-02-25T09:30:00","date_gmt":"2025-02-25T08:30:00","guid":{"rendered":"https:\/\/www.tucomarca.com\/wordpress\/segunda\/?p=255391"},"modified":"2025-02-25T14:21:00","modified_gmt":"2025-02-25T13:21:00","slug":"la-generalitat-reuneix-experts-duna-desena-de-paisos-per-a-analitzar-projectes-mediambientals-que-redueixen-el-risc-de-grans-incendis-forestals","status":"publish","type":"post","link":"https:\/\/tucomarca.whitekongsoftware.com\/ca\/la-generalitat-reuneix-experts-duna-desena-de-paisos-per-a-analitzar-projectes-mediambientals-que-redueixen-el-risc-de-grans-incendis-forestals\/","title":{"rendered":"La Generalitat reuneix experts d&#8217;una desena de pa\u00efsos per a analitzar projectes mediambientals que redueixen el risc de grans incendis forestals"},"content":{"rendered":"\n<h3 class=\"wp-block-heading\">Mart\u00ednez Mus ha inaugurat la primera assemblea general del projecte europeu DesirMED celebrada a Val\u00e8ncia.<\/h3>\n\n\n\n<h3 class=\"wp-block-heading\">La Generalitat lidera un cl\u00faster regional amb solucions innovadores com la millora de sensors i estacions en zones forestals, tallafocs verds o regs prescrits.<\/h3>\n\n\n\n<p class=\"wp-block-paragraph\">El conseller de Medi Ambient, Infraestructures i Territori, Vicente Mart\u00ednez Mus, ha inaugurat la primera assemblea general del projecte europeu DesirMED, que ha comptat amb experts d&#8217;una desena de pa\u00efsos en un f\u00f2rum internacional centrat en projectes mediambientals que redu\u00efsquen el risc de grans incendis forestals. Aquesta trobada, ha destacat el titular de Medi Ambient, \u201cposa de manifest el comprom\u00eds de la Generalitat amb els projectes europeus, essencials per a millorar les nostres pol\u00edtiques i fomentar la cooperaci\u00f3 entre regions\u201d.<\/p>\n\n\n\n<p class=\"wp-block-paragraph\">En la seua intervenci\u00f3, Mart\u00ednez Mus ha assenyalat que la participaci\u00f3 de la Generalitat, al costat de 32 socis de 10 pa\u00efsos, \u201csubratlla la import\u00e0ncia d&#8217;unir esfor\u00e7os i talents per a enfortir la resposta dels territoris mediterranis davant desafiaments ambientals, socials i econ\u00f2mics amb solucions basades en la naturalesa\u201d.<\/p>\n\n\n\n<p class=\"wp-block-paragraph\">DesirMED \u00e9s un projecte finan\u00e7at per HORIZON Europe dins de les Accions d&#8217;Investigaci\u00f3 i Innovaci\u00f3 en suport de la Missi\u00f3 Europea d&#8217;Adaptaci\u00f3 al Canvi Clim\u00e0tic. El mateix agrupa participants en cinc regions demostradores, inclosa la Comunitat Valenciana, que treballen de la m\u00e0 amb socis cient\u00edfics per a millorar la capacitat d&#8217;adaptaci\u00f3 als reptes futurs i augmentar la resili\u00e8ncia clim\u00e0tica a llarg termini. En el cas de la Comunitat Valenciana el focus se centra, particularment, en la prevenci\u00f3 d&#8217;incendis forestals.<\/p>\n\n\n\n<p class=\"wp-block-paragraph\">El titular de Medi Ambient ha explicat que, des de la Generalitat, \u201cliderem un cl\u00faster regional d&#8217;innovaci\u00f3 focalitzat en el desenvolupament de metodologies mediambientals que redu\u00efsquen el risc de grans incendis forestals\u201d. Aquest cl\u00faster compta amb la col\u00b7laboraci\u00f3 de la Direcci\u00f3 General de Prevenci\u00f3 d&#8217;Incendis Forestals, la Direcci\u00f3 General de Qualitat i Educaci\u00f3 Ambiental, aix\u00ed com amb la participaci\u00f3 de l&#8217;empresa p\u00fablica VAERSA, l&#8217;empresa MEDIXXI i el suport d&#8217;organitzacions com TECNALIA i Climate-Kic.<\/p>\n\n\n\n<p class=\"wp-block-paragraph\">Entre les solucions que la Generalitat impulsa destaca la millora de la xarxa de sensors i estacions meteorol\u00f2giques en les zones forestals per a anticipar variables que afecten el comportament del foc; tallafocs verds per a combatre la colonitzaci\u00f3 de terrenys agr\u00edcoles per vegetaci\u00f3 forestal, a m\u00e9s de millora la defensa contra incendis en zones d&#8217;interf\u00edcie urbana-forestal mitjan\u00e7ant regs prescrits.<\/p>\n\n\n\n<p class=\"wp-block-paragraph\">Mart\u00ednez Mus ha assenyalat que tot aquest esfor\u00e7 \u201cs&#8217;emmarca en el nostre comprom\u00eds per reduir el nombre d&#8217;incendis forestals i mitigar els seus efectes sobre els nostres ecosistemes i la societat, especialment en un moment en qu\u00e8 enfrontem riscos i debilitats addicionals despr\u00e9s de les devastadores riuades que han afectat les nostres muntanyes\u201d.<\/p>\n\n\n\n<p class=\"wp-block-paragraph\"><strong>Obres d&#8217;emerg\u00e8ncia<\/strong><\/p>\n\n\n\n<p class=\"wp-block-paragraph\">Es tracta d&#8217;actuacions a mitj\u00e0 termini que es duen a terme en paral\u00b7lel a obres d&#8217;emerg\u00e8ncia per a restaurar les infraestructures forestals danyades per les riuades. En aquest sentit, el conseller s&#8217;ha referit al comprom\u00eds de la Generalitat, que ha llan\u00e7at un pla dotat de 93 milions d&#8217;euros perqu\u00e8 a partir d&#8217;abril els principals camins utilitzats pels serveis de prevenci\u00f3 i emerg\u00e8ncies estiguen transitables.<\/p>\n\n\n\n<p class=\"wp-block-paragraph\">Per a finalitzar, Mart\u00ednez Mus ha animat a la comunitat cient\u00edfica a \u201ccontinuar aportant el seu talent en la millora de la gesti\u00f3 forestal, la detecci\u00f3 preco\u00e7 d&#8217;incendis i l&#8217;optimitzaci\u00f3 dels nostres recursos\u201d i ha posat en valor la import\u00e0ncia de connectar regions innovadores que fomenten la col\u00b7laboraci\u00f3, la investigaci\u00f3 i la transfer\u00e8ncia de coneixement en la crucial tasca de previndre grans incendis. \u201cConfiem que les experi\u00e8ncies compartides durant aquesta trobada seran clau per a superar els desafiaments que enfrontem i assegurar un futur sostenible i resilient per al nostre sector forestal\u201d, ha concl\u00f2s el conseller.<\/p>\n","protected":false},"excerpt":{"rendered":"<div class=\"mh-excerpt\">Mart\u00ednez Mus ha inaugurat la primera assemblea general del projecte europeu DesirMED celebrada a Val\u00e8ncia. La Generalitat lidera un cl\u00faster regional amb solucions innovadores com la millora de sensors i estacions en zones forestals, tallafocs <a class=\"mh-excerpt-more\" href=\"https:\/\/tucomarca.whitekongsoftware.com\/ca\/la-generalitat-reuneix-experts-duna-desena-de-paisos-per-a-analitzar-projectes-mediambientals-que-redueixen-el-risc-de-grans-incendis-forestals\/\" title=\"La Generalitat reuneix experts d&#8217;una desena de pa\u00efsos per a analitzar projectes mediambientals que redueixen el risc de grans incendis forestals\">[+] <\/a><\/div>\n","protected":false},"author":12,"featured_media":255389,"comment_status":"open","ping_status":"open","sticky":false,"template":"","format":"standard","meta":{"footnotes":""},"categories":[21466,10898,10948,10894,10904,10903,10947,10896,10897],"tags":[12903,11199,12166],"class_list":["post-255391","post","type-post","status-publish","format-standard","has-post-thumbnail","category-dana-ca","category-ventana-ca","category-infraestructuras-ca","category-la-comarca-ca","category-sin-categorizar-ca","category-medio-ambiente-la-comarca-ca","category-politica","category-seccion-ca","category-sucesos-la-comarca-ca","tag-infraestructuras-ca","tag-la-comunitat-ca","tag-medio-ambiente-ca"],"_links":{"self":[{"href":"https:\/\/tucomarca.whitekongsoftware.com\/ca\/wp-json\/wp\/v2\/posts\/255391","targetHints":{"allow":["GET"]}}],"collection":[{"href":"https:\/\/tucomarca.whitekongsoftware.com\/ca\/wp-json\/wp\/v2\/posts"}],"about":[{"href":"https:\/\/tucomarca.whitekongsoftware.com\/ca\/wp-json\/wp\/v2\/types\/post"}],"author":[{"embeddable":true,"href":"https:\/\/tucomarca.whitekongsoftware.com\/ca\/wp-json\/wp\/v2\/users\/12"}],"replies":[{"embeddable":true,"href":"https:\/\/tucomarca.whitekongsoftware.com\/ca\/wp-json\/wp\/v2\/comments?post=255391"}],"version-history":[{"count":0,"href":"https:\/\/tucomarca.whitekongsoftware.com\/ca\/wp-json\/wp\/v2\/posts\/255391\/revisions"}],"wp:featuredmedia":[{"embeddable":true,"href":"https:\/\/tucomarca.whitekongsoftware.com\/ca\/wp-json\/wp\/v2\/media\/255389"}],"wp:attachment":[{"href":"https:\/\/tucomarca.whitekongsoftware.com\/ca\/wp-json\/wp\/v2\/media?parent=255391"}],"wp:term":[{"taxonomy":"category","embeddable":true,"href":"https:\/\/tucomarca.whitekongsoftware.com\/ca\/wp-json\/wp\/v2\/categories?post=255391"},{"taxonomy":"post_tag","embeddable":true,"href":"https:\/\/tucomarca.whitekongsoftware.com\/ca\/wp-json\/wp\/v2\/tags?post=255391"}],"curies":[{"name":"wp","href":"https:\/\/api.w.org\/{rel}","templated":true}]}}