{"id":255370,"date":"2025-02-24T10:02:00","date_gmt":"2025-02-24T09:02:00","guid":{"rendered":"https:\/\/www.tucomarca.com\/wordpress\/segunda\/?p=255370"},"modified":"2025-02-24T22:10:19","modified_gmt":"2025-02-24T21:10:19","slug":"el-cd-bunyol-descendeix-a-la-tercera-posicio-malgrat-empatar-davant-el-lider-el-recanvis-colon-1-1","status":"publish","type":"post","link":"https:\/\/tucomarca.whitekongsoftware.com\/ca\/el-cd-bunyol-descendeix-a-la-tercera-posicio-malgrat-empatar-davant-el-lider-el-recanvis-colon-1-1\/","title":{"rendered":"El CD Bunyol descendeix a la tercera posici\u00f3 malgrat empatar davant el l\u00edder, el Recanvis Col\u00f3n (1-1)"},"content":{"rendered":"\n<p class=\"wp-block-paragraph\">El CD Bunyol ha aconseguit un empat davant el l\u00edder de la classificaci\u00f3, el CF Recanvis Col\u00f3n, en un partit intens disputat aquest passat cap de setmana. Malgrat el seu esfor\u00e7, l&#8217;equip blanc no ha pogut evitar descendir a la tercera posici\u00f3 de la taula des del segon lloc que ocupava, quedant aix\u00ed per darrere del CD Onda (amb el qual es troba empatat a punts) i del CF Recanvis Col\u00f3n, que es mant\u00e9 com a l\u00edder del grup nord de la Lliga Comunitat Valenciana.<\/p>\n\n\n\n<p class=\"wp-block-paragraph\">El primer gol del partit disputat en el camp municipal El Perdiguer va pujar al marcador per als locals en el minut 66, encara que Fede va aconseguir marcar per al CD Bunyol en el minut 86, assegurant aix\u00ed un valuos\u00edssim empat. No obstant aix\u00f2, el resultat no ha sigut suficient per a mantindre la segona posici\u00f3 en la classificaci\u00f3, en ser superats per l&#8217;Onda que si que va sumar de tres en el seu xoc enfront del Silla al qual li va endossar 5 gols.<\/p>\n\n\n\n<p class=\"wp-block-paragraph\">El CD Bunyol continuar\u00e0 lluitant en les pr\u00f2ximes jornades amb l&#8217;objectiu de recuperar terreny i tornar a la baralla pel lideratge. Com el segon entrenador del CD Bunyol, Jaime Mart\u00ednez, ha recalcat al final del partit, ha sigut &#8220;un gran partit entre dos equips s\u00f2lids i que per aix\u00f2 estan a la part alta de la taula&#8221;.<\/p>\n\n\n\n<p class=\"wp-block-paragraph\">El segon entrenador que ha dirigit la trobada des de la banqueta per baixa m\u00e8dica del m\u00edster, Alejandro Sant Isidre (a qui des d&#8217;ac\u00ed li desitgem un r\u00e0pida recuperaci\u00f3), ha explicat que el CD Bunyol s&#8217;ha &#8220;reposat del gol d&#8217;ells, que ha sigut una ma\u00e7ada al principi; i l&#8217;equip a reaccionat molt b\u00e9 fins i tot amb opcions al final de poder guanyar. Cal valorar-ho positivament&#8221;.<\/p>\n","protected":false},"excerpt":{"rendered":"<div class=\"mh-excerpt\">El CD Bunyol ha aconseguit un empat davant el l\u00edder de la classificaci\u00f3, el CF Recanvis Col\u00f3n, en un partit intens disputat aquest passat cap de setmana. Malgrat el seu esfor\u00e7, l&#8217;equip blanc no ha <a class=\"mh-excerpt-more\" href=\"https:\/\/tucomarca.whitekongsoftware.com\/ca\/el-cd-bunyol-descendeix-a-la-tercera-posicio-malgrat-empatar-davant-el-lider-el-recanvis-colon-1-1\/\" title=\"El CD Bunyol descendeix a la tercera posici\u00f3 malgrat empatar davant el l\u00edder, el Recanvis Col\u00f3n (1-1)\">[+] <\/a><\/div>\n","protected":false},"author":13,"featured_media":255350,"comment_status":"open","ping_status":"open","sticky":false,"template":"","format":"standard","meta":{"footnotes":""},"categories":[10911,11015,11003,10912,10896],"tags":[10913,11126,11075,10914],"class_list":["post-255370","post","type-post","status-publish","format-standard","has-post-thumbnail","category-bunol-ca","category-canal-futbol","category-sports","category-la-hoya-ca","category-seccion-ca","tag-bunol-ca","tag-cd-bunol-ca","tag-futbol-ca","tag-la-hoya-de-bunol-chiva-ca"],"_links":{"self":[{"href":"https:\/\/tucomarca.whitekongsoftware.com\/ca\/wp-json\/wp\/v2\/posts\/255370","targetHints":{"allow":["GET"]}}],"collection":[{"href":"https:\/\/tucomarca.whitekongsoftware.com\/ca\/wp-json\/wp\/v2\/posts"}],"about":[{"href":"https:\/\/tucomarca.whitekongsoftware.com\/ca\/wp-json\/wp\/v2\/types\/post"}],"author":[{"embeddable":true,"href":"https:\/\/tucomarca.whitekongsoftware.com\/ca\/wp-json\/wp\/v2\/users\/13"}],"replies":[{"embeddable":true,"href":"https:\/\/tucomarca.whitekongsoftware.com\/ca\/wp-json\/wp\/v2\/comments?post=255370"}],"version-history":[{"count":0,"href":"https:\/\/tucomarca.whitekongsoftware.com\/ca\/wp-json\/wp\/v2\/posts\/255370\/revisions"}],"wp:featuredmedia":[{"embeddable":true,"href":"https:\/\/tucomarca.whitekongsoftware.com\/ca\/wp-json\/wp\/v2\/media\/255350"}],"wp:attachment":[{"href":"https:\/\/tucomarca.whitekongsoftware.com\/ca\/wp-json\/wp\/v2\/media?parent=255370"}],"wp:term":[{"taxonomy":"category","embeddable":true,"href":"https:\/\/tucomarca.whitekongsoftware.com\/ca\/wp-json\/wp\/v2\/categories?post=255370"},{"taxonomy":"post_tag","embeddable":true,"href":"https:\/\/tucomarca.whitekongsoftware.com\/ca\/wp-json\/wp\/v2\/tags?post=255370"}],"curies":[{"name":"wp","href":"https:\/\/api.w.org\/{rel}","templated":true}]}}