{"id":255283,"date":"2025-02-24T12:35:00","date_gmt":"2025-02-24T11:35:00","guid":{"rendered":"https:\/\/www.tucomarca.com\/wordpress\/segunda\/?p=255283"},"modified":"2025-02-24T20:44:56","modified_gmt":"2025-02-24T19:44:56","slug":"la-diputacio-amplia-tres-mesos-el-termini-per-a-completar-les-obres-de-lanterior-pla-dinversions-a-causa-de-la-dana","status":"publish","type":"post","link":"https:\/\/tucomarca.whitekongsoftware.com\/ca\/la-diputacio-amplia-tres-mesos-el-termini-per-a-completar-les-obres-de-lanterior-pla-dinversions-a-causa-de-la-dana\/","title":{"rendered":"La Diputaci\u00f3 amplia tres mesos el termini per a completar les obres de l&#8217;anterior pla d&#8217;inversions a causa de la DANA"},"content":{"rendered":"\n<h3 class=\"wp-block-heading\"><strong><strong>La vicepresidenta i responsable de Cooperaci\u00f3, Nat\u00e0lia Enguix, explica que els ajuntaments disposaran fins al 12 d&#8217;agost d&#8217;enguany, en lloc del 15 de maig previst, per a certificar els projectes del pla 2022-23<\/strong><\/strong>.<\/h3>\n\n\n\n<h3 class=\"wp-block-heading\"><strong><strong>Enguix destaca que l&#8217;ampliaci\u00f3 de terminis \u201c\u00e9s una mesura m\u00e9s que dona resposta a les dificultats de molts municipis, afectats o no, per a licitar i trobar empreses que puguen executar els treballs pendents\u201d<\/strong><\/strong>.<\/h3>\n\n\n\n<p class=\"wp-block-paragraph\">La Diputaci\u00f3 de Val\u00e8ncia ha ampliat tres mesos els terminis per a completar els projectes inclosos en l&#8217;\u00faltim pla d&#8217;inversions de l&#8217;anterior legislatura. D&#8217;esta manera, l&#8217;\u00e0rea de Cooperaci\u00f3 Municipal que coordina la vicepresidenta primera, Nat\u00e0lia Enguix, fixa en el 12 d&#8217;agost la data per a certificar les obres pendents del pla 2022-2023, en lloc del 15 de maig, mentre que l&#8217;entrega de documentaci\u00f3 podr\u00e0 realitzar-se fins al 30 de desembre d&#8217;enguany.<\/p>\n\n\n\n<p class=\"wp-block-paragraph\">En paraules de la mateixa Enguix, responsable de Cooperaci\u00f3, \u201c\u00e9s una mesura m\u00e9s per a facilitar el treball als ajuntaments, en la l\u00ednia d&#8217;este equip de govern d&#8217;estar molt prop dels municipis i ajudar-los en tot el possible perqu\u00e8 els fons provincials es queden en cada poble i ciutat i no tornen a la Diputaci\u00f3\u201d. En este cas concret, \u201cs\u00f3n molts els ens locals, afectats o no per la dana, que estan tenint problemes per a licitar i trobar empreses que s&#8217;encarreguen de les obres, ja que moltes empreses han patit danys o tenen les seus en zones danyades, o b\u00e9 estan destinant els recursos a la reconstrucci\u00f3\u201d, explica Nat\u00e0lia Enguix.<\/p>\n\n\n\n<p class=\"wp-block-paragraph\">El decret firmat pel president de la Diputaci\u00f3, Vicent Momp\u00f3, situa la pr\u00f2rroga en el marc de les mesures extraordin\u00e0ries adoptades per la instituci\u00f3 a causa de la dana i ser\u00e0 aplicable als 266 consistoris, les mancomunitats i les tres entitats locals menors. En un primer lloc, va ser el Govern qui va suspendre terminis en els procediments administratius als municipis afectats. Des del moment de la cat\u00e0strofe, la Diputaci\u00f3 no ha deixat de prendre iniciatives encaminades a restar pressi\u00f3 als consistoris, prestar-los ajuda d&#8217;urg\u00e8ncia i invertir en el proc\u00e9s de recuperaci\u00f3. La suspensi\u00f3 en els terminis dels expedients de subvencions es va prolongar fins al 30 de gener, i ara s&#8217;adopta esta nova mesura per a impulsar l&#8217;execuci\u00f3 d&#8217;obres pendents, els processos de les quals s&#8217;han vist alentits pel context de crisi provocat per la riuada.<\/p>\n\n\n\n<p class=\"wp-block-paragraph\">La diputada de Cooperaci\u00f3 assenyala que, en mat\u00e8ria d&#8217;inversions, \u201cno hem diferenciat el nostre Pla Obert, concebut a quatre anys perqu\u00e8 els ajuntaments puguen plantejar-nos sense pressions els seus projectes de legislatura, dels plans de l&#8217;anterior equip de govern, que s\u00f3n igualment fons provincials que volem que es queden en els municipis en forma de millores per a les seues ve\u00efnes i ve\u00efns\u201d. \u201cHem fet el que est\u00e0 a les nostres mans perqu\u00e8 els pobles i ciutats completen les obres pendents, donant-los l&#8217;opci\u00f3 en el seu moment de canviar determinades sol\u00b7licituds per altres m\u00e9s necess\u00e0ries o f\u00e0cils d&#8217;executar\u201d, afig Enguix.<\/p>\n\n\n\n<p class=\"wp-block-paragraph\">En la mateixa l\u00ednia, el president Momp\u00f3 destaca \u201cel suport t\u00e8cnic que est\u00e0 prestant la Diputaci\u00f3 perqu\u00e8 els projectes que presenten els municipis tiren avant, eludint els problemes que normalment poden apar\u00e9ixer en els procediments i que en esta ocasi\u00f3 coincidixen amb una situaci\u00f3 extraordin\u00e0ria que ning\u00fa esperava\u201d. \u201cSi alguna cosa tenim clar, i ho demostrarem mentre tinguem la responsabilitat de dirigir esta Diputaci\u00f3, \u00e9s l&#8217;obsessi\u00f3 perqu\u00e8 els fons que gestionem arriben al territori i es tradu\u00efsquen en zones verdes, instal\u00b7lacions esportives, noves infraestructures urbanes, h\u00eddriques i socials, equipament i servicis, en definitiva en millores reals per a la qualitat de vida dels habitants de la prov\u00edncia\u201d, conclou Momp\u00f3.<\/p>\n","protected":false},"excerpt":{"rendered":"<div class=\"mh-excerpt\">La vicepresidenta i responsable de Cooperaci\u00f3, Nat\u00e0lia Enguix, explica que els ajuntaments disposaran fins al 12 d&#8217;agost d&#8217;enguany, en lloc del 15 de maig previst, per a certificar els projectes del pla 2022-23. Enguix destaca <a class=\"mh-excerpt-more\" href=\"https:\/\/tucomarca.whitekongsoftware.com\/ca\/la-diputacio-amplia-tres-mesos-el-termini-per-a-completar-les-obres-de-lanterior-pla-dinversions-a-causa-de-la-dana\/\" title=\"La Diputaci\u00f3 amplia tres mesos el termini per a completar les obres de l&#8217;anterior pla d&#8217;inversions a causa de la DANA\">[+] <\/a><\/div>\n","protected":false},"author":13,"featured_media":255278,"comment_status":"open","ping_status":"open","sticky":false,"template":"","format":"standard","meta":{"footnotes":""},"categories":[20520,21466,10898,10948,10894,10904,20456,10903,10947,10896,10897],"tags":[20516,15409,11199,21009,21108,11140],"class_list":["post-255283","post","type-post","status-publish","format-standard","has-post-thumbnail","category-cooperacio-municipal","category-dana-ca","category-ventana-ca","category-infraestructuras-ca","category-la-comarca-ca","category-sin-categorizar-ca","category-la-diputacio-de-valencia-informa-ca","category-medio-ambiente-la-comarca-ca","category-politica","category-seccion-ca","category-sucesos-la-comarca-ca","tag-cooperacion-municipal-ca","tag-dana-2-ca","tag-la-comunitat-ca","tag-la-diputacio-de-valencia-ca","tag-la-diputacio-en-las-comarcas-ca","tag-politica-ca"],"_links":{"self":[{"href":"https:\/\/tucomarca.whitekongsoftware.com\/ca\/wp-json\/wp\/v2\/posts\/255283","targetHints":{"allow":["GET"]}}],"collection":[{"href":"https:\/\/tucomarca.whitekongsoftware.com\/ca\/wp-json\/wp\/v2\/posts"}],"about":[{"href":"https:\/\/tucomarca.whitekongsoftware.com\/ca\/wp-json\/wp\/v2\/types\/post"}],"author":[{"embeddable":true,"href":"https:\/\/tucomarca.whitekongsoftware.com\/ca\/wp-json\/wp\/v2\/users\/13"}],"replies":[{"embeddable":true,"href":"https:\/\/tucomarca.whitekongsoftware.com\/ca\/wp-json\/wp\/v2\/comments?post=255283"}],"version-history":[{"count":0,"href":"https:\/\/tucomarca.whitekongsoftware.com\/ca\/wp-json\/wp\/v2\/posts\/255283\/revisions"}],"wp:featuredmedia":[{"embeddable":true,"href":"https:\/\/tucomarca.whitekongsoftware.com\/ca\/wp-json\/wp\/v2\/media\/255278"}],"wp:attachment":[{"href":"https:\/\/tucomarca.whitekongsoftware.com\/ca\/wp-json\/wp\/v2\/media?parent=255283"}],"wp:term":[{"taxonomy":"category","embeddable":true,"href":"https:\/\/tucomarca.whitekongsoftware.com\/ca\/wp-json\/wp\/v2\/categories?post=255283"},{"taxonomy":"post_tag","embeddable":true,"href":"https:\/\/tucomarca.whitekongsoftware.com\/ca\/wp-json\/wp\/v2\/tags?post=255283"}],"curies":[{"name":"wp","href":"https:\/\/api.w.org\/{rel}","templated":true}]}}