{"id":255240,"date":"2025-02-24T08:55:00","date_gmt":"2025-02-24T07:55:00","guid":{"rendered":"https:\/\/www.tucomarca.com\/wordpress\/segunda\/?p=255240"},"modified":"2025-02-24T20:52:41","modified_gmt":"2025-02-24T19:52:41","slug":"raga-suma-2-000-quilometres-per-les-14-comarques-valencianes-i-les-agrupacions-del-cap-i-casal-per-a-explicar-el-seu-programa-de-la-secretaria-provincial-del-pspv","status":"publish","type":"post","link":"https:\/\/tucomarca.whitekongsoftware.com\/ca\/raga-suma-2-000-quilometres-per-les-14-comarques-valencianes-i-les-agrupacions-del-cap-i-casal-per-a-explicar-el-seu-programa-de-la-secretaria-provincial-del-pspv\/","title":{"rendered":"Raga suma 2.000 quil\u00f2metres per les 14 comarques valencianes i les agrupacions del cap i casal per a explicar el seu programa de la secretaria provincial del PSPV"},"content":{"rendered":"\n<h3 class=\"wp-block-heading\">Robert Raga continua el recorregut pels municipis de la prov\u00edncia de Val\u00e8ncia en contacte amb la milit\u00e0ncia per a detallar les seues propostes.<\/h3>\n\n\n\n<h3 class=\"wp-block-heading\">El candidat a la Secretaria Provincial del PSPV ressalta la resposta positiva rebuda dels militants al llarg de tota la campanya. \u00a0<\/h3>\n\n\n\n<p class=\"wp-block-paragraph\">La candidatura de Robert Raga a la Secretaria General del PSPV de la Prov\u00edncia de Val\u00e8ncia ha completat ja al voltant de 2.000 quil\u00f2metres en el seu periple per les agrupacions i les 14 comarques valencianes al llarg dels \u00faltims dies i encara queden altres 600 quil\u00f2metres que es completaran fins a finals d&#8217;aquesta mateixa setmana, previs a la votaci\u00f3 que tindr\u00e0 lloc diumenge que ve. &nbsp;<\/p>\n\n\n\n<p class=\"wp-block-paragraph\">Explicar les propostes incloses en el programa de gesti\u00f3 del partit i escoltar les demandes i les necessitats dels militants i simpatitzants s\u00f3n els dos principals objectius que el candidat Robert Raga es fixa com a eix essencial en la seua campanya de recorregut \u201cpoble a poble\u201d que ha suposat un trajecte pels municipis de l&#8217;interior i de la costa. A m\u00e9s, es completaran les visites a totes les agrupacions del cap i casal. &nbsp;<\/p>\n\n\n\n<p class=\"wp-block-paragraph\">D&#8217;aquesta manera, des del lliurament dels avals i la posterior proclamaci\u00f3 de les candidatures, Robert Raga ha realitzat un periple per totes les comarques i les corresponents agrupacions, amb visites a Sueca, Sedav\u00ed, Foios, Torrent, X\u00e0tiva, l&#8217;Alc\u00fadia, Ontinyent, Oliva, Xest, Castell\u00f3 de Rugat o Zarra, entre altres. En us pr\u00f2xims dies est\u00e0 prevista la seua assist\u00e8ncia a altres com Petr\u00e9s, Burjassot, el Villar, Requena, Cullera, Alzira i el tancament de campanya el divendres a Ll\u00edria.&nbsp;<\/p>\n\n\n\n<p class=\"wp-block-paragraph\">Quant al cap i casal, l&#8217;equip de la candidatura haur\u00e0 visitat totes les agrupacions al llarg de les dues setmanes de la campanya. De moment, s&#8217;han visitat agrupacions com les de de Ciutat Vella o Jes\u00fas-Patraix i est\u00e0 prevista l&#8217;assist\u00e8ncia a altres com Benim\u00e0met, Russafa, Prove\u00efments, Mar\u00edtim o Benimaclet. D&#8217;aquesta manera, tant amb les visites a les localitats que encara falta per rec\u00f3rrer o les agrupacions de Val\u00e8ncia es completaran els 2.600 quil\u00f2metres previstos dels quals consta l&#8217;explicaci\u00f3 del programa de gesti\u00f3. &nbsp;<\/p>\n\n\n\n<p class=\"wp-block-paragraph\">El candidat a la Secretaria General de la Prov\u00edncia de Val\u00e8ncia ha destacat \u201cel gran acolliment que hem rebut en totes les agrupacions i a les comarques que hem visitat al llarg d&#8217;aquests dies, amb una enorme il\u00b7lusi\u00f3 dels militants i simpatitzants per recuperar la gesti\u00f3 de la Generalitat i de la Diputaci\u00f3 de Val\u00e8ncia, aix\u00ed com en tots aquells municipis on encara no formem part del govern\u201d.<\/p>\n","protected":false},"excerpt":{"rendered":"<div class=\"mh-excerpt\">Robert Raga continua el recorregut pels municipis de la prov\u00edncia de Val\u00e8ncia en contacte amb la milit\u00e0ncia per a detallar les seues propostes. El candidat a la Secretaria Provincial del PSPV ressalta la resposta positiva <a class=\"mh-excerpt-more\" href=\"https:\/\/tucomarca.whitekongsoftware.com\/ca\/raga-suma-2-000-quilometres-per-les-14-comarques-valencianes-i-les-agrupacions-del-cap-i-casal-per-a-explicar-el-seu-programa-de-la-secretaria-provincial-del-pspv\/\" title=\"Raga suma 2.000 quil\u00f2metres per les 14 comarques valencianes i les agrupacions del cap i casal per a explicar el seu programa de la secretaria provincial del PSPV\">[+] <\/a><\/div>\n","protected":false},"author":13,"featured_media":255238,"comment_status":"open","ping_status":"open","sticky":false,"template":"","format":"standard","meta":{"footnotes":""},"categories":[10892,10894,10947,10906,10896],"tags":[11199,11140],"class_list":["post-255240","post","type-post","status-publish","format-standard","has-post-thumbnail","category-camp-de-turia-ca","category-la-comarca-ca","category-politica","category-riba-roja-ca","category-seccion-ca","tag-la-comunitat-ca","tag-politica-ca"],"_links":{"self":[{"href":"https:\/\/tucomarca.whitekongsoftware.com\/ca\/wp-json\/wp\/v2\/posts\/255240","targetHints":{"allow":["GET"]}}],"collection":[{"href":"https:\/\/tucomarca.whitekongsoftware.com\/ca\/wp-json\/wp\/v2\/posts"}],"about":[{"href":"https:\/\/tucomarca.whitekongsoftware.com\/ca\/wp-json\/wp\/v2\/types\/post"}],"author":[{"embeddable":true,"href":"https:\/\/tucomarca.whitekongsoftware.com\/ca\/wp-json\/wp\/v2\/users\/13"}],"replies":[{"embeddable":true,"href":"https:\/\/tucomarca.whitekongsoftware.com\/ca\/wp-json\/wp\/v2\/comments?post=255240"}],"version-history":[{"count":0,"href":"https:\/\/tucomarca.whitekongsoftware.com\/ca\/wp-json\/wp\/v2\/posts\/255240\/revisions"}],"wp:featuredmedia":[{"embeddable":true,"href":"https:\/\/tucomarca.whitekongsoftware.com\/ca\/wp-json\/wp\/v2\/media\/255238"}],"wp:attachment":[{"href":"https:\/\/tucomarca.whitekongsoftware.com\/ca\/wp-json\/wp\/v2\/media?parent=255240"}],"wp:term":[{"taxonomy":"category","embeddable":true,"href":"https:\/\/tucomarca.whitekongsoftware.com\/ca\/wp-json\/wp\/v2\/categories?post=255240"},{"taxonomy":"post_tag","embeddable":true,"href":"https:\/\/tucomarca.whitekongsoftware.com\/ca\/wp-json\/wp\/v2\/tags?post=255240"}],"curies":[{"name":"wp","href":"https:\/\/api.w.org\/{rel}","templated":true}]}}