{"id":255196,"date":"2025-02-24T15:00:00","date_gmt":"2025-02-24T14:00:00","guid":{"rendered":"https:\/\/www.tucomarca.com\/wordpress\/segunda\/?p=255196"},"modified":"2025-02-24T19:36:46","modified_gmt":"2025-02-24T18:36:46","slug":"carlos-mazon-tirarem-avant-entre-tots-la-reconstruccio-economica-i-social-de-la-comunitat-valenciana","status":"publish","type":"post","link":"https:\/\/tucomarca.whitekongsoftware.com\/ca\/carlos-mazon-tirarem-avant-entre-tots-la-reconstruccio-economica-i-social-de-la-comunitat-valenciana\/","title":{"rendered":"Carlos Maz\u00f3n: \u201cTirarem avant entre tots la reconstrucci\u00f3 econ\u00f2mica i social de la Comunitat Valenciana\u201d"},"content":{"rendered":"\n<h3 class=\"wp-block-heading\">Assenyala que el departament d&#8217;Emerg\u00e8ncies de la Generalitat \u201cs\u00ed aquesta preparat per a les danas\u201d i den\u00fancia les previsions err\u00f2nies de l&#8217;AEMET, ja que van ser \u201cquatre vegades menys del que va oc\u00f3rrer\u201d, a m\u00e9s del silenci informatiu de la CHJ sobre el cabal del barranc del Poyo.<\/h3>\n\n\n\n<h3 class=\"wp-block-heading\">Explica que el missatge \u00c9s-Alert enviat a la poblaci\u00f3 pel CECOPI a les 20:11 horas va ser motivat per el \u201cimminent\u201d trencament de la presa de Forata i no es va enviar abans cap alerta \u201cperqu\u00e8 la CHJ no ens va avisar que s&#8217;estava produint la riuada del barranc del Pedr\u00eds a pesar que era la seua obligaci\u00f3\u201d.<\/h3>\n\n\n\n<h3 class=\"wp-block-heading\">Es pregunta si haguera sigut adequat cedir el comandament de l&#8217;emerg\u00e8ncia \u201ca aquells que escatimen en recursos amb l&#8217;objectiu de perjudicar a la Generalitat a pesar que amb aix\u00f2 perjudiquen els valencians\u201d.<\/h3>\n\n\n\n<h3 class=\"wp-block-heading\">Den\u00fancia que el Govern d&#8217;Espanya est\u00e0 instal\u00b7lat en el r\u00e8dit pol\u00edtic i recorda que el Ministeri de Transici\u00f3 Ecol\u00f2gica va contractar un mes despr\u00e9s de la riuada un sistema d&#8217;alerta per a la conca del X\u00faquer que \u201csalva vides\u201d i es pregunta: \u201cper qu\u00e8 no estava instal\u00b7lat en la rambla del Pedr\u00eds si l&#8217;Executiu sabia que aquest sistema salva vides?\u201d.<\/h3>\n\n\n\n<h3 class=\"wp-block-heading\">Subratlla que la Generalitat ja ha pagat \u201cm\u00e9s del 41% de les ajudes sol\u00b7licitades als afectats per les riuades mentre el Govern segueix ancorat en un 7%\u201d i retrau que l&#8217;Executiu no aporte cap ajuda directa a la Generalitat per a la reconstrucci\u00f3.<\/h3>\n\n\n\n<p class=\"wp-block-paragraph\">El president de la Generalitat, Carlos Maz\u00f3n, ha assegurat que \u201ctirarem avant la reconstrucci\u00f3 econ\u00f2mica i social de la Comunitat Valenciana entre tots\u201d durant la seua participaci\u00f3 en Nova Economia F\u00f2rum on ha detallat les actuacions escomeses per l&#8217;Executiu valenci\u00e0 durant la jornada del 29 d&#8217;octubre i els dies posteriors a les riuades que van afectar les prov\u00edncies de Val\u00e8ncia i Castell\u00f3.&nbsp;<\/p>\n\n\n\n<p class=\"wp-block-paragraph\">El cap del Consell ha realitzat una crida \u201ca no oblidar a la Comunitat Valenciana i a continuar ajudant al nostre territori\u201d al mateix temps que s&#8217;ha mostrat conven\u00e7ut \u201cd&#8217;estar preparats per a rebre l&#8217;ajuda i tirar avant la reconstrucci\u00f3 entre tots perqu\u00e8 el poble valenci\u00e0 no es rendeix\u201d.&nbsp;<\/p>\n\n\n\n<p class=\"wp-block-paragraph\">En aquest sentit, s&#8217;ha referit al fet que la Generalitat ha posat en marxa \u201cel major desplegament de recursos de tota la seua hist\u00f2ria\u201d i ha subratllat la mobilitzaci\u00f3 de quasi 1.800 milions d&#8217;euros en 118 dies.<\/p>\n\n\n\n<p class=\"wp-block-paragraph\">El cap del Consell ha afirmat que mentre \u201cla Generalitat ha pagat m\u00e9s del 41% de les ajudes sol\u00b7licitades als afectats per les riuades, el Govern segueix ancorat en un 7%\u201d, al mateix temps que ha retret a l&#8217;Executiu central que no haja atorgat cap ajuda a fons perdut a la Generalitat per a fer front a la reconstrucci\u00f3, malgrat l&#8217;infrafinan\u00e7ament que pateix el nostre territori, i \u201cmentre se satisf\u00e0 amb els mateixos diners que ens neguen les exig\u00e8ncies del separatisme catal\u00e0\u201d.&nbsp;<\/p>\n\n\n\n<p class=\"wp-block-paragraph\">Maz\u00f3n ha recordat que en 118 dies la Generalitat ha restablit la circulaci\u00f3 en les 18 carreteres auton\u00f2miques afectades, s&#8217;han escolaritzat a 48.000 estudiants, s&#8217;ha reposat el metre al 90% i el tramvia al 100%, s&#8217;han posat en marxa 57 centres de salut, i s&#8217;han retirat m\u00e9s de 100.000 vehicles sinistrats, entre altres actuacions.&nbsp;<\/p>\n\n\n\n<p class=\"wp-block-paragraph\"><strong>Riuada de solidaritat&nbsp;<\/strong><\/p>\n\n\n\n<p class=\"wp-block-paragraph\">El president ha iniciat la seua intervenci\u00f3 en Nova Economia F\u00f2rum posant en valor \u201cla solidaritat de tota Espanya i de tot el m\u00f3n per a ajudar als valencians en els moments m\u00e9s durs\u201d i ha tornat a agrair \u201cals milers de voluntaris, empreses, entitats, institucions i govern auton\u00f2mics de tots els colors\u201d la seua col\u00b7laboraci\u00f3.&nbsp;<\/p>\n\n\n\n<p class=\"wp-block-paragraph\">De la mateixa manera, ha reconegut al poble madrileny \u201cl&#8217;ajuda, la m\u00e0 tendida a la col\u00b7laboraci\u00f3, els recursos, aix\u00ed com tot el suport material, personal i t\u00e8cnic\u201d que va posar l&#8217;Ajuntament i la Comunitat de Madrid \u201csense exhibicions ni condicions\u201d.<\/p>\n\n\n\n<p class=\"wp-block-paragraph\"><strong>Respostes als interrogants<\/strong><\/p>\n\n\n\n<p class=\"wp-block-paragraph\">Durant el seu discurs, el cap del Consell ha respost a tres preguntes clau sobre les riuades del 29 d&#8217;octubre: si el departament d&#8217;Emerg\u00e8ncies de la Generalitat estava preparat per a la dana que va pronosticar AEMET, per qu\u00e8 el missatge de Es-alert es va enviar a les 20.11 hores i per qu\u00e8 no es va instar la declaraci\u00f3 d&#8217;emerg\u00e8ncia nacional<\/p>\n\n\n\n<p class=\"wp-block-paragraph\">A la primera pregunta, Maz\u00f3n ha asseverat que Emerg\u00e8ncies de la Generalitat s\u00ed que estava preparada i ha explicat que les alertes roges de l&#8217;AEMET s\u00f3n un fenomen com\u00fa en la Comunitat Valenciana. De fet, en els \u00faltims 10 anys hi ha hagut 30 alertes roges en el nostre territori, amb pron\u00f2stics iguals o pitjors que el del dia 29.<\/p>\n\n\n\n<p class=\"wp-block-paragraph\">El cap del Consell ha assenyalat que la difer\u00e8ncia amb el 29 d&#8217;octubre \u00e9s que la previsi\u00f3 d&#8217;AEMET \u201cva ser quatre vegades menor del que va oc\u00f3rrer en realitat\u201d. Aix\u00ed ha detallat que les previsions emeses per l&#8217;AEMET a les 7.36 hores indicaven pluges de fins a 180 litres acumulades en 12 hores, amb una probabilitat de precipitacions d&#8217;entre el 40 i el 70%, al mateix temps que ha assenyalat que \u201ceixa fallida previsi\u00f3 acabava, segons l&#8217;AEMET, a les 12 del migdia\u201d.<\/p>\n\n\n\n<p class=\"wp-block-paragraph\">Sobre aquest tema ha fet refer\u00e8ncia a les declaracions del cap de Climatologia d&#8217;AEMET en la Comunitat Valenciana i la delegada del Govern en la Comunitat que van afirmar eixe dia que l&#8217;alerta roja era fins a les sis de la vesprada, que la situaci\u00f3 es despla\u00e7aria cap al nord de la prov\u00edncia, traslladant un missatge de tranquil\u00b7litat a la ciutadania.&nbsp;<\/p>\n\n\n\n<p class=\"wp-block-paragraph\">En aquest context, Maz\u00f3n ha apuntat que \u201cEmerg\u00e8ncies de la Generalitat va anar prenent les decisions a partir de tota aquesta informaci\u00f3\u201d. Aix\u00ed, des del diumenge 27 d&#8217;octubre, el dilluns 28 i el dimarts 29, es van anar llan\u00e7ant avisos a la poblaci\u00f3 cada dues hores, aproximadament, amb consells, advertiments i crides a la precauci\u00f3 i prud\u00e8ncia per la gran quantitat de les precipitacions que s&#8217;esperaven.<\/p>\n\n\n\n<p class=\"wp-block-paragraph\">El cap del Consell ha relatat que el que va oc\u00f3rrer eixe dia \u00e9s que no va ploure 180 litres com va pronosticar l&#8217;Ag\u00e8ncia Estatal de Meteorologia sin\u00f3 que van arribar a caure 800 litres, \u201cm\u00e9s de quatre vegades el pron\u00f2stic d&#8217;AEMET\u201d. Sobre aquest tema, Maz\u00f3n ha indicat que la difer\u00e8ncia entre aquest pron\u00f2stic de l&#8217;organisme estatal i la realitat \u201c\u00e9s la difer\u00e8ncia entre la gota freda de cada any i la major cat\u00e0strofe natural de la nostra hist\u00f2ria\u201d.<\/p>\n\n\n\n<p class=\"wp-block-paragraph\">Per tot aix\u00f2, Maz\u00f3n ha assegurat que l&#8217;operatiu de pluges d&#8217;Emerg\u00e8ncies de la Generalitat \u201cva funcionar, la qual cosa no va funcionar \u00e9s la riuada que no vam saber\u201d. Sobre aquest tema, ha explicat que la Generalitat \u201cs\u00ed que estava preparada per a la pluja torrencial que va caure el mat\u00ed del 29 d&#8217;octubre\u201d i ha explicat que la difer\u00e8ncia es va produir a la vesprada quan a partir de les 17.30 hores es \u201cva desbordar el Barranc del Pedr\u00eds que va generar una riuada sense que l&#8217;entitat que havia de controlar el seu cabal que era la Confederaci\u00f3 Hidrogr\u00e0fica del X\u00faquer (CHJ) dependent del Ministeri de Transici\u00f3 Ecol\u00f2gica, tinguera ni la m\u00e9s m\u00ednima idea de qu\u00e8 estava ocorrent\u201d.<\/p>\n\n\n\n<p class=\"wp-block-paragraph\">Aix\u00ed, ha fet refer\u00e8ncia al fet que la CHJ no envie cap av\u00eds de pujada del cabal en el barranc del Pedr\u00eds entre les 16.13 i les 18.43 hores del 29 d&#8217;octubre.&nbsp;<\/p>\n\n\n\n<p class=\"wp-block-paragraph\">En aquesta l\u00ednia, ha assenyalat que \u201cning\u00fa de la CHJ, ni del Ministeri de Transici\u00f3 Ecol\u00f2gica, ni de la Delegaci\u00f3 del Govern va advertir al Centre de Coordinaci\u00f3 d&#8217;Emerg\u00e8ncies, ni als ajuntaments dels municipis afectats, del que estava passant en el barranc quan s&#8217;estava desbordant durant m\u00e9s de dues hores i mitja de silenci etern\u201d, i ha lamentat que \u201cquan ho va fer va ser a trav\u00e9s d&#8217;un email que el president de la Confederaci\u00f3 ni tan sols va traslladar al plenari del Cecopi del qual ell formava part\u201d.<\/p>\n\n\n\n<p class=\"wp-block-paragraph\"><strong>Missatge \u00c9s-Alert<\/strong><\/p>\n\n\n\n<p class=\"wp-block-paragraph\">Respecte per qu\u00e8 no es va alertar a temps a la poblaci\u00f3 de la zona sud de Val\u00e8ncia, el m\u00e0xim representant de l&#8217;Executiu ha explicat que el Cecopi no sabia que el barranc del Pedr\u00eds s&#8217;estava desbordant perqu\u00e8 \u201cni la CHJ, ni el Ministeri de Transici\u00f3 Ecol\u00f2gica van dir que el barranc que havien d&#8217;estar vigilant s&#8217;estava desbordant\u201d.<\/p>\n\n\n\n<p class=\"wp-block-paragraph\">En aquesta l\u00ednia, ha apuntat que l&#8217;av\u00eds massiu a la poblaci\u00f3 de les 20.11 hores mitjan\u00e7ant el sistema \u00c9s-Alert llan\u00e7at pel Cecopi es va enviar \u201cperqu\u00e8 s&#8217;avisava del possible trencament de la presa de Forata i no del desbordament del Barranc del Pedr\u00eds\u201d.<\/p>\n\n\n\n<p class=\"wp-block-paragraph\">Maz\u00f3n ha subratllat que a partir de les 18.00 hores tota l&#8217;atenci\u00f3 del Cecopi i de tots els seus components estava en el possible trencament de la presa de Forata. Aix\u00ed, la CHJ reflexa per escrit a eixa hora que la presa de Forata pot desbordar-se en 13 hores aproximadament, \u00e9s a dir, a les 7 del mat\u00ed de l&#8217;endem\u00e0. &nbsp;De fet, \u201cde manera immediata Emerg\u00e8ncies va avisar a tots els municipis que podien veure&#8217;s afectats perqu\u00e8 es prepararen davant possibles avingudes\u201d, ha asseverat.<\/p>\n\n\n\n<p class=\"wp-block-paragraph\">El president ha explicat que amb aquesta informaci\u00f3, el Cecopi, monitora i planifica la situaci\u00f3 amb una previsi\u00f3 de 13 hores, amb el que es comen\u00e7a a debatre alternatives com la possible evacuaci\u00f3 de la poblaci\u00f3 o l&#8217;enviament, si la situaci\u00f3 empitjorava, del missatge de la plataforma \u00c9S-Alert, un sistema innovador que nom\u00e9s s&#8217;havia utilitzat una vegada en la hist\u00f2ria d&#8217;Espanya.<\/p>\n\n\n\n<p class=\"wp-block-paragraph\">Durant la seua intervenci\u00f3, el president ha detallat que \u201cel problema va vindre quan a les 20.00 hores de la vesprada el secretari d&#8217;Estat de Medi Ambient, Hugo Mor\u00e1n, flama des de Col\u00f2mbia per a admetre davant el Cecopi que la presa ja no anava a aguantar les 13horas que havien pronosticat al principi, sin\u00f3 que ara resultava que es podia trencar \u201cen qualsevol moment\u201d.&nbsp;<\/p>\n\n\n\n<p class=\"wp-block-paragraph\">\u201cExactament eixa va ser la ra\u00f3 per la qual 11 minuts despr\u00e9s, a les 20.11 hores, es va manar de manera immediata el sistema \u00c9s-Alert a la poblaci\u00f3, previ consens i acord dels membres del Cecopi pel risc de trencament de la presa de Forata\u201d, ha manifestat el president.&nbsp;<\/p>\n\n\n\n<p class=\"wp-block-paragraph\">Sobre aquest tema, ha insistit que el Cecopi no va avisar del desbordament del barranc del Pedr\u00eds \u201cperqu\u00e8 no ho sabia\u201d. Aix\u00ed, ha detallat que l&#8217;\u00faltima informaci\u00f3 que es va rebre del Barranc del Pedr\u00eds abans de les 18.00 hores \u00e9s un e-mail de les 16.13 hores que deia que aquest barranc estava pr\u00e0cticament sec en descendent. Aix\u00ed, ha lamentat el \u201csilenci de dues hores i mitja fins prop de les set de la vesprada quan es va informar per email de la crescuda del barranc\u201d.<\/p>\n\n\n\n<p class=\"wp-block-paragraph\">Maz\u00f3n ha recordat que el Centre de Coordinaci\u00f3 Operativa Integrada (Cecopi) \u00e9s l&#8217;\u00f2rgan de coordinaci\u00f3 d&#8217;emerg\u00e8ncies compost per totes les administracions i entitats com la CHJ, l&#8217;AEMET, l&#8217;UME o la Gu\u00e0rdia Civil, entre altres. L&#8217;\u00f2rgan, segons la Llei Valenciana d&#8217;Emerg\u00e8ncies, t\u00e9 un comit\u00e9 de direcci\u00f3 compost per la delegaci\u00f3 del Govern en representaci\u00f3 de l&#8217;Administraci\u00f3 General de l&#8217;Estat, i per la Consellera d&#8217;Emerg\u00e8ncies en representaci\u00f3 de la Generalitat Valenciana. A m\u00e9s, segons estableix la normativa d&#8217;aquests organismes en les diferents comunitats aut\u00f2nomes, ni el president del Govern d&#8217;Espanya ni el president auton\u00f2mic s\u00f3n membres del Cecopi.<\/p>\n\n\n\n<p class=\"wp-block-paragraph\"><strong>Sol\u00b7licitud d&#8217;emerg\u00e8ncia nacional<\/strong><\/p>\n\n\n\n<p class=\"wp-block-paragraph\">Carlos Maz\u00f3n ha detallat que la Generalitat no va sol\u00b7licitar el nivell 3 de l&#8217;emerg\u00e8ncia \u201cperqu\u00e8 cap dels t\u00e8cnics que estaven al capdavant de l&#8217;emerg\u00e8ncia ho va considerar necessari i confi\u00e0vem que el Govern d&#8217;Espanya col\u00b7laborara al m\u00e0xim i manara tota l&#8217;ajuda necess\u00e0ria de la forma m\u00e9s r\u00e0pida per a fer front a la cat\u00e0strofe\u201d.&nbsp;<\/p>\n\n\n\n<p class=\"wp-block-paragraph\">En aquest sentit, ha recordat que el Govern va poder activar la situaci\u00f3 d&#8217;emerg\u00e8ncia nacional i ha assegurat que mentre la Generalitat li sol\u00b7licitava col\u00b7laboraci\u00f3 i recursos \u201cuns altres pagaven la primera campanya de publicitat en l\u00ednia\u201d contra la seua persona el mateix 30 d&#8217;octubre.<\/p>\n\n\n\n<p class=\"wp-block-paragraph\">Per aix\u00f2, el president s&#8217;ha preguntat si haguera sigut adequat cedir el comandament de l&#8217;emerg\u00e8ncia \u201ca aquells que escatimen en recursos amb l&#8217;objectiu de perjudicar a la Generalitat a pesar que amb aix\u00f2 perjudiquen els valencians\u201d, a m\u00e9s de remarcar el seu comprom\u00eds com president de la Generalitat amb el nostre territori i el seu futur, sense importar-li \u201cel desgast pol\u00edtic\u201d.&nbsp;<\/p>\n\n\n\n<p class=\"wp-block-paragraph\">Maz\u00f3n ha recordat que els nivells 2 i 3 s\u00f3n dos nivells amb els mateixos recursos i el mateix comit\u00e9 de direcci\u00f3 compartit entre el Govern d&#8217;Espanya i el Govern de la Comunitat Aut\u00f2noma afectada. \u201cL&#8217;\u00fanica difer\u00e8ncia \u00e9s que en el nivell 2 presideix el comit\u00e9 de direcci\u00f3 compartit la comunitat aut\u00f2noma i en el 3 el presideix el govern d&#8217;Espanya\u201d- ha ressaltat el cap del Consell.&nbsp;<\/p>\n\n\n\n<p class=\"wp-block-paragraph\">Al seu judici, la falta de comprom\u00eds i ajuda del Govern d&#8217;Espanya amb Val\u00e8ncia no es deu al fet que el nivell 2 limitara la seua capacitat de comandament i actuaci\u00f3, sin\u00f3 perqu\u00e8 \u201cel 30 d&#8217;octubre el Govern va decidir que el que va succeir a la prov\u00edncia de Val\u00e8ncia no era la major cat\u00e0strofe natural que ha viscut Espanya sin\u00f3 un tauler de joc pol\u00edtic en el qual poder afeblir al seu rival\u201d.&nbsp;<\/p>\n\n\n\n<p class=\"wp-block-paragraph\"><strong>Construcci\u00f3 del relat&nbsp;<\/strong><\/p>\n\n\n\n<p class=\"wp-block-paragraph\">Carlos Maz\u00f3n ha subratllat que mentre la Generalitat estava gestionant l&#8217;emerg\u00e8ncia, el Govern d&#8217;Espanya estava instal\u00b7lat en el r\u00e8dit pol\u00edtic per al que \u201ces va aprestar a construir un relat amb el qual tapar la falta de previsions de l&#8217;Ag\u00e8ncia Estatal de Meteorologia (AEMET) i el silenci informatiu de la Confederaci\u00f3 Hidrogr\u00e0fica del X\u00faquer (CHJ) respecte a la crescuda del cabal del barranc del Pedr\u00eds.<\/p>\n\n\n\n<p class=\"wp-block-paragraph\">En aquest sentit, s&#8217;ha referit a la inacci\u00f3 de la Delegaci\u00f3 del Govern, ADIF i Direcci\u00f3 General de Tr\u00e0nsit per \u201cno tallar la circulaci\u00f3 en carreteres clau i vies f\u00e8rries afectades per les pluges, la qual cosa va deixar atrapats a milers de ciutadans\u201d, i ha denunciat que l&#8217;informe de Seguretat Nacional alertant del greu risc \u201cno fora compartit amb la Generalitat\u201d.<\/p>\n\n\n\n<p class=\"wp-block-paragraph\">A m\u00e9s, ha retret una \u201ccampanya de mentides, faules i manipulacions\u201d contra la seua persona i ha aclarit que en el menjar de treball que va mantindre el 29 d&#8217;octubre no va estar incomunicat com demostren \u201cles 16 crides en 3 hores que vaig realitzar o vaig rebre\u201d, entre les quals troben anomenades a diferents representants del CECOPI i la factura detallada del qual \u201cs&#8217;entregar\u00e0 a les comissions d&#8217;investigaci\u00f3 parlament\u00e0ries\u201d.<\/p>\n\n\n\n<p class=\"wp-block-paragraph\">En refer\u00e8ncia a la Unitat Valenciana d&#8217;Emerg\u00e8ncia (VE) ha assenyalat que \u201cno \u00e9s cert que se suprimira, perqu\u00e8 no es pot suprimir el que no existia\u201d i ha recordat que aquest organisme \u201cva ser rebutjat pels propis sindicats de Bombers i personal d&#8217;Emerg\u00e8ncies perqu\u00e8 no contemplava ni m\u00e9s recursos, ni personal, nom\u00e9s la previsi\u00f3 de sous per a c\u00e0rrecs pol\u00edtics\u201d.<\/p>\n\n\n\n<p class=\"wp-block-paragraph\">Carlos Maz\u00f3n tamb\u00e9 ha desmentit \u201cla tardan\u00e7a a activar la Unitat Militar d&#8217;Emerg\u00e8ncies (UME)\u201d i ha recordat que la Generalitat la va sol\u00b7licitar \u201cabans de les 15 hores com ha reconegut del propi comandament de la Unitat i fins i tot la Delegada del Govern\u201d, a m\u00e9s de referir-se a l&#8217;explicaci\u00f3 que va oferir el tinent general Juan Montenegro, que va afirmar que s\u00f3n els propis comandaments de la UME els encarregats de dimensionar i demanar al Ministeri de Defensa el desplegament d&#8217;efectius que consideren necessari en avaluar l&#8217;emerg\u00e8ncia sobre el terreny, en lloc de la Generalitat.&nbsp;<\/p>\n\n\n\n<p class=\"wp-block-paragraph\">Carlos Maz\u00f3n tamb\u00e9 ha negat que l&#8217;Executiu valenci\u00e0 rebutjara l&#8217;ajuda d&#8217;altres Comunitats Aut\u00f2nomes o s&#8217;esborraren les actes i gravacions del CECOPI \u201cperqu\u00e8 senzillament no existeixen\u201d.&nbsp;<\/p>\n\n\n\n<p class=\"wp-block-paragraph\">Durant la seua intervenci\u00f3, el cap del Consell ha assegurat que la Generalitat ha realitzat \u201cun exercici d&#8217;autocr\u00edtica que no ha fet el Govern\u201d i ha retret que l&#8217;Executiu central contractara un mes despr\u00e9s de la riuada un sistema d&#8217;alerta primerenca \u201cque salvava vides\u201d, segons va recon\u00e9ixer l&#8217;anterior ministra de Transici\u00f3 Ecol\u00f2gica. &nbsp;Per aix\u00f2, s&#8217;ha preguntat \u201cper qu\u00e8 no estava instal\u00b7lat aquest sistema en la rambla del Pedr\u00eds si el Govern sabia que salva vides?\u201d.<\/p>\n","protected":false},"excerpt":{"rendered":"<div class=\"mh-excerpt\">Assenyala que el departament d&#8217;Emerg\u00e8ncies de la Generalitat \u201cs\u00ed aquesta preparat per a les danas\u201d i den\u00fancia les previsions err\u00f2nies de l&#8217;AEMET, ja que van ser \u201cquatre vegades menys del que va oc\u00f3rrer\u201d, a m\u00e9s <a class=\"mh-excerpt-more\" href=\"https:\/\/tucomarca.whitekongsoftware.com\/ca\/carlos-mazon-tirarem-avant-entre-tots-la-reconstruccio-economica-i-social-de-la-comunitat-valenciana\/\" title=\"Carlos Maz\u00f3n: \u201cTirarem avant entre tots la reconstrucci\u00f3 econ\u00f2mica i social de la Comunitat Valenciana\u201d\">[+] <\/a><\/div>\n","protected":false},"author":13,"featured_media":255198,"comment_status":"open","ping_status":"open","sticky":false,"template":"","format":"standard","meta":{"footnotes":""},"categories":[21466,10898,10948,10894,10904,10903,10947,10896,10897],"tags":[18807,15409,11199,11140],"class_list":["post-255196","post","type-post","status-publish","format-standard","has-post-thumbnail","category-dana-ca","category-ventana-ca","category-infraestructuras-ca","category-la-comarca-ca","category-sin-categorizar-ca","category-medio-ambiente-la-comarca-ca","category-politica","category-seccion-ca","category-sucesos-la-comarca-ca","tag-carlos-mazon-ca","tag-dana-2-ca","tag-la-comunitat-ca","tag-politica-ca"],"_links":{"self":[{"href":"https:\/\/tucomarca.whitekongsoftware.com\/ca\/wp-json\/wp\/v2\/posts\/255196","targetHints":{"allow":["GET"]}}],"collection":[{"href":"https:\/\/tucomarca.whitekongsoftware.com\/ca\/wp-json\/wp\/v2\/posts"}],"about":[{"href":"https:\/\/tucomarca.whitekongsoftware.com\/ca\/wp-json\/wp\/v2\/types\/post"}],"author":[{"embeddable":true,"href":"https:\/\/tucomarca.whitekongsoftware.com\/ca\/wp-json\/wp\/v2\/users\/13"}],"replies":[{"embeddable":true,"href":"https:\/\/tucomarca.whitekongsoftware.com\/ca\/wp-json\/wp\/v2\/comments?post=255196"}],"version-history":[{"count":0,"href":"https:\/\/tucomarca.whitekongsoftware.com\/ca\/wp-json\/wp\/v2\/posts\/255196\/revisions"}],"wp:featuredmedia":[{"embeddable":true,"href":"https:\/\/tucomarca.whitekongsoftware.com\/ca\/wp-json\/wp\/v2\/media\/255198"}],"wp:attachment":[{"href":"https:\/\/tucomarca.whitekongsoftware.com\/ca\/wp-json\/wp\/v2\/media?parent=255196"}],"wp:term":[{"taxonomy":"category","embeddable":true,"href":"https:\/\/tucomarca.whitekongsoftware.com\/ca\/wp-json\/wp\/v2\/categories?post=255196"},{"taxonomy":"post_tag","embeddable":true,"href":"https:\/\/tucomarca.whitekongsoftware.com\/ca\/wp-json\/wp\/v2\/tags?post=255196"}],"curies":[{"name":"wp","href":"https:\/\/api.w.org\/{rel}","templated":true}]}}