{"id":255144,"date":"2025-02-24T09:00:00","date_gmt":"2025-02-24T08:00:00","guid":{"rendered":"https:\/\/www.tucomarca.com\/wordpress\/segunda\/?p=255144"},"modified":"2025-02-24T18:56:55","modified_gmt":"2025-02-24T17:56:55","slug":"riba-roja-aprova-un-reglament-del-seu-servei-juridic-municipal-per-a-regular-la-labor-dels-seus-integrants-i-defensar-els-interessos-de-lajuntament-en-els-processos-judicials","status":"publish","type":"post","link":"https:\/\/tucomarca.whitekongsoftware.com\/ca\/riba-roja-aprova-un-reglament-del-seu-servei-juridic-municipal-per-a-regular-la-labor-dels-seus-integrants-i-defensar-els-interessos-de-lajuntament-en-els-processos-judicials\/","title":{"rendered":"Riba-roja aprova un reglament del seu servei jur\u00eddic municipal per a regular la labor dels seus integrants i defensar els interessos de l&#8217;ajuntament en els processos judicials"},"content":{"rendered":"\n<p class=\"wp-block-paragraph\"><strong>El ple referenda el reglament amb els vots a favor del PSPV, Comprom\u00eds, Esquerra Unida-Podem i l&#8217;abstenci\u00f3 del Partit Popular i de Vox.\u00a0<\/strong><\/p>\n\n\n\n<p class=\"wp-block-paragraph\">El ple de l&#8217;Ajuntament de Riba-roja de T\u00faria ha aprovat la creaci\u00f3 del reglament jur\u00eddic municipal que permetr\u00e0 aclarir i regular els actes que duen a terme les integrants del mateix i, al mateix temps, facilitar la labor que desenvolupen dia a dia. Aquest servei jur\u00eddic municipal constitueix una unitat adscrita a l&#8217;\u00e0rea de la Secretaria General amb independ\u00e8ncia funcional en les seues relacions amb l&#8217;administraci\u00f3 municipal, aix\u00ed com amb els jutjats i els tribunals.&nbsp;<\/p>\n\n\n\n<p class=\"wp-block-paragraph\">La regulaci\u00f3 legal d&#8217;aquest servei jur\u00eddic a l&#8217;Ajuntament de Riba-roja de T\u00faria a l&#8217;interior de les entitats locals no es troba establida mitjan\u00e7ant una norma amb rang de llei, de manera que amb la creaci\u00f3 d&#8217;aquest reglament espec\u00edfic es posa fi a aquesta situaci\u00f3 que permet regular les seues actuacions en l&#8217;\u00e0mbit jur\u00eddic i dotar-lo d&#8217;un instrument m\u00e9s ampli per a facilitar el seu treball diari.&nbsp;<\/p>\n\n\n\n<p class=\"wp-block-paragraph\">El servei jur\u00eddic municipal continuar\u00e0 integrat per la secret\u00e0ria general, la tresorera municipal i la recaptadora municipal com a lletrades municipals i, a m\u00e9s, comptar\u00e0 amb el suport de l&#8217;oficina del servei jur\u00eddic dirigida pel t\u00e8cnic dels serveis jur\u00eddics. Les persones integrants d&#8217;aquest servei municipal estan adscrites al mateix de manera funciona, per\u00f2 no org\u00e0nica, ja que exerceixen un doble paper en l&#8217;organitzaci\u00f3.&nbsp;<\/p>\n\n\n\n<p class=\"wp-block-paragraph\">L&#8217;organitzaci\u00f3 d&#8217;aquest servei es denomina matricial i comporta en el seu funcionament m\u00faltiples avantatges ja que la direcci\u00f3 jur\u00eddica de cada actuaci\u00f3 judicial es realitza des de l&#8217;inici, el lletrat ha realitzat pr\u00e8viament les tasques d&#8217;assessorament, t\u00e9 un coneixement exhaustiu dels assumptes i, a m\u00e9s, permet rendibilitzar els mitjans personals de qu\u00e8 disposen les administracions locals, amb un nivell alt de formaci\u00f3 i motivaci\u00f3 del personal.&nbsp;<\/p>\n\n\n\n<p class=\"wp-block-paragraph\">El text aprovat pel ple de l&#8217;Ajuntament de Riba-roja de T\u00faria recorda que aquest conjunt de funcionaris \u201cconformen un cos que constitueix una garantia que els interessos de les entitats locals seran defensats per professionals que coneixen b\u00e9 l&#8217;ordenament jur\u00eddic, aix\u00ed com el funcionament de la seua administraci\u00f3\u201d i, a m\u00e9s, subratlla que els lletrats p\u00fablics locals \u201cdefensen la neutralitat pol\u00edtica en l&#8217;exercici de les seues funcions, la salvaguarda dels interessos p\u00fablics, la dilig\u00e8ncia i professionalitat, l&#8217;acatament de l&#8217;ordenament jur\u00eddic que es tradueix en el compliment de la legalitat\u201d.&nbsp;<\/p>\n\n\n\n<p class=\"wp-block-paragraph\">A m\u00e9s, la proposta per a la creaci\u00f3 del reglament regulador de l&#8217;Ajuntament de Riba-roja de T\u00faria afig ressalta altres caracter\u00edstiques del servei jur\u00eddic municipal com \u201cla proximitat amb els funcionaris i personal de la seua mateixa entitat local pertanyents a altres serveis o la proximitat amb els c\u00e0rrecs i representants de les corporacions per ra\u00f3 dels assumptes que han d&#8217;informar o defensar davant jutjats i tribunals i permet als lletrats tindre una visi\u00f3 molt concreta i exacta de la corporaci\u00f3 local\u201d.&nbsp;<\/p>\n\n\n\n<p class=\"wp-block-paragraph\">El servei jur\u00eddic municipal s&#8217;estructura en una Junta de Lletrades que assumeix les funcions de representaci\u00f3 processal i assist\u00e8ncia lletrada en judici en mat\u00e8ria contenci\u00f3s-administrativa i, d&#8217;altra banda, en l&#8217;Oficina del Servei Jur\u00eddic a la qual li correspon la gesti\u00f3 administrativa i l&#8217;assist\u00e8ncia a la Junta de Lletrades, aix\u00ed com el seguiment dels serveis de coordinaci\u00f3 administrativa i l&#8217;assist\u00e8ncia a la Junta Consultiva.&nbsp;<\/p>\n\n\n\n<p class=\"wp-block-paragraph\">L&#8217;Oficina del Servei Jur\u00eddic de Riba-roja de T\u00faria estar\u00e0 dirigida pel t\u00e8cnic de Secretaria, Contractaci\u00f3 i Serveis Jur\u00eddics, amb el suport de personal administratiu, i t\u00e9 com a funcions la gesti\u00f3 administrativa i l&#8217;assist\u00e8ncia a la Junta de Lletrades, la confecci\u00f3 de l&#8217;estad\u00edstica del citat servei i una mem\u00f2ria explicativa del nombre de procediments tramitats i incidents, la seua situaci\u00f3 i les resolucions recaigudes, entre altres.&nbsp;<\/p>\n\n\n\n<p class=\"wp-block-paragraph\">L&#8217;alcalde de Riba-roja de T\u00faria, Robert Raga, ha afirmat que aquest reglament jur\u00eddic municipal \u201c\u00e9s un instrument molt important i v\u00e0lid que garanteix el bon funcionament i l&#8217;excel\u00b7lent treball d&#8217;un departament essencial en la defensa dels interessos municipals i, per aix\u00f2, d&#8217;aquesta manera, es confirma la seua independ\u00e8ncia dins de l&#8217;organitzaci\u00f3 administrativa perqu\u00e8 puguen continuar desenvolupant la seua labor\u201d.<\/p>\n","protected":false},"excerpt":{"rendered":"<div class=\"mh-excerpt\">El ple referenda el reglament amb els vots a favor del PSPV, Comprom\u00eds, Esquerra Unida-Podem i l&#8217;abstenci\u00f3 del Partit Popular i de Vox.\u00a0 El ple de l&#8217;Ajuntament de Riba-roja de T\u00faria ha aprovat la creaci\u00f3 <a class=\"mh-excerpt-more\" href=\"https:\/\/tucomarca.whitekongsoftware.com\/ca\/riba-roja-aprova-un-reglament-del-seu-servei-juridic-municipal-per-a-regular-la-labor-dels-seus-integrants-i-defensar-els-interessos-de-lajuntament-en-els-processos-judicials\/\" title=\"Riba-roja aprova un reglament del seu servei jur\u00eddic municipal per a regular la labor dels seus integrants i defensar els interessos de l&#8217;ajuntament en els processos judicials\">[+] <\/a><\/div>\n","protected":false},"author":13,"featured_media":255142,"comment_status":"open","ping_status":"open","sticky":false,"template":"","format":"standard","meta":{"footnotes":""},"categories":[10892,10948,10894,10947,10906,10896],"tags":[10899,11140,11102],"class_list":["post-255144","post","type-post","status-publish","format-standard","has-post-thumbnail","category-camp-de-turia-ca","category-infraestructuras-ca","category-la-comarca-ca","category-politica","category-riba-roja-ca","category-seccion-ca","tag-camp-de-turia-ca","tag-politica-ca","tag-riba-roja-2-ca"],"_links":{"self":[{"href":"https:\/\/tucomarca.whitekongsoftware.com\/ca\/wp-json\/wp\/v2\/posts\/255144","targetHints":{"allow":["GET"]}}],"collection":[{"href":"https:\/\/tucomarca.whitekongsoftware.com\/ca\/wp-json\/wp\/v2\/posts"}],"about":[{"href":"https:\/\/tucomarca.whitekongsoftware.com\/ca\/wp-json\/wp\/v2\/types\/post"}],"author":[{"embeddable":true,"href":"https:\/\/tucomarca.whitekongsoftware.com\/ca\/wp-json\/wp\/v2\/users\/13"}],"replies":[{"embeddable":true,"href":"https:\/\/tucomarca.whitekongsoftware.com\/ca\/wp-json\/wp\/v2\/comments?post=255144"}],"version-history":[{"count":0,"href":"https:\/\/tucomarca.whitekongsoftware.com\/ca\/wp-json\/wp\/v2\/posts\/255144\/revisions"}],"wp:featuredmedia":[{"embeddable":true,"href":"https:\/\/tucomarca.whitekongsoftware.com\/ca\/wp-json\/wp\/v2\/media\/255142"}],"wp:attachment":[{"href":"https:\/\/tucomarca.whitekongsoftware.com\/ca\/wp-json\/wp\/v2\/media?parent=255144"}],"wp:term":[{"taxonomy":"category","embeddable":true,"href":"https:\/\/tucomarca.whitekongsoftware.com\/ca\/wp-json\/wp\/v2\/categories?post=255144"},{"taxonomy":"post_tag","embeddable":true,"href":"https:\/\/tucomarca.whitekongsoftware.com\/ca\/wp-json\/wp\/v2\/tags?post=255144"}],"curies":[{"name":"wp","href":"https:\/\/api.w.org\/{rel}","templated":true}]}}