{"id":255123,"date":"2025-02-24T11:30:00","date_gmt":"2025-02-24T10:30:00","guid":{"rendered":"https:\/\/www.tucomarca.com\/wordpress\/segunda\/?p=255123"},"modified":"2025-02-24T18:59:14","modified_gmt":"2025-02-24T17:59:14","slug":"daniel-vicente-nou-president-de-lassociacio-dempresaris-i-autonoms-de-bunyol-i-comarca","status":"publish","type":"post","link":"https:\/\/tucomarca.whitekongsoftware.com\/ca\/daniel-vicente-nou-president-de-lassociacio-dempresaris-i-autonoms-de-bunyol-i-comarca\/","title":{"rendered":"Daniel Vicente, nou president de l&#8217;Associaci\u00f3 d&#8217;Empresaris i Aut\u00f2noms de Bunyol i Comarca"},"content":{"rendered":"\n<p class=\"wp-block-paragraph\">Daniel Vicente, responsable d&#8217;Eventual Moments, ha sigut elegit com a nou president de l&#8217;Associaci\u00f3 d&#8217;Empresaris i Aut\u00f2noms de Bunyol i Comarca (ACYEB). <\/p>\n\n\n\n<p class=\"wp-block-paragraph\">L&#8217;elecci\u00f3, que va tindre lloc divendres passat en la junta general d&#8217;associats, marca l&#8217;inici d&#8217;una nova etapa per a l&#8217;associaci\u00f3, que representa a m\u00e9s de 150 empreses i comer\u00e7os de la localitat i els seus voltants.<\/p>\n\n\n\n<p class=\"wp-block-paragraph\">El nou president ha destacat que assumeix aquesta responsabilitat amb \u201cenergia, motivaci\u00f3 i comprom\u00eds\u201d, amb el principal objectiu de posar en valor encara m\u00e9s al comer\u00e7 local. Assegura que la seua tasca, juntament amb els seus companys de junta, ser\u00e0 recon\u00e9ixer l&#8217;esfor\u00e7 dels empresaris per a mantindre viu i din\u00e0mic un poble com Bunyol i una comarca amb un \u201cpotencial admirable\u201d.<\/p>\n","protected":false},"excerpt":{"rendered":"<div class=\"mh-excerpt\">Daniel Vicente, responsable d&#8217;Eventual Moments, ha sigut elegit com a nou president de l&#8217;Associaci\u00f3 d&#8217;Empresaris i Aut\u00f2noms de Bunyol i Comarca (ACYEB). L&#8217;elecci\u00f3, que va tindre lloc divendres passat en la junta general d&#8217;associats, marca <a class=\"mh-excerpt-more\" href=\"https:\/\/tucomarca.whitekongsoftware.com\/ca\/daniel-vicente-nou-president-de-lassociacio-dempresaris-i-autonoms-de-bunyol-i-comarca\/\" title=\"Daniel Vicente, nou president de l&#8217;Associaci\u00f3 d&#8217;Empresaris i Aut\u00f2noms de Bunyol i Comarca\">[+] <\/a><\/div>\n","protected":false},"author":12,"featured_media":255108,"comment_status":"open","ping_status":"open","sticky":false,"template":"","format":"standard","meta":{"footnotes":""},"categories":[10911,10948,10894,10912,10896],"tags":[13339,12189,10913,19588,10914],"class_list":["post-255123","post","type-post","status-publish","format-standard","has-post-thumbnail","category-bunol-ca","category-infraestructuras-ca","category-la-comarca-ca","category-la-hoya-ca","category-seccion-ca","tag-acyeb-ca","tag-asociacion-de-comerciantes-de-bunol-ca","tag-bunol-ca","tag-daniel-vicente-ca","tag-la-hoya-de-bunol-chiva-ca"],"_links":{"self":[{"href":"https:\/\/tucomarca.whitekongsoftware.com\/ca\/wp-json\/wp\/v2\/posts\/255123","targetHints":{"allow":["GET"]}}],"collection":[{"href":"https:\/\/tucomarca.whitekongsoftware.com\/ca\/wp-json\/wp\/v2\/posts"}],"about":[{"href":"https:\/\/tucomarca.whitekongsoftware.com\/ca\/wp-json\/wp\/v2\/types\/post"}],"author":[{"embeddable":true,"href":"https:\/\/tucomarca.whitekongsoftware.com\/ca\/wp-json\/wp\/v2\/users\/12"}],"replies":[{"embeddable":true,"href":"https:\/\/tucomarca.whitekongsoftware.com\/ca\/wp-json\/wp\/v2\/comments?post=255123"}],"version-history":[{"count":0,"href":"https:\/\/tucomarca.whitekongsoftware.com\/ca\/wp-json\/wp\/v2\/posts\/255123\/revisions"}],"wp:featuredmedia":[{"embeddable":true,"href":"https:\/\/tucomarca.whitekongsoftware.com\/ca\/wp-json\/wp\/v2\/media\/255108"}],"wp:attachment":[{"href":"https:\/\/tucomarca.whitekongsoftware.com\/ca\/wp-json\/wp\/v2\/media?parent=255123"}],"wp:term":[{"taxonomy":"category","embeddable":true,"href":"https:\/\/tucomarca.whitekongsoftware.com\/ca\/wp-json\/wp\/v2\/categories?post=255123"},{"taxonomy":"post_tag","embeddable":true,"href":"https:\/\/tucomarca.whitekongsoftware.com\/ca\/wp-json\/wp\/v2\/tags?post=255123"}],"curies":[{"name":"wp","href":"https:\/\/api.w.org\/{rel}","templated":true}]}}