{"id":255121,"date":"2025-02-24T13:00:00","date_gmt":"2025-02-24T12:00:00","guid":{"rendered":"https:\/\/www.tucomarca.com\/wordpress\/segunda\/?p=255121"},"modified":"2025-02-24T19:11:53","modified_gmt":"2025-02-24T18:11:53","slug":"fotogaleria-benaguasil-dona-el-tret-deixida-a-les-falles-2025","status":"publish","type":"post","link":"https:\/\/tucomarca.whitekongsoftware.com\/ca\/fotogaleria-benaguasil-dona-el-tret-deixida-a-les-falles-2025\/","title":{"rendered":"Fotogaler\u00eda: Benaguasil dona el tret d&#8217;eixida a les Falles 2025"},"content":{"rendered":"\n<h3 class=\"wp-block-heading\">Les Falleres Majors de Benaguasil, Jessica Condes i Celeste Navarro, acompanyades de les seues respectives Corts d&#8217;Honor, juntament amb el president infantil AitorTarin, la presidenta de la JLF Pepa Cano, i l&#8217;Alcalde, Ximo Segarra, van donar la benvinguda a les Falles.&nbsp;<\/h3>\n\n\n\n<p class=\"wp-block-paragraph\">Benaguasil va donar aquest cap de setmana el tret d&#8217;eixida a les festes falleres amb la Crida, un acte popular que va congregar en la Pla\u00e7a a les deu comissions en un ambient d&#8217;alegria i emoci\u00f3.<\/p>\n\n\n\n<p class=\"wp-block-paragraph\">L&#8217;acte va donar inici amb l&#8217;arribada dels m\u00e0xims representants de les comissions que t\u00e9 Benaguasil. Tots ells van desfilar fins a l&#8217;Ajuntament, on a les portes els esperaven l&#8217;alcalde Ximo Segarra i la regidora de Falles, Ana Aleixandre. Posteriorment va desfilar la cort d&#8217;honor de les falleres majors, seguida de les falleres majors del municipi, Jessica Condes i Celeste Navarro, aix\u00ed com el president infantil Aitor Tar\u00edn i la presidenta de la JLF Pepa Cano.<\/p>\n\n\n\n<p class=\"wp-block-paragraph\">Acompanyat d&#8217;una gran posada d&#8217;escena, efectes de llum i ambientaci\u00f3 musical l&#8217;acte va prosseguir amb una projecci\u00f3n sobre els 100 anys de Falles que es compleixen enguany a Benaguasil i en la qual persones rellevants de la festa van felicitar el col\u00b7lectiu faller per aquesta fita.<\/p>\n\n\n\n<p class=\"wp-block-paragraph\">Despr\u00e9s d&#8217;aix\u00f2 va ser l&#8217;alcalde el primer a dirigir-se a la multitud per a donar la benvinguda a les Falles i cridar el col\u00b7lectiu faller a viure la festa intensament. Tot seguit i en una Crida conjunta van ser Jessica, Celeste i Aitor els que van pronunciar l&#8217;esperat crit de \u2018Ja estem en Falles\u2019, que va fer vibrar a les comissions falleres. Els tres van convidar a la ciutadania a gaudir de les festes josefinas, van agrair el treball de tota la gent implicada en les Falles i van mostrar l&#8217;orgull de \u201cpert\u00e0nyer a un municipi que enguany compleix 100 anys d&#8217;hist\u00f2ria fallera, un reconeixement possible gr\u00e0cies als nostres avantpassats i al seu amor per la nostra festa\u201d.<\/p>\n\n\n\n<p class=\"wp-block-paragraph\">Jessica, Celeste i Aitor van finalitzar el discurs demanant a totes les comissions al\u00e7ar els estendards per a proclamar que \u201cvisquen les Falles i Benaguasil\u201d.<\/p>\n\n\n\n<p class=\"wp-block-paragraph\">Els himnes de la Comunitat Valenciana i d&#8217;Espanya i un castell de focs artificials van posar el fermall d&#8217;or a l&#8217;acte.<\/p>\n\n\n\n<figure class=\"wp-block-gallery has-nested-images columns-1 is-cropped wp-block-gallery-1 is-layout-flex wp-block-gallery-is-layout-flex\">\n<figure class=\"wp-block-image size-large\"><img loading=\"lazy\" decoding=\"async\" width=\"1024\" height=\"768\" data-id=\"255110\" src=\"https:\/\/www.tucomarca.com\/wordpress\/segunda\/wp-content\/uploads\/2025\/02\/Benaguasil_Cirda01-1024x768.jpg\" alt=\"\" class=\"wp-image-255110\" srcset=\"https:\/\/tucomarca.whitekongsoftware.com\/wp-content\/uploads\/2025\/02\/Benaguasil_Cirda01-1024x768.jpg 1024w, https:\/\/tucomarca.whitekongsoftware.com\/wp-content\/uploads\/2025\/02\/Benaguasil_Cirda01-300x225.jpg 300w, https:\/\/tucomarca.whitekongsoftware.com\/wp-content\/uploads\/2025\/02\/Benaguasil_Cirda01-768x576.jpg 768w, https:\/\/tucomarca.whitekongsoftware.com\/wp-content\/uploads\/2025\/02\/Benaguasil_Cirda01-1536x1152.jpg 1536w, https:\/\/tucomarca.whitekongsoftware.com\/wp-content\/uploads\/2025\/02\/Benaguasil_Cirda01-678x509.jpg 678w, https:\/\/tucomarca.whitekongsoftware.com\/wp-content\/uploads\/2025\/02\/Benaguasil_Cirda01-326x245.jpg 326w, https:\/\/tucomarca.whitekongsoftware.com\/wp-content\/uploads\/2025\/02\/Benaguasil_Cirda01-80x60.jpg 80w, https:\/\/tucomarca.whitekongsoftware.com\/wp-content\/uploads\/2025\/02\/Benaguasil_Cirda01.jpg 2048w\" sizes=\"auto, (max-width: 1024px) 100vw, 1024px\" \/><\/figure>\n\n\n\n<figure class=\"wp-block-image size-large\"><img loading=\"lazy\" decoding=\"async\" width=\"1024\" height=\"768\" data-id=\"255118\" src=\"https:\/\/www.tucomarca.com\/wordpress\/segunda\/wp-content\/uploads\/2025\/02\/Benaguasil_Cirda05-1024x768.jpg\" alt=\"\" class=\"wp-image-255118\" srcset=\"https:\/\/tucomarca.whitekongsoftware.com\/wp-content\/uploads\/2025\/02\/Benaguasil_Cirda05-1024x768.jpg 1024w, https:\/\/tucomarca.whitekongsoftware.com\/wp-content\/uploads\/2025\/02\/Benaguasil_Cirda05-300x225.jpg 300w, https:\/\/tucomarca.whitekongsoftware.com\/wp-content\/uploads\/2025\/02\/Benaguasil_Cirda05-768x576.jpg 768w, https:\/\/tucomarca.whitekongsoftware.com\/wp-content\/uploads\/2025\/02\/Benaguasil_Cirda05-1536x1152.jpg 1536w, https:\/\/tucomarca.whitekongsoftware.com\/wp-content\/uploads\/2025\/02\/Benaguasil_Cirda05-678x509.jpg 678w, https:\/\/tucomarca.whitekongsoftware.com\/wp-content\/uploads\/2025\/02\/Benaguasil_Cirda05-326x245.jpg 326w, https:\/\/tucomarca.whitekongsoftware.com\/wp-content\/uploads\/2025\/02\/Benaguasil_Cirda05-80x60.jpg 80w, https:\/\/tucomarca.whitekongsoftware.com\/wp-content\/uploads\/2025\/02\/Benaguasil_Cirda05.jpg 2048w\" sizes=\"auto, (max-width: 1024px) 100vw, 1024px\" \/><\/figure>\n\n\n\n<figure class=\"wp-block-image size-large\"><img loading=\"lazy\" decoding=\"async\" width=\"1024\" height=\"683\" data-id=\"255116\" src=\"https:\/\/www.tucomarca.com\/wordpress\/segunda\/wp-content\/uploads\/2025\/02\/Benaguasil_Cirda04-1024x683.jpg\" alt=\"\" class=\"wp-image-255116\" srcset=\"https:\/\/tucomarca.whitekongsoftware.com\/wp-content\/uploads\/2025\/02\/Benaguasil_Cirda04-1024x683.jpg 1024w, https:\/\/tucomarca.whitekongsoftware.com\/wp-content\/uploads\/2025\/02\/Benaguasil_Cirda04-300x200.jpg 300w, https:\/\/tucomarca.whitekongsoftware.com\/wp-content\/uploads\/2025\/02\/Benaguasil_Cirda04-768x512.jpg 768w, https:\/\/tucomarca.whitekongsoftware.com\/wp-content\/uploads\/2025\/02\/Benaguasil_Cirda04-1536x1024.jpg 1536w, https:\/\/tucomarca.whitekongsoftware.com\/wp-content\/uploads\/2025\/02\/Benaguasil_Cirda04-2048x1365.jpg 2048w\" sizes=\"auto, (max-width: 1024px) 100vw, 1024px\" \/><\/figure>\n\n\n\n<figure class=\"wp-block-image size-large\"><img loading=\"lazy\" decoding=\"async\" width=\"1024\" height=\"683\" data-id=\"255112\" src=\"https:\/\/www.tucomarca.com\/wordpress\/segunda\/wp-content\/uploads\/2025\/02\/Benaguasil_Cirda02-1024x683.jpg\" alt=\"\" class=\"wp-image-255112\" srcset=\"https:\/\/tucomarca.whitekongsoftware.com\/wp-content\/uploads\/2025\/02\/Benaguasil_Cirda02-1024x683.jpg 1024w, https:\/\/tucomarca.whitekongsoftware.com\/wp-content\/uploads\/2025\/02\/Benaguasil_Cirda02-300x200.jpg 300w, https:\/\/tucomarca.whitekongsoftware.com\/wp-content\/uploads\/2025\/02\/Benaguasil_Cirda02-768x512.jpg 768w, https:\/\/tucomarca.whitekongsoftware.com\/wp-content\/uploads\/2025\/02\/Benaguasil_Cirda02-1536x1024.jpg 1536w, https:\/\/tucomarca.whitekongsoftware.com\/wp-content\/uploads\/2025\/02\/Benaguasil_Cirda02-2048x1365.jpg 2048w\" sizes=\"auto, (max-width: 1024px) 100vw, 1024px\" \/><\/figure>\n<\/figure>\n","protected":false},"excerpt":{"rendered":"<div class=\"mh-excerpt\">Les Falleres Majors de Benaguasil, Jessica Condes i Celeste Navarro, acompanyades de les seues respectives Corts d&#8217;Honor, juntament amb el president infantil AitorTarin, la presidenta de la JLF Pepa Cano, i l&#8217;Alcalde, Ximo Segarra, van <a class=\"mh-excerpt-more\" href=\"https:\/\/tucomarca.whitekongsoftware.com\/ca\/fotogaleria-benaguasil-dona-el-tret-deixida-a-les-falles-2025\/\" title=\"Fotogaler\u00eda: Benaguasil dona el tret d&#8217;eixida a les Falles 2025\">[+] <\/a><\/div>\n","protected":false},"author":13,"featured_media":255115,"comment_status":"open","ping_status":"open","sticky":false,"template":"","format":"gallery","meta":{"footnotes":""},"categories":[10952,10892,10894,11004,11007,11008,10896],"tags":[11136,10899,11499,15856],"class_list":["post-255121","post","type-post","status-publish","format-gallery","has-post-thumbnail","category-benaguasil-ca","category-camp-de-turia-ca","category-la-comarca-ca","category-la-semana-en-imagenes-ca","category-ocio-y-cultura-ca","category-pueblos-en-fiestas-ca","category-seccion-ca","tag-benaguasil-ca","tag-camp-de-turia-ca","tag-fallas-ca","tag-ocio-y-cultura-ca","post_format-post-format-gallery"],"_links":{"self":[{"href":"https:\/\/tucomarca.whitekongsoftware.com\/ca\/wp-json\/wp\/v2\/posts\/255121","targetHints":{"allow":["GET"]}}],"collection":[{"href":"https:\/\/tucomarca.whitekongsoftware.com\/ca\/wp-json\/wp\/v2\/posts"}],"about":[{"href":"https:\/\/tucomarca.whitekongsoftware.com\/ca\/wp-json\/wp\/v2\/types\/post"}],"author":[{"embeddable":true,"href":"https:\/\/tucomarca.whitekongsoftware.com\/ca\/wp-json\/wp\/v2\/users\/13"}],"replies":[{"embeddable":true,"href":"https:\/\/tucomarca.whitekongsoftware.com\/ca\/wp-json\/wp\/v2\/comments?post=255121"}],"version-history":[{"count":0,"href":"https:\/\/tucomarca.whitekongsoftware.com\/ca\/wp-json\/wp\/v2\/posts\/255121\/revisions"}],"wp:featuredmedia":[{"embeddable":true,"href":"https:\/\/tucomarca.whitekongsoftware.com\/ca\/wp-json\/wp\/v2\/media\/255115"}],"wp:attachment":[{"href":"https:\/\/tucomarca.whitekongsoftware.com\/ca\/wp-json\/wp\/v2\/media?parent=255121"}],"wp:term":[{"taxonomy":"category","embeddable":true,"href":"https:\/\/tucomarca.whitekongsoftware.com\/ca\/wp-json\/wp\/v2\/categories?post=255121"},{"taxonomy":"post_tag","embeddable":true,"href":"https:\/\/tucomarca.whitekongsoftware.com\/ca\/wp-json\/wp\/v2\/tags?post=255121"}],"curies":[{"name":"wp","href":"https:\/\/api.w.org\/{rel}","templated":true}]}}