{"id":254835,"date":"2025-02-19T11:40:00","date_gmt":"2025-02-19T10:40:00","guid":{"rendered":"https:\/\/www.tucomarca.com\/wordpress\/segunda\/?p=254835"},"modified":"2025-02-19T20:48:29","modified_gmt":"2025-02-19T19:48:29","slug":"ens-uneix-porta-la-veu-del-municipalisme-a-la-federacio-valenciana-de-municipis-i-provincies","status":"publish","type":"post","link":"https:\/\/tucomarca.whitekongsoftware.com\/ca\/ens-uneix-porta-la-veu-del-municipalisme-a-la-federacio-valenciana-de-municipis-i-provincies\/","title":{"rendered":"Ens Uneix porta la veu del municipalisme a la Federaci\u00f3 Valenciana de Municipis i Prov\u00edncies"},"content":{"rendered":"\n<h3 class=\"wp-block-heading\">Jorge Rodr\u00edguez i Natalia Enguix qualifiquen de \u201cdia hist\u00f2ric\u201d aconseguir representaci\u00f3 i \u201cfer valdre el que la ciutadania va votar en les \u00faltimes eleccions\u201d.<\/h3>\n\n\n\n<h3 class=\"wp-block-heading\">David Garc\u00eda (Nules) ser\u00e0 vicepresident primer; To\u00f1o Carratal\u00e1 (Alberic), coordinador general i Ricard Gallego, representant a \u00c0 Punt.<\/h3>\n\n\n\n<p class=\"wp-block-paragraph\">La veu del municipalisme arriba a la Federaci\u00f3 Valenciana de Municipis i Prov\u00edncies (FVMP). Ho ha fet de la m\u00e0 d\u2019Ens Uneix i la Uni\u00f3 Municipalista aquest dimecres durant l\u2019assemblea per a la formaci\u00f3 dels nous \u00f2rgans de govern d\u2019aquesta entitat.&nbsp;<\/p>\n\n\n\n<p class=\"wp-block-paragraph\">L\u2019assemblea que ha tingut lloc al Auditori Santiago Criolla de les Arts i les Ci\u00e8ncies de Val\u00e8ncia ha reunit representants municipals de 541 municipis, en la qual s\u2019ha escollit a David Garc\u00eda, alcalde de Nules i president de la Uni\u00f3 Municipalista, com a vicepresident de la FVMP; To\u00f1o Carratal\u00e1, com a coordinador general de la Federaci\u00f3 i al Cap de Gabinet de la vicepresidenta, representant a \u00c0 Punt.<\/p>\n\n\n\n<p class=\"wp-block-paragraph\">L\u2019alcalde d\u2019Ontinyent i secretari general d\u2019Ens Uneix ha afirmat que \u201cestem davant un dia hist\u00f2ric perqu\u00e8 per primera vegada a la federaci\u00f3 va a existir una representaci\u00f3 del municipalisme\u201d perqu\u00e8 \u201ctot i que com ajuntaments hem estat participant activament, la uni\u00f3 a trav\u00e9s de la Uni\u00f3 Municipalista ens ha perm\u00e9s entrar i, per tant, canviar el joc de majories que hi havia a l\u2019entitat\u201d. Una uni\u00f3 que remarcava ens ha perm\u00e9s \u201caconseguir la vicepresid\u00e8ncia primera de la federaci\u00f3 valenciana que, el que pensem fa \u00e9s fer bo all\u00f2 que els ciutadans van fer bo quan van votar en les \u00faltimes eleccions i ens van donar suport\u201d que, en definitiva, suposa \u201cdur la nostra representaci\u00f3 a l\u2019\u00f2rgan que representa els diferents municipis i treballar per la nostra gent\u201d. Rodr\u00edguez insistia que \u201cno tenim cap consigna partidista i sols venim a defendre al ciutad\u00e0 i ciutadana\u201d perqu\u00e8 \u201cde vegades es s\u2019ha tingut tend\u00e8ncia a defensar m\u00e9s els interessos del partit pol\u00edtic que es representava\u201d.<\/p>\n\n\n\n<figure class=\"wp-block-image size-large\"><img loading=\"lazy\" decoding=\"async\" width=\"1024\" height=\"641\" src=\"http:\/\/www.tucomarca.com\/wordpress\/segunda\/wp-content\/uploads\/2025\/02\/EnsUneixFVMP2-1024x641.jpg\" alt=\"\" class=\"wp-image-254831\" srcset=\"https:\/\/tucomarca.whitekongsoftware.com\/wp-content\/uploads\/2025\/02\/EnsUneixFVMP2-1024x641.jpg 1024w, https:\/\/tucomarca.whitekongsoftware.com\/wp-content\/uploads\/2025\/02\/EnsUneixFVMP2-300x188.jpg 300w, https:\/\/tucomarca.whitekongsoftware.com\/wp-content\/uploads\/2025\/02\/EnsUneixFVMP2-768x481.jpg 768w, https:\/\/tucomarca.whitekongsoftware.com\/wp-content\/uploads\/2025\/02\/EnsUneixFVMP2-1536x961.jpg 1536w, https:\/\/tucomarca.whitekongsoftware.com\/wp-content\/uploads\/2025\/02\/EnsUneixFVMP2-2048x1282.jpg 2048w\" sizes=\"auto, (max-width: 1024px) 100vw, 1024px\" \/><\/figure>\n\n\n\n<p class=\"wp-block-paragraph\">Rodr\u00edguez preguntat pel representant d\u2019\u00c0 Punt que tindr\u00e0 Ens Uneix en la televisi\u00f3 p\u00fablica valenciana en la figura de Ricard Gallego, exposava que \u201cesperem ser la veu del trellat i la veu que defensa una radio televisi\u00f3 p\u00fablica valenciana, en valenci\u00e0, en trellat i arrelada al territori\u201d.<\/p>\n\n\n\n<p class=\"wp-block-paragraph\">Per la seua banda, el president de la Uni\u00f3 Municipalista, David Garc\u00eda, qui ser\u00e0 el vicepresident en la FVMP, incidia en \u201cel dia hist\u00f2ric que estem vivint\u201d. Un dia en el que \u201cfem un pas endavant al tindre pres\u00e8ncia en l\u2019entitat que aglutina els municipis i prov\u00edncies\u201d perqu\u00e8 \u201cno era de just\u00edcia que la tercera for\u00e7a pol\u00edtica en n\u00famero d\u2019alcaldes de la Comunitat Valenciana, per davant fins i tot de Comprom\u00eds que si que t\u00e9 representaci\u00f3 no tinguera representaci\u00f3\u201d. Garc\u00eda insistia que \u201cse\u2019ns dona el que ens correspon per proporcionalitat i representativitat en base als resultats electorals de 2023\u201d perqu\u00e8 ara \u201camb la Uni\u00f3 Municipalista, els partits independents estem units i coordinats sota el lideratge de Jorge Rodr\u00edguez, alcalde d\u2019Ontinyent, tenim moltes ganes i molta for\u00e7a de cara les eleccions de 2027\u201d, remarcava.<\/p>\n\n\n\n<p class=\"wp-block-paragraph\">En la mateixa l\u00ednia tamb\u00e9 s\u2019ha pronunciat la vicepresidenta primera de la Diputaci\u00f3 de Val\u00e8ncia i portaveu d\u2019Ens Uneix, Nat\u00e0lia Enguix, \u201cque exposava que \u00e9s un dia molt important per al municipalisme perqu\u00e8 hem aconseguit tindre representaci\u00f3, per primera vegada, en aquesta entitat\u201d i remarcava \u201cque hem aconseguit un consens de tots els partits pol\u00edtics. Per aquest motiu, des d\u2019Ens Uneix i la Uni\u00f3 Municipalista \u201chem aconseguit tindre representaci\u00f3 perqu\u00e8 ens permetr\u00e0 portar la veu del municipalisme, dels nostres pobles, comarques i la nostra gent. Amb Ens Uneix i la Uni\u00f3 Municipalista a la FVMP guanyem totes i tots, per\u00f2 sobretot guanya la nostra gent per la que treballem cada dia\u201d.<\/p>\n\n\n\n<p class=\"wp-block-paragraph\">No obstant, durant el discurs de presa de possessi\u00f3 de la presidenta FVMP, Paqui Bartual, en el qual feia refer\u00e8ncia a la moci\u00f3 de censura a Requena fent apologia i cr\u00edtica d\u2019aquesta mesura democr\u00e0tica, Ens Uneix junt a la Uni\u00f3 Municipalista ha abandonat l\u2019auditori com a mostra de rebuig i descontent cap a un discurs que el partit considera \u201cfora de lloc, inadequat, fals i que sols genera confrontaci\u00f3 pol\u00edtica. Cal recordar-li a la presidenta que ha estat votada pel seu partit, per\u00f2 tamb\u00e9 per la resta de partits presents en la Federaci\u00f3. \u00c9s una falta de respecte cap a totes i tots\u201d.<\/p>\n","protected":false},"excerpt":{"rendered":"<div class=\"mh-excerpt\">Jorge Rodr\u00edguez i Natalia Enguix qualifiquen de \u201cdia hist\u00f2ric\u201d aconseguir representaci\u00f3 i \u201cfer valdre el que la ciutadania va votar en les \u00faltimes eleccions\u201d. David Garc\u00eda (Nules) ser\u00e0 vicepresident primer; To\u00f1o Carratal\u00e1 (Alberic), coordinador general <a class=\"mh-excerpt-more\" href=\"https:\/\/tucomarca.whitekongsoftware.com\/ca\/ens-uneix-porta-la-veu-del-municipalisme-a-la-federacio-valenciana-de-municipis-i-provincies\/\" title=\"Ens Uneix porta la veu del municipalisme a la Federaci\u00f3 Valenciana de Municipis i Prov\u00edncies\">[+] <\/a><\/div>\n","protected":false},"author":1,"featured_media":254830,"comment_status":"open","ping_status":"open","sticky":false,"template":"","format":"standard","meta":{"footnotes":""},"categories":[10898,10948,10894,10904,10947,10896],"tags":[20186,14393,11199],"class_list":["post-254835","post","type-post","status-publish","format-standard","has-post-thumbnail","category-ventana-ca","category-infraestructuras-ca","category-la-comarca-ca","category-sin-categorizar-ca","category-politica","category-seccion-ca","tag-ens-uneix-ca","tag-fvmp-ca","tag-la-comunitat-ca"],"_links":{"self":[{"href":"https:\/\/tucomarca.whitekongsoftware.com\/ca\/wp-json\/wp\/v2\/posts\/254835","targetHints":{"allow":["GET"]}}],"collection":[{"href":"https:\/\/tucomarca.whitekongsoftware.com\/ca\/wp-json\/wp\/v2\/posts"}],"about":[{"href":"https:\/\/tucomarca.whitekongsoftware.com\/ca\/wp-json\/wp\/v2\/types\/post"}],"author":[{"embeddable":true,"href":"https:\/\/tucomarca.whitekongsoftware.com\/ca\/wp-json\/wp\/v2\/users\/1"}],"replies":[{"embeddable":true,"href":"https:\/\/tucomarca.whitekongsoftware.com\/ca\/wp-json\/wp\/v2\/comments?post=254835"}],"version-history":[{"count":0,"href":"https:\/\/tucomarca.whitekongsoftware.com\/ca\/wp-json\/wp\/v2\/posts\/254835\/revisions"}],"wp:featuredmedia":[{"embeddable":true,"href":"https:\/\/tucomarca.whitekongsoftware.com\/ca\/wp-json\/wp\/v2\/media\/254830"}],"wp:attachment":[{"href":"https:\/\/tucomarca.whitekongsoftware.com\/ca\/wp-json\/wp\/v2\/media?parent=254835"}],"wp:term":[{"taxonomy":"category","embeddable":true,"href":"https:\/\/tucomarca.whitekongsoftware.com\/ca\/wp-json\/wp\/v2\/categories?post=254835"},{"taxonomy":"post_tag","embeddable":true,"href":"https:\/\/tucomarca.whitekongsoftware.com\/ca\/wp-json\/wp\/v2\/tags?post=254835"}],"curies":[{"name":"wp","href":"https:\/\/api.w.org\/{rel}","templated":true}]}}