{"id":254571,"date":"2025-02-18T14:00:00","date_gmt":"2025-02-18T13:00:00","guid":{"rendered":"https:\/\/www.tucomarca.com\/wordpress\/segunda\/?p=254571"},"modified":"2025-02-18T19:44:46","modified_gmt":"2025-02-18T18:44:46","slug":"mazon-anuncia-lactivacio-de-un-nou-pla-de-1208-milions-deuros-per-a-donar-suport-a-la-recuperacio-de-la-industria-el-comerc-i-lhostaleria","status":"publish","type":"post","link":"https:\/\/tucomarca.whitekongsoftware.com\/ca\/mazon-anuncia-lactivacio-de-un-nou-pla-de-1208-milions-deuros-per-a-donar-suport-a-la-recuperacio-de-la-industria-el-comerc-i-lhostaleria\/","title":{"rendered":"Maz\u00f3n anuncia l&#8217;activaci\u00f3 de un nou pla de 120,8 milions d&#8217;euros &#8220;per a donar suport a la recuperaci\u00f3 de la ind\u00fastria, el comer\u00e7 i l&#8217;hostaleria&#8221;"},"content":{"rendered":"\n<h3 class=\"wp-block-heading\">Assenyala que el programa \u2018Ara Empreses\u2019 per a les zones afectades per les riuades es posar\u00e0 en marxa el pr\u00f2xim mes de mar\u00e7 i \u201cel termini de sol\u00b7licitud, concessi\u00f3 i acompte de l\u2019ajuda estar\u00e0 obert fins al 30 de juny\u201d.<\/h3>\n\n\n\n<h3 class=\"wp-block-heading\">75 milions d\u2019euros es destinaran a comer\u00e7os i hostaleria i altres 45 a pimes industrials amb ajudes de fins a 50.000 i 100.000 euros, respectivament, per a adquisici\u00f3 o reparaci\u00f3 de maquin\u00e0ria, o compra d\u2019actius immaterials, entre altres.<\/h3>\n\n\n\n<h3 class=\"wp-block-heading\">Remarca l\u2019esfor\u00e7 de la Generalitat i el treball conjunt amb les entitats empresarials \u201cper a fer arribar de manera r\u00e0pida i directa totes les ajudes necess\u00e0ries per a recuperar el teixit empresarial\u201d.<\/h3>\n\n\n\n<h3 class=\"wp-block-heading\">Subratlla que l\u2019executiu valenci\u00e0 ha donat suport fins al moment amb 230 milions d\u2019euros la reconstrucci\u00f3 d\u2019empreses i ind\u00fastries i avan\u00e7a \u201cuna nova fase del pla \u2018Ara Empreses\u2019 per a donar suport a l\u2019I+D i la internacionalitzaci\u00f3\u201d.<\/h3>\n\n\n\n<figure class=\"wp-block-image size-large\"><img loading=\"lazy\" decoding=\"async\" width=\"980\" height=\"653\" src=\"https:\/\/www.tucomarca.com\/wordpress\/segunda\/wp-content\/uploads\/2025\/02\/MazonEmpresas2.jpeg\" alt=\"\" class=\"wp-image-254565\" srcset=\"https:\/\/tucomarca.whitekongsoftware.com\/wp-content\/uploads\/2025\/02\/MazonEmpresas2.jpeg 980w, https:\/\/tucomarca.whitekongsoftware.com\/wp-content\/uploads\/2025\/02\/MazonEmpresas2-300x200.jpeg 300w, https:\/\/tucomarca.whitekongsoftware.com\/wp-content\/uploads\/2025\/02\/MazonEmpresas2-768x512.jpeg 768w\" sizes=\"auto, (max-width: 980px) 100vw, 980px\" \/><\/figure>\n\n\n\n<p class=\"wp-block-paragraph\"><\/p>\n\n\n\n<p class=\"wp-block-paragraph\">El president de la Generalitat, Carlos Maz\u00f3n, ha anunciat la \u201cposada en marxa del pla \u2018Ara Empreses\u2019 des d\u2019IVACE+I dotat amb 120,8 milions d\u2019euros destinats a donar suport a la recuperaci\u00f3 de la ind\u00fastria, el comer\u00e7 i l\u2019hostaleria de les zones afectades per les riuades\u201d.<\/p>\n\n\n\n<p class=\"wp-block-paragraph\">El cap del Consell ha participat en la presentaci\u00f3 esta iniciativa en un acte en el qual tamb\u00e9 han assistit el vicepresident segon i conseller per a la Recuperaci\u00f3 Econ\u00f2mica i Social, Francisco Jos\u00e9 Gan Pampols, i la consellera d\u2019Innovaci\u00f3, Ind\u00fastria, Comer\u00e7 i Turisme, Mari\u00e1n Cano.<\/p>\n\n\n\n<p class=\"wp-block-paragraph\">Carlos Maz\u00f3n ha detallat que es tracta del tercer pla d\u2019ajudes per a les empreses damnificades per les inundacions de la Generalitat i ha indicat que estar\u00e0 actiu des del pr\u00f2xim mes de mar\u00e7 \u201cper a donar suport amb 75 milions d\u2019euros l\u2019activitat de comer\u00e7os i hostaleria amb una ajuda m\u00e0xima de fins a 50.000 euros\u201d, per a adquisici\u00f3 o reparaci\u00f3 de maquin\u00e0ria, o compra d\u2019actius immaterials, entre altres.<\/p>\n\n\n\n<p class=\"wp-block-paragraph\">A m\u00e9s, ha indicat que per a pimes industrials \u201cla l\u00ednia est\u00e0 dotada amb 45 milions d\u2019euros per a donar suport a iniciatives de fins a 100.000 euros\u201d, com la inversi\u00f3 en maquin\u00e0ria industrial, instal\u00b7lacions i elements productius, per exemple.<\/p>\n\n\n\n<p class=\"wp-block-paragraph\">El president ha explicat que \u201cel termini de sol\u00b7licitud, concessi\u00f3 i acompte de l\u2019ajuda estar\u00e0 obert fins al 30 de juny\u201d, i tindran car\u00e0cter retroactiu, mentres que el termini de justificaci\u00f3 ser\u00e0 fins al 30 de setembre.<\/p>\n\n\n\n<p class=\"wp-block-paragraph\">Carlos Maz\u00f3n ha incidit en el desenrotllament d\u2019un sistema inform\u00e0tic espec\u00edfic per a la gesti\u00f3 d\u2019estos expedients, a m\u00e9s d\u2019un refor\u00e7 de personal \u201cper a garantir l\u2019agilitat en la tramitaci\u00f3 i concessi\u00f3 d\u2019estes ajudes\u201d, com en la resta de les ajudes posades en marxa per la Generalitat.<\/p>\n\n\n\n<p class=\"wp-block-paragraph\">Addicionalment, ha indicat que es destinaran 800.000 euros per a ajuntaments dirigits a recuperar i millorar instal\u00b7lacions el\u00e8ctriques, xarxa de clavegueram i altres infraestructures \u201ctan necess\u00e0ries per a reactivar l\u2019activitat en empreses i pol\u00edgons que es van vore afectats\u201d.<\/p>\n\n\n\n<p class=\"wp-block-paragraph\">Durant la seua intervenci\u00f3, Carlos Maz\u00f3n ha agra\u00eft la labor de t\u00e8cnics i funcionaris de la Generalitat \u201cper a fer arribar de manera r\u00e0pida i directa totes les ajudes necess\u00e0ries per a recuperar el teixit empresarial\u201d i ha assenyalat el treball \u201cen equip i bra\u00e7 a bra\u00e7\u201d amb les entitats empresarials que van entendre, des del minut u, que la recuperaci\u00f3 era, \u00e9s i ha de continuar sent, en el seu disseny i la seua execuci\u00f3, una tasca de tots\u201d.<\/p>\n\n\n\n<p class=\"wp-block-paragraph\"><strong>Nova fase del pla \u2018Ara Empreses\u2019<\/strong><\/p>\n\n\n\n<p class=\"wp-block-paragraph\">El cap del Consell ha assenyalat que amb la posada en marxa d\u2019este nou programa de suport al teixit empresarial \u201ccomplim una nova fita, per\u00f2 no arribem al final del cam\u00ed\u201d, per la qual cosa ha avan\u00e7at que el Consell ja treballa en una nova fase del pla \u2018Ara Empreses\u2019 per a donar suport a l\u2019I+D i internacionalitzaci\u00f3 o mamprenedoria de les companyies amb la finalitat de refor\u00e7ar la competitivitat i avan\u00e7ar en la recuperaci\u00f3 de la seua activitat econ\u00f2mica.<\/p>\n\n\n\n<p class=\"wp-block-paragraph\">Al respecte, ha indicat que esta mesura \u201cpermetr\u00e0 aprofitar la base de tot el que s\u2019ha dut a terme per a fer un salt qualitatiu\u201d perqu\u00e8, tal com ha remarcat, \u201cno es tracta de recuperar el que ten\u00edem, sin\u00f3 de fer-ho encara millor, m\u00e9s competitiu, m\u00e9s innovador i internacional\u201d.<\/p>\n\n\n\n<p class=\"wp-block-paragraph\">En este sentit, ha reiterat \u201cla col\u00b7laboraci\u00f3 i el di\u00e0leg\u201d amb els sectors productius que es concreten en \u201cmesures adequades per als pol\u00edgons, les ind\u00fastries, l\u2019hostaleria i el comer\u00e7 amb la finalitat de seguir en este cam\u00ed d\u2019ambici\u00f3 col\u00b7lectiva per a la recuperaci\u00f3 que mereix la Comunitat Valenciana\u201d.<\/p>\n\n\n\n<figure class=\"wp-block-gallery has-nested-images columns-default is-cropped wp-block-gallery-1 is-layout-flex wp-block-gallery-is-layout-flex\">\n<figure class=\"wp-block-image size-large\"><img loading=\"lazy\" decoding=\"async\" width=\"980\" height=\"638\" data-id=\"254563\" src=\"https:\/\/www.tucomarca.com\/wordpress\/segunda\/wp-content\/uploads\/2025\/02\/MazonEmpresas1.jpeg\" alt=\"\" class=\"wp-image-254563\" srcset=\"https:\/\/tucomarca.whitekongsoftware.com\/wp-content\/uploads\/2025\/02\/MazonEmpresas1.jpeg 980w, https:\/\/tucomarca.whitekongsoftware.com\/wp-content\/uploads\/2025\/02\/MazonEmpresas1-300x195.jpeg 300w, https:\/\/tucomarca.whitekongsoftware.com\/wp-content\/uploads\/2025\/02\/MazonEmpresas1-768x500.jpeg 768w\" sizes=\"auto, (max-width: 980px) 100vw, 980px\" \/><\/figure>\n\n\n\n<figure class=\"wp-block-image size-large\"><img loading=\"lazy\" decoding=\"async\" width=\"980\" height=\"633\" data-id=\"254567\" src=\"https:\/\/www.tucomarca.com\/wordpress\/segunda\/wp-content\/uploads\/2025\/02\/MazonEmpresas3.jpeg\" alt=\"\" class=\"wp-image-254567\" srcset=\"https:\/\/tucomarca.whitekongsoftware.com\/wp-content\/uploads\/2025\/02\/MazonEmpresas3.jpeg 980w, https:\/\/tucomarca.whitekongsoftware.com\/wp-content\/uploads\/2025\/02\/MazonEmpresas3-300x194.jpeg 300w, https:\/\/tucomarca.whitekongsoftware.com\/wp-content\/uploads\/2025\/02\/MazonEmpresas3-768x496.jpeg 768w\" sizes=\"auto, (max-width: 980px) 100vw, 980px\" \/><\/figure>\n<\/figure>\n\n\n\n<p class=\"wp-block-paragraph\"><\/p>\n\n\n\n<p class=\"wp-block-paragraph\"><strong>230 milions d\u2019euros ja en marxa per a reactivar el teixit productiu<\/strong><\/p>\n\n\n\n<p class=\"wp-block-paragraph\">El president ha assenyalat l\u2019esfor\u00e7 de la Generalitat per a desenrotllar mesures \u201cen temps r\u00e8cord\u201d a trav\u00e9s d\u2019ajudes directes o contractes d\u2019emerg\u00e8ncia per a reactivar l\u2019economia de les empreses i aut\u00f2noms en els municipis damnificats amb la finalitat d\u2019ajudar-los en la recuperaci\u00f3 del seu negoci i afavorir el manteniment de l\u2019ocupaci\u00f3.<\/p>\n\n\n\n<p class=\"wp-block-paragraph\">Aix\u00ed, la Generalitat ha destinat fins hui 230 milions d\u2019euros dels quals m\u00e9s de 8,5 milions han sigut per a primeres actuacions com l\u2019acc\u00e9s i neteja d\u2019\u00e0rees industrials, la posada en marxa de servicis d\u2019autobusos per a facilitar l\u2019arribada de treballadors a les empreses o la contractaci\u00f3 d\u2019agents de proximitat per a informar de les necessitats i l\u00ednies d\u2019ajuda.<\/p>\n\n\n\n<p class=\"wp-block-paragraph\">En un segon paquet, ha recordat l\u2019activaci\u00f3 de 100 milions d\u2019ajudes directes per a empreses industrials, comer\u00e7os i aut\u00f2noms amb assalariats dels quals la Generalitat \u201cja ha executat 76.933.000 euros que han perm\u00e9s mantindre 79.333 ocupacions\u201d.<\/p>\n\n\n\n<p class=\"wp-block-paragraph\">En concret, s\u2019han resolt 8.155 expedients d\u2019ajudes sol\u00b7licitades per ind\u00fastries, empreses comercials, tur\u00edstiques o de servicis. Estos fons oscil\u00b7len de fons de fins a 15.000 euros per a comer\u00e7os i aut\u00f2noms amb assalariats, i de fins a 30.000 euros per a empreses industrials.<\/p>\n\n\n\n<p class=\"wp-block-paragraph\"><strong>Pla \u2018Ara Empreses\u2019<\/strong><\/p>\n\n\n\n<p class=\"wp-block-paragraph\">Esta nova fase del Pla ARA dotada amb un total de 120,8 milions d\u2019euros consta de tres accions. Aix\u00ed, es destinaran 45 milions d\u2019euros dirigits a pimes industrials i 75 milions d\u2019euros per a empreses comercials, d\u2019hostaleria o servicis.<\/p>\n\n\n\n<p class=\"wp-block-paragraph\">L\u2019objectiu d\u2019esta orde \u00e9s donar-les suport en l\u2019adquisici\u00f3 i reparaci\u00f3 de maquinaria, aparells, equips i altres actius materials, aix\u00ed com actius immaterials relacionats amb l\u2019empresa i la seua implantaci\u00f3. Aix\u00ed mateix, s\u2019inclouen en esta orde costos de reparaci\u00f3, adaptaci\u00f3 i millora d\u2019instal\u00b7lacions, i gastos d\u2019auditoria.<\/p>\n\n\n\n<p class=\"wp-block-paragraph\">Es pot fer una sol\u00b7licitud per empresa que pot demanar un acompte del 50 % de l\u2019ajuda concedida en el moment de presentaci\u00f3 de la sol\u00b7licitud. L\u2019import m\u00e0xim se situa en 100.000 euros en el cas de pimes industrials i de 50.000 euros en comer\u00e7os, hostaleria i servicis. El termini de sol\u00b7licitud d\u2019estes ajudes estar\u00e0 obert fins al 30 de juny de 2025.<\/p>\n\n\n\n<p class=\"wp-block-paragraph\">Aix\u00ed mateix, esta l\u00ednia tamb\u00e9 preveu 0,8 milions d\u2019euros en la recuperaci\u00f3 i reactivaci\u00f3 d\u2019instal\u00b7lacions energ\u00e8tiques dirigides a ajuntaments amb \u00e0rees industrials les infraestructures de les quals s\u2019han vist directament afectades per les riuades.<\/p>\n","protected":false},"excerpt":{"rendered":"<div class=\"mh-excerpt\">Assenyala que el programa \u2018Ara Empreses\u2019 per a les zones afectades per les riuades es posar\u00e0 en marxa el pr\u00f2xim mes de mar\u00e7 i \u201cel termini de sol\u00b7licitud, concessi\u00f3 i acompte de l\u2019ajuda estar\u00e0 obert <a class=\"mh-excerpt-more\" href=\"https:\/\/tucomarca.whitekongsoftware.com\/ca\/mazon-anuncia-lactivacio-de-un-nou-pla-de-1208-milions-deuros-per-a-donar-suport-a-la-recuperacio-de-la-industria-el-comerc-i-lhostaleria\/\" title=\"Maz\u00f3n anuncia l&#8217;activaci\u00f3 de un nou pla de 120,8 milions d&#8217;euros &#8220;per a donar suport a la recuperaci\u00f3 de la ind\u00fastria, el comer\u00e7 i l&#8217;hostaleria&#8221;\">[+] <\/a><\/div>\n","protected":false},"author":1,"featured_media":254564,"comment_status":"open","ping_status":"open","sticky":false,"template":"","format":"standard","meta":{"footnotes":""},"categories":[21466,10898,10948,10894,10904,10903,10947,10896,10897],"tags":[15409,11498,11199],"class_list":["post-254571","post","type-post","status-publish","format-standard","has-post-thumbnail","category-dana-ca","category-ventana-ca","category-infraestructuras-ca","category-la-comarca-ca","category-sin-categorizar-ca","category-medio-ambiente-la-comarca-ca","category-politica","category-seccion-ca","category-sucesos-la-comarca-ca","tag-dana-2-ca","tag-generalitat-valenciana-ca","tag-la-comunitat-ca"],"_links":{"self":[{"href":"https:\/\/tucomarca.whitekongsoftware.com\/ca\/wp-json\/wp\/v2\/posts\/254571","targetHints":{"allow":["GET"]}}],"collection":[{"href":"https:\/\/tucomarca.whitekongsoftware.com\/ca\/wp-json\/wp\/v2\/posts"}],"about":[{"href":"https:\/\/tucomarca.whitekongsoftware.com\/ca\/wp-json\/wp\/v2\/types\/post"}],"author":[{"embeddable":true,"href":"https:\/\/tucomarca.whitekongsoftware.com\/ca\/wp-json\/wp\/v2\/users\/1"}],"replies":[{"embeddable":true,"href":"https:\/\/tucomarca.whitekongsoftware.com\/ca\/wp-json\/wp\/v2\/comments?post=254571"}],"version-history":[{"count":0,"href":"https:\/\/tucomarca.whitekongsoftware.com\/ca\/wp-json\/wp\/v2\/posts\/254571\/revisions"}],"wp:featuredmedia":[{"embeddable":true,"href":"https:\/\/tucomarca.whitekongsoftware.com\/ca\/wp-json\/wp\/v2\/media\/254564"}],"wp:attachment":[{"href":"https:\/\/tucomarca.whitekongsoftware.com\/ca\/wp-json\/wp\/v2\/media?parent=254571"}],"wp:term":[{"taxonomy":"category","embeddable":true,"href":"https:\/\/tucomarca.whitekongsoftware.com\/ca\/wp-json\/wp\/v2\/categories?post=254571"},{"taxonomy":"post_tag","embeddable":true,"href":"https:\/\/tucomarca.whitekongsoftware.com\/ca\/wp-json\/wp\/v2\/tags?post=254571"}],"curies":[{"name":"wp","href":"https:\/\/api.w.org\/{rel}","templated":true}]}}