{"id":254551,"date":"2025-02-17T17:00:00","date_gmt":"2025-02-17T16:00:00","guid":{"rendered":"https:\/\/www.tucomarca.com\/wordpress\/segunda\/?p=254551"},"modified":"2025-02-18T18:58:54","modified_gmt":"2025-02-18T17:58:54","slug":"otos-renovara-la-seua-travessia-i-el-cami-de-circumvallacio-i-completara-la-nova-xarxa-daigua-amb-ajuda-de-la-diputacio","status":"publish","type":"post","link":"https:\/\/tucomarca.whitekongsoftware.com\/ca\/otos-renovara-la-seua-travessia-i-el-cami-de-circumvallacio-i-completara-la-nova-xarxa-daigua-amb-ajuda-de-la-diputacio\/","title":{"rendered":"Otos renovar\u00e0 la seua travessia i el cam\u00ed de circumval\u00b7laci\u00f3 i completar\u00e0 la nova xarxa d&#8217;aigua amb ajuda de la Diputaci\u00f3"},"content":{"rendered":"\n<h3 class=\"wp-block-heading\">L&#8217;alcaldessa, In\u00e9s Alfonso, repassa les infraestructures i servicis que millorar\u00e0 el municipi de la Vall d&#8217;Albaida amb les ajudes del Pla Obert que coordina Nat\u00e0lia Enguix i els plans d&#8217;inversions de la Diputaci\u00f3.<\/h3>\n\n\n\n<h3 class=\"wp-block-heading\">Enguix destaca \u201cels treballs de renovaci\u00f3 del cicle integral de l&#8217;aigua i l&#8217;adequaci\u00f3 de zones verdes i esportives en un poble xicotet com Otos que demostra responsabilitat i oferix qualitat de vida als seus habitants\u201d.<\/h3>\n\n\n\n<p class=\"wp-block-paragraph\">El municipi d&#8217;Otos, a la comarca de la Vall d&#8217;Albaida, iniciar\u00e0 en breu la renovaci\u00f3 de la seua travessia i del cam\u00ed que servix de circumval\u00b7laci\u00f3 amb fons provincials. La corporaci\u00f3 provincial invertir\u00e0 al voltant d&#8217;un mili\u00f3 d&#8217;euros en estes infraestructures b\u00e0siques, que se sumen als projectes aprovats en els programes provincials i en el Pla Obert de la present legislatura, coordinat per la vicepresidenta primera, Nat\u00e0lia Enguix, qui destaca \u201cles actuacions sostenibles en mat\u00e8ria d&#8217;aigua i zones verdes i esportives que Otos ha executat o t\u00e9 previst desenvolupar\u201d.<\/p>\n\n\n\n<p class=\"wp-block-paragraph\">Amb una poblaci\u00f3 de 440 habitants segons dades del passat any, Otos completar\u00e0 la renovaci\u00f3 del cicle integral de l&#8217;aigua amb un projecte recentment aprovat per la Diputaci\u00f3, en el marc del Pla Obert. \u201c\u00c9s una actuaci\u00f3 en el nucli urb\u00e0 de 235.000 euros que se suma a unes altres que vam fer anteriorment en tema d&#8217;aigua i clavegueram en altres zones del poble\u201d, explica l&#8217;alcaldessa, In\u00e9s Alfonso, qui valora positivament \u201cel canvi que han introdu\u00eft en el pla d&#8217;inversions per a eliminar els terminis de presentaci\u00f3 dels projectes\u201d.<\/p>\n\n\n\n<figure class=\"wp-block-image size-full is-resized\"><img loading=\"lazy\" decoding=\"async\" width=\"700\" height=\"400\" src=\"http:\/\/www.tucomarca.com\/wordpress\/segunda\/wp-content\/uploads\/2025\/02\/OtosPanoramica.jpg\" alt=\"\" class=\"wp-image-254547\" style=\"width:743px;height:auto\" srcset=\"https:\/\/tucomarca.whitekongsoftware.com\/wp-content\/uploads\/2025\/02\/OtosPanoramica.jpg 700w, https:\/\/tucomarca.whitekongsoftware.com\/wp-content\/uploads\/2025\/02\/OtosPanoramica-300x171.jpg 300w\" sizes=\"auto, (max-width: 700px) 100vw, 700px\" \/><\/figure>\n\n\n\n<p class=\"wp-block-paragraph\">En este sentit, la vicepresidenta Enguix assenyala que \u201cla decisi\u00f3 de convertir el principal programa inversor de la Diputaci\u00f3 en quadriennal va ser precisament per a permetre als alcaldes i alcaldesses decidir sense pressions les prioritats dels seus municipis, i disposar del temps necessari per a executar les obres que ens sol\u00b7liciten i que els 350 milions d&#8217;euros del Pla Obert es queden \u00edntegrament a les nostres comarques, tradu\u00efts en la millora de les infraestructures i servicis que disfruten els habitants de la prov\u00edncia\u201d.<\/p>\n\n\n\n<p class=\"wp-block-paragraph\"><strong>Inversions a Otos<\/strong><\/p>\n\n\n\n<p class=\"wp-block-paragraph\">L&#8217;alcaldessa avan\u00e7a els nous projectes de millora h\u00eddrica i urbanisme amb un Pla Obert que assigna 792.000 euros a Otos, 115.000 euros m\u00e9s que en els plans de la passada legislatura. In\u00e9s Alfonso repassa tamb\u00e9 les obres que s&#8217;han dut a terme amb els 677.000 euros dels quals va disposar el municipi en el per\u00edode 2019-2023, que s&#8217;estan completant amb \u201cl&#8217;adequaci\u00f3 dels accessos a la zona esportiva i la instal\u00b7laci\u00f3 d&#8217;un punt de rec\u00e0rrega per a vehicles el\u00e8ctrics\u201d.<\/p>\n\n\n\n<p class=\"wp-block-paragraph\">El projecte de millora en l&#8217;entorn esportiu d&#8217;Otos pertany al Pla d&#8217;Inversions de la Diputaci\u00f3 dels anys 2020-2021, que tamb\u00e9 va subvencionar la demolici\u00f3 d&#8217;habitatges per a construir un centre de dia; el condicionament dels vestuaris de la piscina i la connexi\u00f3 de l&#8217;aigua amb la xarxa de clavegueram; la reforma de l&#8217;acc\u00e9s al cementeri; la pavimentaci\u00f3 de camins; i l&#8217;adquisici\u00f3 d&#8217;un vehicle el\u00e8ctric per a \u00fas municipal.<\/p>\n\n\n\n<p class=\"wp-block-paragraph\">El seg\u00fcent programa inversor de la Diputaci\u00f3, corresponent al per\u00edode 2022-2023, va servir per a comprar i reconstruir un immoble destinat a centre cultural, i per a millorar l&#8217;enllumenat p\u00fablic amb tecnologia eficient. Ara, la prioritat de l&#8217;Ajuntament d&#8217;Otos \u00e9s executar la renovaci\u00f3 de la via que travessa el municipi i del cam\u00ed que l&#8217;envolta, al mateix temps que es continua treballant en la millora de les infraestructures h\u00eddriques. \u201c\u00c9s una mostra clara que els alcaldes i alcaldesses s\u00f3n els que millor saben el que necessiten els seus municipis, i utilitzen els recursos de la Diputaci\u00f3 pensant en el benestar de les seues ve\u00efnes i ve\u00efns\u201d, conclou Enguix.<\/p>\n\n\n\n<p class=\"wp-block-paragraph\">Per part seua, el president de la Diputaci\u00f3, Vicent Momp\u00f3, ha insistit en \u201cla intenci\u00f3 d\u2019acostar la instituci\u00f3 als pobles i oferir-los assessorament t\u00e8cnic perqu\u00e8 puguen ser eficients en les inversions que reben de la Diputaci\u00f3\u201d. \u201cDe res servix que els assignem uns diners que despr\u00e9s no poden gastar, especialment els m\u00e9s xicotets, i per aix\u00f2 els acompanyem en el proc\u00e9s i els donem totes les facilitats perqu\u00e8 fins a l&#8217;\u00faltim c\u00e8ntim es quede en els municipis, com \u00e9s el cas d&#8217;Otos\u201d, ha afegit Momp\u00f3.<\/p>\n","protected":false},"excerpt":{"rendered":"<div class=\"mh-excerpt\">L&#8217;alcaldessa, In\u00e9s Alfonso, repassa les infraestructures i servicis que millorar\u00e0 el municipi de la Vall d&#8217;Albaida amb les ajudes del Pla Obert que coordina Nat\u00e0lia Enguix i els plans d&#8217;inversions de la Diputaci\u00f3. Enguix destaca <a class=\"mh-excerpt-more\" href=\"https:\/\/tucomarca.whitekongsoftware.com\/ca\/otos-renovara-la-seua-travessia-i-el-cami-de-circumvallacio-i-completara-la-nova-xarxa-daigua-amb-ajuda-de-la-diputacio\/\" title=\"Otos renovar\u00e0 la seua travessia i el cam\u00ed de circumval\u00b7laci\u00f3 i completar\u00e0 la nova xarxa d&#8217;aigua amb ajuda de la Diputaci\u00f3\">[+] <\/a><\/div>\n","protected":false},"author":12,"featured_media":254546,"comment_status":"open","ping_status":"open","sticky":false,"template":"","format":"standard","meta":{"footnotes":""},"categories":[20520,10948,10894,10904,20456,10947,10896],"tags":[11246,20404,19988],"class_list":["post-254551","post","type-post","status-publish","format-standard","has-post-thumbnail","category-cooperacio-municipal","category-infraestructuras-ca","category-la-comarca-ca","category-sin-categorizar-ca","category-la-diputacio-de-valencia-informa-ca","category-politica","category-seccion-ca","tag-diputacio-de-valencia-ca","tag-natalia-enguix-2-ca","tag-pla-obert-dinversions-ca"],"_links":{"self":[{"href":"https:\/\/tucomarca.whitekongsoftware.com\/ca\/wp-json\/wp\/v2\/posts\/254551","targetHints":{"allow":["GET"]}}],"collection":[{"href":"https:\/\/tucomarca.whitekongsoftware.com\/ca\/wp-json\/wp\/v2\/posts"}],"about":[{"href":"https:\/\/tucomarca.whitekongsoftware.com\/ca\/wp-json\/wp\/v2\/types\/post"}],"author":[{"embeddable":true,"href":"https:\/\/tucomarca.whitekongsoftware.com\/ca\/wp-json\/wp\/v2\/users\/12"}],"replies":[{"embeddable":true,"href":"https:\/\/tucomarca.whitekongsoftware.com\/ca\/wp-json\/wp\/v2\/comments?post=254551"}],"version-history":[{"count":0,"href":"https:\/\/tucomarca.whitekongsoftware.com\/ca\/wp-json\/wp\/v2\/posts\/254551\/revisions"}],"wp:featuredmedia":[{"embeddable":true,"href":"https:\/\/tucomarca.whitekongsoftware.com\/ca\/wp-json\/wp\/v2\/media\/254546"}],"wp:attachment":[{"href":"https:\/\/tucomarca.whitekongsoftware.com\/ca\/wp-json\/wp\/v2\/media?parent=254551"}],"wp:term":[{"taxonomy":"category","embeddable":true,"href":"https:\/\/tucomarca.whitekongsoftware.com\/ca\/wp-json\/wp\/v2\/categories?post=254551"},{"taxonomy":"post_tag","embeddable":true,"href":"https:\/\/tucomarca.whitekongsoftware.com\/ca\/wp-json\/wp\/v2\/tags?post=254551"}],"curies":[{"name":"wp","href":"https:\/\/api.w.org\/{rel}","templated":true}]}}