{"id":254540,"date":"2025-02-18T09:00:00","date_gmt":"2025-02-18T08:00:00","guid":{"rendered":"https:\/\/www.tucomarca.com\/wordpress\/segunda\/?p=254540"},"modified":"2025-02-18T19:17:13","modified_gmt":"2025-02-18T18:17:13","slug":"lhospital-de-manises-redueix-la-seua-petjada-de-carboni-un-65-amb-mesures-deficiencia-energetica","status":"publish","type":"post","link":"https:\/\/tucomarca.whitekongsoftware.com\/ca\/lhospital-de-manises-redueix-la-seua-petjada-de-carboni-un-65-amb-mesures-deficiencia-energetica\/","title":{"rendered":"L&#8217;Hospital de Manises redueix la seua petjada de carboni un 65% amb mesures d&#8217;efici\u00e8ncia energ\u00e8tica"},"content":{"rendered":"\n<h3 class=\"wp-block-heading\">El centre renova el certificat ISO 14064 que atorga AENOR.<\/h3>\n\n\n\n<h3 class=\"wp-block-heading\">El distintiu certifica el c\u00e0lcul realitzat per l&#8217;hospital sobre les emissions de gasos d&#8217;efecte d&#8217;hivernacle que genera i per tant verifica la seua petjada de carboni.<\/h3>\n\n\n\n<p class=\"wp-block-paragraph\">L&#8217;Hospital de Manises consolida el seu lideratge en sostenibilitat en aconseguir una reducci\u00f3 del 65% en la seua petjada de carboni des de 2013, centrant-se en els abastos 1 i 2, \u00e9s a dir, en les emissions que es generen per l&#8217;activitat pr\u00f2pia de l&#8217;hospital. Aquest resultat respon al seu comprom\u00eds amb el medi ambient i els Objectius de Desenvolupament Sostenible (ODS), amb la implementaci\u00f3 d&#8217;accions com l&#8217;\u00fas d&#8217;energies renovables i la millora cont\u00ednua de l&#8217;efici\u00e8ncia energ\u00e8tica.<\/p>\n\n\n\n<p class=\"wp-block-paragraph\">En 2023, les emissions totals (abast 1, 2 i 3) van aconseguir les 51.474,22 tones de CO2 equivalent (emissions directes: 1.040,88 tCO2e i emissions indirectes: 50.778,17 tCO2e). Aquestes xifres s&#8217;han aconseguit gr\u00e0cies a mesures dirigides a l&#8217;optimitzaci\u00f3 de l&#8217;\u00fas i rendiment de les calderes, dels gasos medicinals i anest\u00e8sics i a un control operatiu rigor\u00f3s de totes les fonts que emeten gasos d&#8217;efecte d&#8217;hivernacle.<\/p>\n\n\n\n<p class=\"wp-block-paragraph\">Segons la gerent del departament de salut de Manises, Beatriz G\u00f3mez, \u201cel comprom\u00eds amb el medi ambient sempre ha sigut una constant. \u00c9s fonamental seguir aquest cam\u00ed en benefici de la salut de les persones\u201d.<\/p>\n\n\n<div class=\"wp-block-image\">\n<figure class=\"alignleft size-large is-resized\"><img loading=\"lazy\" decoding=\"async\" width=\"1024\" height=\"683\" src=\"http:\/\/www.tucomarca.com\/wordpress\/segunda\/wp-content\/uploads\/2025\/02\/HManisesReduccionHuellaCarbono2-1024x683.jpg\" alt=\"\" class=\"wp-image-254537\" style=\"width:444px;height:auto\" srcset=\"https:\/\/tucomarca.whitekongsoftware.com\/wp-content\/uploads\/2025\/02\/HManisesReduccionHuellaCarbono2-1024x683.jpg 1024w, https:\/\/tucomarca.whitekongsoftware.com\/wp-content\/uploads\/2025\/02\/HManisesReduccionHuellaCarbono2-300x200.jpg 300w, https:\/\/tucomarca.whitekongsoftware.com\/wp-content\/uploads\/2025\/02\/HManisesReduccionHuellaCarbono2-768x512.jpg 768w, https:\/\/tucomarca.whitekongsoftware.com\/wp-content\/uploads\/2025\/02\/HManisesReduccionHuellaCarbono2-1536x1024.jpg 1536w, https:\/\/tucomarca.whitekongsoftware.com\/wp-content\/uploads\/2025\/02\/HManisesReduccionHuellaCarbono2-2048x1365.jpg 2048w\" sizes=\"auto, (max-width: 1024px) 100vw, 1024px\" \/><\/figure>\n<\/div>\n\n\n<p class=\"wp-block-paragraph\">L&#8217;Hospital de Manises disposa d&#8217;un sistema de gesti\u00f3 energ\u00e8tica certificat sota els est\u00e0ndards internacionals de la norma ISO 50001:2018 i ha sigut reconegut per la seua labor i contribuci\u00f3 a cura del planeta amb premis de reconegut prestigi com Most Sustainable Company in the Healthcare Industry (World Finance Sustainability Awards; 2022), Premi Enginyeria en Acci\u00f3 categoria Emerg\u00e8ncia Clim\u00e0tica (Associaci\u00f3 Espanyola d&#8217;Enginyeria Hospital\u00e0ria; 2021) i com un dels 10 hospitals d&#8217;Espanya en els Premis de Sanitat pel Clima (2022), distincions que avalen la seua posici\u00f3 com a departament de salut de refer\u00e8ncia en sostenibilitat ambiental.<\/p>\n\n\n\n<p class=\"wp-block-paragraph\">El Departament de Salut de Manises dona cobertura i assist\u00e8ncia sanit\u00e0ria, tant ambulat\u00f2ria com domicili\u00e0ria a m\u00e9s de 216.000 persones de 14 localitats a trav\u00e9s de l&#8217;Hospital de Manises, 9 centres de salut, 11 consultoris auxiliars, 2 centres d&#8217;especialitats, 1 centre de salut integrat, l&#8217;Hospital d&#8217;Aguts de Manises i l&#8217;Hospital de Cr\u00f2nics de Mislata.<\/p>\n","protected":false},"excerpt":{"rendered":"<div class=\"mh-excerpt\">El centre renova el certificat ISO 14064 que atorga AENOR. El distintiu certifica el c\u00e0lcul realitzat per l&#8217;hospital sobre les emissions de gasos d&#8217;efecte d&#8217;hivernacle que genera i per tant verifica la seua petjada de <a class=\"mh-excerpt-more\" href=\"https:\/\/tucomarca.whitekongsoftware.com\/ca\/lhospital-de-manises-redueix-la-seua-petjada-de-carboni-un-65-amb-mesures-deficiencia-energetica\/\" title=\"L&#8217;Hospital de Manises redueix la seua petjada de carboni un 65% amb mesures d&#8217;efici\u00e8ncia energ\u00e8tica\">[+] <\/a><\/div>\n","protected":false},"author":12,"featured_media":254536,"comment_status":"open","ping_status":"open","sticky":false,"template":"","format":"standard","meta":{"footnotes":""},"categories":[10973,10911,10892,11010,10977,10980,10948,10894,10912,10902,10931,10978,10903,10947,10906,10896,11047,10974,10975],"tags":[10899,19792,15325,11092,10914],"class_list":["post-254540","post","type-post","status-publish","format-standard","has-post-thumbnail","category-alborache-ca","category-bunol-ca","category-camp-de-turia-ca","category-canal-salud","category-godelleta-ca","category-yatova-ca","category-infraestructuras-ca","category-la-comarca-ca","category-la-hoya-ca","category-la-ribera-ca","category-loriguilla-ca","category-macastre-ca","category-medio-ambiente-la-comarca-ca","category-politica","category-riba-roja-ca","category-seccion-ca","category-turis-ca","category-cheste-ca","category-chiva-ca","tag-camp-de-turia-ca","tag-conselleria-de-medio-ambiente-ca","tag-gva-ca","tag-hospital-de-manises-ca","tag-la-hoya-de-bunol-chiva-ca"],"_links":{"self":[{"href":"https:\/\/tucomarca.whitekongsoftware.com\/ca\/wp-json\/wp\/v2\/posts\/254540","targetHints":{"allow":["GET"]}}],"collection":[{"href":"https:\/\/tucomarca.whitekongsoftware.com\/ca\/wp-json\/wp\/v2\/posts"}],"about":[{"href":"https:\/\/tucomarca.whitekongsoftware.com\/ca\/wp-json\/wp\/v2\/types\/post"}],"author":[{"embeddable":true,"href":"https:\/\/tucomarca.whitekongsoftware.com\/ca\/wp-json\/wp\/v2\/users\/12"}],"replies":[{"embeddable":true,"href":"https:\/\/tucomarca.whitekongsoftware.com\/ca\/wp-json\/wp\/v2\/comments?post=254540"}],"version-history":[{"count":0,"href":"https:\/\/tucomarca.whitekongsoftware.com\/ca\/wp-json\/wp\/v2\/posts\/254540\/revisions"}],"wp:featuredmedia":[{"embeddable":true,"href":"https:\/\/tucomarca.whitekongsoftware.com\/ca\/wp-json\/wp\/v2\/media\/254536"}],"wp:attachment":[{"href":"https:\/\/tucomarca.whitekongsoftware.com\/ca\/wp-json\/wp\/v2\/media?parent=254540"}],"wp:term":[{"taxonomy":"category","embeddable":true,"href":"https:\/\/tucomarca.whitekongsoftware.com\/ca\/wp-json\/wp\/v2\/categories?post=254540"},{"taxonomy":"post_tag","embeddable":true,"href":"https:\/\/tucomarca.whitekongsoftware.com\/ca\/wp-json\/wp\/v2\/tags?post=254540"}],"curies":[{"name":"wp","href":"https:\/\/api.w.org\/{rel}","templated":true}]}}