{"id":254531,"date":"2025-02-18T12:00:00","date_gmt":"2025-02-18T11:00:00","guid":{"rendered":"https:\/\/www.tucomarca.com\/wordpress\/segunda\/?p=254531"},"modified":"2025-02-18T18:47:48","modified_gmt":"2025-02-18T17:47:48","slug":"la-generalitat-reconeix-la-labor-de-les-associacions-i-professionals-que-van-atendre-els-animals-afectats-per-les-riuades","status":"publish","type":"post","link":"https:\/\/tucomarca.whitekongsoftware.com\/ca\/la-generalitat-reconeix-la-labor-de-les-associacions-i-professionals-que-van-atendre-els-animals-afectats-per-les-riuades\/","title":{"rendered":"La Generalitat reconeix la labor de les associacions i professionals que van atendre els animals afectats per les riuades"},"content":{"rendered":"\n<h3 class=\"wp-block-heading\">El conseller de Medi Ambient ha fet lliurament dels guardons a nombroses entitats que van rescatar i van prestar assist\u00e8ncia a m\u00e9s de mil animals.<\/h3>\n\n\n\n<p class=\"wp-block-paragraph\">El conseller de Medi Ambient, Infraestructures i Territori, Vicente Mart\u00ednez Muz, ha fet p\u00fablic el reconeixement a \u201cla labor desinteressada de nombroses associacions i professionals que es van unir per a brindar suport als animals afectats per les riuades i per les inundacions del passat mes d&#8217;octubre\u201d.<\/p>\n\n\n\n<p class=\"wp-block-paragraph\">En un acte organitzat en Bioparc Val\u00e8ncia, Mart\u00ednez Mus ha fet lliurament dels guardons i ha destacat la import\u00e0ncia de la solidaritat mostrada per aquestes entitats \u201cdavant una situaci\u00f3 tan adversa, quan m\u00e9s de mil animals van rebre atenci\u00f3 i cura per part d&#8217;un equip comprom\u00e9s amb el benestar animal\u201d.<\/p>\n\n\n\n<p class=\"wp-block-paragraph\">Entre les entitats reconegudes es troben la Coordinadora Animalista de la Comunitat Valenciana, l&#8217;associaci\u00f3 XDANA, el Club de Futbol Sporting de Benimaclet, la Fundaci\u00f3 Bioparc, l&#8217;Hospital Cl\u00ednic Veterinari CEU, el Col\u00b7legi Oficial de Veterinaris de Val\u00e8ncia, la protectora Modepran, Vaersa, l&#8217;Associaci\u00f3 Empresarial Veterin\u00e0ria de Val\u00e8ncia i l&#8217;Associaci\u00f3 de Centres Legals de Cria i Cura Responsable. \u201cEl seu comprom\u00eds ha sigut exemplar i ha fet possible el rescat i cura dels animals afectats\u201d, ha incidit el conseller.<\/p>\n\n\n\n<p class=\"wp-block-paragraph\">Aix\u00ed mateix, ha agra\u00eft la labor del personal de la Conselleria de Medi Ambient, Infraestructures i Territori que, des del primer moment, va treballar en la gesti\u00f3 i trasllat dels animals, establint punts d&#8217;atenci\u00f3 prim\u00e0ria en col\u00b7laboraci\u00f3 amb el Col\u00b7legi Oficial de Veterinaris de Val\u00e8ncia en diversos centres de la regi\u00f3, \u201cla qual cosa demostra l&#8217;extraordin\u00e0ria resposta de la comunitat veterin\u00e0ria. Tots junts hem demostrat que som una societat compromesa amb el benestar animal i la protecci\u00f3 del nostre medi ambient&#8221;, ha concl\u00f2s el conseller.<\/p>\n","protected":false},"excerpt":{"rendered":"<div class=\"mh-excerpt\">El conseller de Medi Ambient ha fet lliurament dels guardons a nombroses entitats que van rescatar i van prestar assist\u00e8ncia a m\u00e9s de mil animals. El conseller de Medi Ambient, Infraestructures i Territori, Vicente Mart\u00ednez <a class=\"mh-excerpt-more\" href=\"https:\/\/tucomarca.whitekongsoftware.com\/ca\/la-generalitat-reconeix-la-labor-de-les-associacions-i-professionals-que-van-atendre-els-animals-afectats-per-les-riuades\/\" title=\"La Generalitat reconeix la labor de les associacions i professionals que van atendre els animals afectats per les riuades\">[+] <\/a><\/div>\n","protected":false},"author":12,"featured_media":254530,"comment_status":"open","ping_status":"open","sticky":false,"template":"","format":"standard","meta":{"footnotes":""},"categories":[11010,21466,10898,10948,10894,10904,10903,10947,10896,10897],"tags":[21916,19792,11498,15325],"class_list":["post-254531","post","type-post","status-publish","format-standard","has-post-thumbnail","category-canal-salud","category-dana-ca","category-ventana-ca","category-infraestructuras-ca","category-la-comarca-ca","category-sin-categorizar-ca","category-medio-ambiente-la-comarca-ca","category-politica","category-seccion-ca","category-sucesos-la-comarca-ca","tag-animales-afectados-por-la-riada-ca","tag-conselleria-de-medio-ambiente-ca","tag-generalitat-valenciana-ca","tag-gva-ca"],"_links":{"self":[{"href":"https:\/\/tucomarca.whitekongsoftware.com\/ca\/wp-json\/wp\/v2\/posts\/254531","targetHints":{"allow":["GET"]}}],"collection":[{"href":"https:\/\/tucomarca.whitekongsoftware.com\/ca\/wp-json\/wp\/v2\/posts"}],"about":[{"href":"https:\/\/tucomarca.whitekongsoftware.com\/ca\/wp-json\/wp\/v2\/types\/post"}],"author":[{"embeddable":true,"href":"https:\/\/tucomarca.whitekongsoftware.com\/ca\/wp-json\/wp\/v2\/users\/12"}],"replies":[{"embeddable":true,"href":"https:\/\/tucomarca.whitekongsoftware.com\/ca\/wp-json\/wp\/v2\/comments?post=254531"}],"version-history":[{"count":0,"href":"https:\/\/tucomarca.whitekongsoftware.com\/ca\/wp-json\/wp\/v2\/posts\/254531\/revisions"}],"wp:featuredmedia":[{"embeddable":true,"href":"https:\/\/tucomarca.whitekongsoftware.com\/ca\/wp-json\/wp\/v2\/media\/254530"}],"wp:attachment":[{"href":"https:\/\/tucomarca.whitekongsoftware.com\/ca\/wp-json\/wp\/v2\/media?parent=254531"}],"wp:term":[{"taxonomy":"category","embeddable":true,"href":"https:\/\/tucomarca.whitekongsoftware.com\/ca\/wp-json\/wp\/v2\/categories?post=254531"},{"taxonomy":"post_tag","embeddable":true,"href":"https:\/\/tucomarca.whitekongsoftware.com\/ca\/wp-json\/wp\/v2\/tags?post=254531"}],"curies":[{"name":"wp","href":"https:\/\/api.w.org\/{rel}","templated":true}]}}