{"id":254513,"date":"2025-02-17T16:00:00","date_gmt":"2025-02-17T15:00:00","guid":{"rendered":"https:\/\/www.tucomarca.com\/wordpress\/segunda\/?p=254513"},"modified":"2025-02-18T19:34:12","modified_gmt":"2025-02-18T18:34:12","slug":"el-candidat-a-la-secretaria-provincial-del-pspv-robert-raga-lamenta-que-el-transport-gratuit-arribe-mal-i-vesprada","status":"publish","type":"post","link":"https:\/\/tucomarca.whitekongsoftware.com\/ca\/el-candidat-a-la-secretaria-provincial-del-pspv-robert-raga-lamenta-que-el-transport-gratuit-arribe-mal-i-vesprada\/","title":{"rendered":"El candidat a la secretaria provincial del PSPV, Robert Raga, lamenta &#8220;que el transport gratu\u00eft arribe mal i tard&#8221;"},"content":{"rendered":"\n<h3 class=\"wp-block-heading\">El candidat anuncia &#8220;una l\u00ednia d&#8217;ajudes directes per a agrupacions afectades per la DANA&#8221;.<br>\u2028<br>\u201cEl president est\u00e0 m\u00e9s preocupat en la manipulaci\u00f3 dels \u00e0udios del 112 i de l&#8217;AEMET\u201d, assegura.<\/h3>\n\n\n\n<p class=\"wp-block-paragraph\">El candidat a la secretaria provincial del PSPV i alcalde de Riba-roja de T\u00faria, Robert Raga ha lamentat aquest dilluns 17 de febrer que la Generalitat haja tardat quasi 4 mesos a oferir transport gratu\u00eft a les v\u00edctimes de la DANA i que el president de la Generalitat estiga m\u00e9s preocupat en \u201cla manipulaci\u00f3 dels \u00e0udios del 112 i de l&#8217;AEMET\u201d que a ajudar els Ajuntaments afectats. \u2028\u201cDes de hui, per si els ajuntaments no est\u00e0vem prou castigats per la neglig\u00e8ncia de Maz\u00f3n i Momp\u00f3, haurem d&#8217;assumir la gesti\u00f3 d&#8217;unes targetes sense cap ajuda per part de la Generalitat o de la Diputaci\u00f3\u201d ha explicat Raga el dia en qu\u00e8 es comencen a tramitar des de 31 consistoris durament afectats per la DANA unes targetes de transport gratu\u00eft per a qualsevol empadronat previ al 29 d&#8217;octubre. \u2028Aix\u00ed, Raga ha explicat que la Generalitat Valenciana ha anat entregant al llarg d&#8217;aquest dilluns caixes de targetes de transport que els propis Ajuntaments han de comprovar i tramitar \u201csense un sol recurs\u201d aportat per la Generalitat o la Diputaci\u00f3. \u2028\u201cNo s&#8217;ha assignat ni ordinador, ni personal addicional, ni cap pressupost per a tramitar eixes peticions als Ajuntaments que ja estan operant amb recursos limitats i es veuen obligats a desviar personal i fons d&#8217;altres \u00e0rees cr\u00edtiques per a gestionar l&#8217;emissi\u00f3 de les targetes\u201d ha lamentat el candidat qui demana \u201csentit com\u00fa\u201d i oferir als ajuntaments encara bolcats amb reparacions, neteja i obres de recuperaci\u00f3, mitjans per a fer front a aquest tr\u00e0mit. \u2028Raga ha insistit que \u00e9s \u201cuna mesura que hauria d&#8217;haver funcionat de manera pr\u00e0cticament immediata\u201d per\u00f2 que han tardat quatre mesos a implementar deixant als ajuntaments que carreguen amb la frustraci\u00f3 i el malestar de la gent que no pot encara accedir a ella per falta de recursos. \u201cArriba tard i malament. Com pretenen que un Ajuntament totalment devastat per la DANA es pose a inscriure, controlar i repartir 20.000 targetes si a penes estan recuperant-se de la riuada?\u201d.<br>Raga ha instat a la Generalitat i a la Diputaci\u00f3 ha treballar i buscar \u201cuna soluci\u00f3 planificada i r\u00e0pida\u201d perqu\u00e8 \u201ctots els ajuntaments afectats independentment del seu color pol\u00edtic, puguen oferir eixe tr\u00e0mit com toca i amb els mitjans suficients\u201d.<\/p>\n\n\n\n<p class=\"wp-block-paragraph\"><strong>L\u00ednia d&#8217;ajudes directes per a agrupacions danyades per la DANA<\/strong><\/p>\n\n\n\n<p class=\"wp-block-paragraph\">Raga ha fet aquestes declaracions despr\u00e9s de visitar el municipi de Sedav\u00ed, un dels greument afectats per la DANA i que encara est\u00e0 bolcat en labors de neteja i reconstrucci\u00f3.<br>Al costat de l&#8217;alcalde del municipi, Jos\u00e9 Francisco Cabanes i a l&#8217;anterior alcalde de Torrent, Jes\u00fas Ros, a m\u00e9s del secretari general del PSPV de Sedav\u00ed Juanjo Campayo i el regidor de Torrent, Eduardo G\u00f3mez, el candidat a les prim\u00e0ries socialistes ha visitat l&#8217;agrupaci\u00f3 local que ha sigut totalment negada pel fang i s&#8217;ha comprom\u00e9s en cas d&#8217;aconseguir la secretaria provincial, a obrir un fons d&#8217;ajuda directa per a ajudar les agrupacions locals danyades.<br>\u201cHem de bolcar-nos a recuperar les agrupacions danyades i tirar una m\u00e0 a eixos companys i companyes per a recuperar la seua activitat de partit, dinamitzar i superar el dolor i la destrossa que ha causat la DANA\u201d ha explicat Raga alhora que ha precisat que seria un l\u00ednia d&#8217;ajudes directes per a les cases del poble afectades per la DANA.<\/p>\n","protected":false},"excerpt":{"rendered":"<div class=\"mh-excerpt\">El candidat anuncia &#8220;una l\u00ednia d&#8217;ajudes directes per a agrupacions afectades per la DANA&#8221;.\u2028\u201cEl president est\u00e0 m\u00e9s preocupat en la manipulaci\u00f3 dels \u00e0udios del 112 i de l&#8217;AEMET\u201d, assegura. El candidat a la secretaria provincial <a class=\"mh-excerpt-more\" href=\"https:\/\/tucomarca.whitekongsoftware.com\/ca\/el-candidat-a-la-secretaria-provincial-del-pspv-robert-raga-lamenta-que-el-transport-gratuit-arribe-mal-i-vesprada\/\" title=\"El candidat a la secretaria provincial del PSPV, Robert Raga, lamenta &#8220;que el transport gratu\u00eft arribe mal i tard&#8221;\">[+] <\/a><\/div>\n","protected":false},"author":12,"featured_media":254512,"comment_status":"open","ping_status":"open","sticky":false,"template":"","format":"standard","meta":{"footnotes":""},"categories":[10892,10894,10947,10906,10896],"tags":[10899,11319,11102],"class_list":["post-254513","post","type-post","status-publish","format-standard","has-post-thumbnail","category-camp-de-turia-ca","category-la-comarca-ca","category-politica","category-riba-roja-ca","category-seccion-ca","tag-camp-de-turia-ca","tag-pspv-psoe-ca","tag-riba-roja-2-ca"],"_links":{"self":[{"href":"https:\/\/tucomarca.whitekongsoftware.com\/ca\/wp-json\/wp\/v2\/posts\/254513","targetHints":{"allow":["GET"]}}],"collection":[{"href":"https:\/\/tucomarca.whitekongsoftware.com\/ca\/wp-json\/wp\/v2\/posts"}],"about":[{"href":"https:\/\/tucomarca.whitekongsoftware.com\/ca\/wp-json\/wp\/v2\/types\/post"}],"author":[{"embeddable":true,"href":"https:\/\/tucomarca.whitekongsoftware.com\/ca\/wp-json\/wp\/v2\/users\/12"}],"replies":[{"embeddable":true,"href":"https:\/\/tucomarca.whitekongsoftware.com\/ca\/wp-json\/wp\/v2\/comments?post=254513"}],"version-history":[{"count":0,"href":"https:\/\/tucomarca.whitekongsoftware.com\/ca\/wp-json\/wp\/v2\/posts\/254513\/revisions"}],"wp:featuredmedia":[{"embeddable":true,"href":"https:\/\/tucomarca.whitekongsoftware.com\/ca\/wp-json\/wp\/v2\/media\/254512"}],"wp:attachment":[{"href":"https:\/\/tucomarca.whitekongsoftware.com\/ca\/wp-json\/wp\/v2\/media?parent=254513"}],"wp:term":[{"taxonomy":"category","embeddable":true,"href":"https:\/\/tucomarca.whitekongsoftware.com\/ca\/wp-json\/wp\/v2\/categories?post=254513"},{"taxonomy":"post_tag","embeddable":true,"href":"https:\/\/tucomarca.whitekongsoftware.com\/ca\/wp-json\/wp\/v2\/tags?post=254513"}],"curies":[{"name":"wp","href":"https:\/\/api.w.org\/{rel}","templated":true}]}}