{"id":254489,"date":"2025-02-17T13:00:00","date_gmt":"2025-02-17T12:00:00","guid":{"rendered":"https:\/\/www.tucomarca.com\/wordpress\/segunda\/?p=254489"},"modified":"2025-02-17T20:35:01","modified_gmt":"2025-02-17T19:35:01","slug":"la-generalitat-entrega-als-ajuntaments-les-targetes-de-transport-gratuit-recuperem-valencia-i-habilita-el-tramit-per-a-sollicitar-la","status":"publish","type":"post","link":"https:\/\/tucomarca.whitekongsoftware.com\/ca\/la-generalitat-entrega-als-ajuntaments-les-targetes-de-transport-gratuit-recuperem-valencia-i-habilita-el-tramit-per-a-sollicitar-la\/","title":{"rendered":"La Generalitat entrega als ajuntaments les targetes de transport gratu\u00eft Recuperem Val\u00e8ncia i habilita el tr\u00e0mit per a sol\u00b7licitar-la"},"content":{"rendered":"\n<h3 class=\"wp-block-heading\">La Generalitat entrega als ajuntaments les targetes de transport gratu\u00eft Recuperem Val\u00e8ncia i habilita el tr\u00e0mit per a sol\u00b7licitar-la.<\/h3>\n\n\n\n<h3 class=\"wp-block-heading\">M\u00e9s de 400.000 habitants dels municipis m\u00e9s afectats per les riuades podran viatjar gratis en el transport p\u00fablic durant tot l&#8217;any despr\u00e9s de rebre la targeta del seu consistori.<\/h3>\n\n\n\n<h3 class=\"wp-block-heading\">Les persones residents en altres municipis que hagen perdut el seu vehicle degut a les inundacions tamb\u00e9 podran sol\u00b7licitar-la.<\/h3>\n\n\n\n<h3 class=\"wp-block-heading\">Les corporacions municipals col\u00b7laboren en aquesta iniciativa de la Generalitat per a agilitzar la gesti\u00f3 i lliurament de les targetes.<\/h3>\n\n\n\n<p class=\"wp-block-paragraph\">La Generalitat ha obert el proc\u00e9s de sol\u00b7licitud de la targeta de transport gratu\u00eft Recuperem Val\u00e8ncia, destinada a tots els habitants dels 31 municipis m\u00e9s afectats per la riuada, aix\u00ed com a aquells residents d&#8217;altres localitats que hagen perdut el seu vehicle. Aquesta targeta permetr\u00e0 als beneficiaris viatjar sense cap cost en Metrovalencia, Rodalia, EMT, Metrob\u00fas i autobusos auton\u00f2mics fins al 31 de desembre de 2025.<\/p>\n\n\n\n<p class=\"wp-block-paragraph\">Aquesta iniciativa, promoguda per la Generalitat per a beneficiar a m\u00e9s de 400.000 habitants de les zones que m\u00e9s danys van patir per les inundacions, es dur\u00e0 a terme a trav\u00e9s de les corporacions municipals per a agilitzar la gesti\u00f3 i facilitar que els ve\u00efns puguen arreplegar les seues targetes en les seues respectives localitats de resid\u00e8ncia.<\/p>\n\n\n\n<p class=\"wp-block-paragraph\">El proc\u00e9s de lliurament de les targetes s&#8217;ha organitzat en dos grups, considerant el grau d&#8217;afectaci\u00f3 de cada municipi. En el primer grup, els residents de les 31 localitats m\u00e9s afectades podran sol\u00b7licitar la targeta a trav\u00e9s dels seus respectius ajuntaments. Tots els consistoris ja disposen de les targetes, que seran repartides en els pr\u00f2xims dies de manera presencial.<\/p>\n\n\n\n<p class=\"wp-block-paragraph\">Es tracta de les localitats de Sedav\u00ed, Paiporta, Massanassa, Alfafar, Llocnou de la Corona, Benet\u00fasser, Picanya, Catarroja, Algemes\u00ed, Beniparrell, Aldaia, L&#8217;Alc\u00fadia, Albal, Guadassuar, Riba-roja de T\u00faria, Alaqu\u00e0s, Sot de Xera, Riola, Xiva, Loriguilla, Xest, Catadau, Pedralba, Utiel, Llombai, Montserrat, Godelleta, Quart de Poblet, Xirivella, Benicull de X\u00faquer i Xestalgar, aix\u00ed com les pedanies de Val\u00e8ncia: Castellar-Oliveral, Forn d\u2019Alcedo i La Torre.<\/p>\n\n\n\n<p class=\"wp-block-paragraph\">L&#8217;\u00fanic requisit per a obtindre la targeta \u00e9s comptar amb resid\u00e8ncia en el municipi des d&#8217;abans del 29 d&#8217;octubre de l&#8217;any passat. L&#8217;ajuntament verificar\u00e0 que \u00e9s aix\u00ed i registrar\u00e0 les dades personals del titular i el segell del consistori en el proc\u00e9s de lliurament de la targeta, que ser\u00e0 en l&#8217;acte. Un proc\u00e9s r\u00e0pid que permetr\u00e0 agilitzar el lliurament per part dels consistoris.<\/p>\n\n\n\n<p class=\"wp-block-paragraph\"><strong>Altres poblacions afectades<\/strong><\/p>\n\n\n\n<p class=\"wp-block-paragraph\">Aix\u00ed mateix, s&#8217;han habilitat targetes de viatge gratu\u00eftes per als residents de municipis menys afectats que tamb\u00e9 hagen perdut el seu vehicle. Aquesta modalitat est\u00e0 dirigida a localitats on el percentatge de vehicles danyats durant la riuada siga inferior al 5% del total del parc municipal.<\/p>\n\n\n\n<p class=\"wp-block-paragraph\">En aquest cas, les persones podran sol\u00b7licitar dues targetes de transport gratu\u00eft per cada vehicle sinistrat: una per al titular i una altra per a una persona designada per ell. Per a aquests municipis, la sol\u00b7licitud es realitzar\u00e0 de manera telem\u00e0tica en la p\u00e0gina web de l&#8217;Autoritat de Transport Metropolit\u00e0 de Val\u00e8ncia (<a href=\"https:\/\/atmv.gva.es\/\" target=\"_blank\" rel=\"noreferrer noopener\">ATMV<\/a>).\u00a0\u00a0<\/p>\n\n\n\n<p class=\"wp-block-paragraph\">Per a completar la sol\u00b7licitud, ser\u00e0 necessari adjuntar un certificat que demostre la resid\u00e8ncia en el municipi abans del 29 d&#8217;octubre de 2024, el certificat de baixa del vehicle sinistrat i c\u00f2pies del DNI de totes dues persones per a les quals se sol\u00b7licita l&#8217;ajuda, sent una d&#8217;elles el titular del vehicle. L&#8217;Autoritat de Transport Metropolit\u00e0 de Val\u00e8ncia s&#8217;encarregar\u00e0 de la distribuci\u00f3 de les targetes, que seran enviades al domicili del sol\u00b7licitant.<\/p>\n\n\n\n<p class=\"wp-block-paragraph\">Les localitats d&#8217;aquest segon grup inclouen Montroi, Tor\u00eds, Alginet, Torrent, Calles, Silla, Alfarb, Bunyol, Poliny\u00e0 de X\u00faquer, Carlet, Tous, Picassent, Caudete de las Fuentes, Val\u00e8ncia, Villamarxant, Requena, Alzira, Real, Alboraig, Setaig\u00fces, Favara, Corbera, Alc\u00e0sser, Fuenterrobles, Xera, l&#8217;\u00c9nova, Benifai\u00f3, Manises, Macastre, Bugarra, Rafelguaraf, Cullera, Manuel, I\u00e0tova, Albalat de la Ribera, Mislata, Camporrobles, Sinarques, Sollana, Dosaig\u00fces, Xulilla, Carcaixent, la Pobla Llarga, Almussafes, Senyera, Paterna, Fortaleny, B\u00e9tera, Lliria, Tavernes de la Valldigna, Castell\u00f3 i Sueca.<\/p>\n\n\n\n<p class=\"wp-block-paragraph\">Les targetes estaran actives des del 24 de febrer. Tota la informaci\u00f3 necess\u00e0ria sobre la targeta de mobilitat est\u00e0 disponible en la p\u00e0gina de la\u00a0<a href=\"https:\/\/atmv.gva.es\/\" target=\"_blank\" rel=\"noreferrer noopener\">Generalitat<\/a>.<\/p>\n","protected":false},"excerpt":{"rendered":"<div class=\"mh-excerpt\">La Generalitat entrega als ajuntaments les targetes de transport gratu\u00eft Recuperem Val\u00e8ncia i habilita el tr\u00e0mit per a sol\u00b7licitar-la. M\u00e9s de 400.000 habitants dels municipis m\u00e9s afectats per les riuades podran viatjar gratis en el <a class=\"mh-excerpt-more\" href=\"https:\/\/tucomarca.whitekongsoftware.com\/ca\/la-generalitat-entrega-als-ajuntaments-les-targetes-de-transport-gratuit-recuperem-valencia-i-habilita-el-tramit-per-a-sollicitar-la\/\" title=\"La Generalitat entrega als ajuntaments les targetes de transport gratu\u00eft Recuperem Val\u00e8ncia i habilita el tr\u00e0mit per a sol\u00b7licitar-la\">[+] <\/a><\/div>\n","protected":false},"author":1,"featured_media":254487,"comment_status":"open","ping_status":"open","sticky":false,"template":"","format":"standard","meta":{"footnotes":""},"categories":[21466,10898,10948,10894,10904,10903,10947,10896,10897],"tags":[15409,11199,13820],"class_list":["post-254489","post","type-post","status-publish","format-standard","has-post-thumbnail","category-dana-ca","category-ventana-ca","category-infraestructuras-ca","category-la-comarca-ca","category-sin-categorizar-ca","category-medio-ambiente-la-comarca-ca","category-politica","category-seccion-ca","category-sucesos-la-comarca-ca","tag-dana-2-ca","tag-la-comunitat-ca","tag-transporte-ca"],"_links":{"self":[{"href":"https:\/\/tucomarca.whitekongsoftware.com\/ca\/wp-json\/wp\/v2\/posts\/254489","targetHints":{"allow":["GET"]}}],"collection":[{"href":"https:\/\/tucomarca.whitekongsoftware.com\/ca\/wp-json\/wp\/v2\/posts"}],"about":[{"href":"https:\/\/tucomarca.whitekongsoftware.com\/ca\/wp-json\/wp\/v2\/types\/post"}],"author":[{"embeddable":true,"href":"https:\/\/tucomarca.whitekongsoftware.com\/ca\/wp-json\/wp\/v2\/users\/1"}],"replies":[{"embeddable":true,"href":"https:\/\/tucomarca.whitekongsoftware.com\/ca\/wp-json\/wp\/v2\/comments?post=254489"}],"version-history":[{"count":0,"href":"https:\/\/tucomarca.whitekongsoftware.com\/ca\/wp-json\/wp\/v2\/posts\/254489\/revisions"}],"wp:featuredmedia":[{"embeddable":true,"href":"https:\/\/tucomarca.whitekongsoftware.com\/ca\/wp-json\/wp\/v2\/media\/254487"}],"wp:attachment":[{"href":"https:\/\/tucomarca.whitekongsoftware.com\/ca\/wp-json\/wp\/v2\/media?parent=254489"}],"wp:term":[{"taxonomy":"category","embeddable":true,"href":"https:\/\/tucomarca.whitekongsoftware.com\/ca\/wp-json\/wp\/v2\/categories?post=254489"},{"taxonomy":"post_tag","embeddable":true,"href":"https:\/\/tucomarca.whitekongsoftware.com\/ca\/wp-json\/wp\/v2\/tags?post=254489"}],"curies":[{"name":"wp","href":"https:\/\/api.w.org\/{rel}","templated":true}]}}