{"id":254214,"date":"2025-02-14T12:25:00","date_gmt":"2025-02-14T11:25:00","guid":{"rendered":"https:\/\/www.tucomarca.com\/wordpress\/segunda\/?p=254214"},"modified":"2025-02-14T19:17:02","modified_gmt":"2025-02-14T18:17:02","slug":"la-diputacio-de-valencia-culminara-la-recuperacio-del-pont-sobre-el-riu-magre-al-seu-pas-per-hortunas-en-un-mes","status":"publish","type":"post","link":"https:\/\/tucomarca.whitekongsoftware.com\/ca\/la-diputacio-de-valencia-culminara-la-recuperacio-del-pont-sobre-el-riu-magre-al-seu-pas-per-hortunas-en-un-mes\/","title":{"rendered":"La Diputaci\u00f3 de Val\u00e8ncia culminar\u00e0 la recuperaci\u00f3 del pont sobre el riu Magre al seu pas per Hortunas en un mes"},"content":{"rendered":"\n<h3 class=\"wp-block-heading\"><strong><strong>El president de la Diputaci\u00f3 de Val\u00e8ncia, Vicent Momp\u00f3, visita la pedania de Requena: \u201cvam ser la primera instituci\u00f3 a posar-se a la feina; Hortunas necessitava esta infraestructura i baix el paraigua de la contractaci\u00f3 d&#8217;emerg\u00e8ncia, hem pogut ser r\u00e0pids\u201d<\/strong><\/strong>.<\/h3>\n\n\n\n<h3 class=\"wp-block-heading\"><strong><strong>L&#8217;obra, amb una inversi\u00f3 de quasi 900.000 euros, connecta Macastre amb la pedania de La Portera<\/strong><\/strong>.<\/h3>\n\n\n\n<p class=\"wp-block-paragraph\">La Diputaci\u00f3 de Val\u00e8ncia culminar\u00e0 la recuperaci\u00f3 del pont sobre el riu Magre al seu pas per Hortunas, pedania de Requena, en un mes. Esta actuaci\u00f3 d&#8217;emerg\u00e8ncia en la CV-429 s&#8217;ha realitzat despr\u00e9s dels greus danys provocats per les intenses pluges de la dana del passat 29 d&#8217;octubre, que van ocasionar importants desperfectes en esta via que connecta el municipi de Macastre amb la pedania de La Portera.<\/p>\n\n\n\n<p class=\"wp-block-paragraph\">El president de la Diputaci\u00f3 de Val\u00e8ncia, Vicent Momp\u00f3, qui ha visitat l&#8217;obra acompanyat per l&#8217;alcalde de Requena, Mario S\u00e1nchez i l&#8217;alcaldessa ped\u00e0nia, Ana Suria, ha destacat l&#8217;efici\u00e8ncia que es produ\u00efx quan hi ha coordinaci\u00f3 entre administracions: \u201cno sols es pot actuar amb rapidesa, sin\u00f3 que es dona un missatge positiu a la ciutadania\u201d.<\/p>\n\n\n\n<p class=\"wp-block-paragraph\">A m\u00e9s, Momp\u00f3 ha ressaltat que la \u201cDiputaci\u00f3 sempre est\u00e0 al costat dels pobles, vam ser la primera instituci\u00f3 a posar-se a la feina; Hortunas necessitava esta infraestructura i baix el paraigua de la contractaci\u00f3 d&#8217;emerg\u00e8ncia, vam poder ser r\u00e0pids i en un mes estar\u00e0 obert al tr\u00e0nsit\u201d. L&#8217;obra, amb una inversi\u00f3 de quasi 900.000 euros, \u201c\u00e9s indispensable per a les tasques agr\u00edcoles\u201d, ha esgrimit el president, qui ha assegurat que \u201cla Diputaci\u00f3 treballa per a ser \u00fatil a la ciutadania\u201d.&nbsp;<\/p>\n\n\n\n<p class=\"wp-block-paragraph\">Per part seua, l&#8217;alcaldessa ped\u00e0nia d\u2019Hortunas, Ana Suria, ha agra\u00eft a la Diputaci\u00f3 i a l&#8217;alcalde de Requena \u201cl&#8217;inter\u00e9s perqu\u00e8 \u00e9s un lloc xicotet, la gent \u00e9s molt major i estem desolats; aix\u00ed que s&#8217;interessen i intenten solucionar els danys \u00e9s d&#8217;agrair\u201d. En este sentit, Suria ha subratllat que \u201cla diputaci\u00f3 va restablir la comunicaci\u00f3 Requena molt r\u00e0pid\u201d i li ha traslladat al president que el problema d&#8217;esta pedania \u00e9s que \u201cel llit est\u00e0 molt alt i hi ha por que torne a succeir\u201d. No obstant aix\u00f2, ha explicat, \u201camb esta bona harmonia, treballarem perqu\u00e8 tot es restitu\u00efsca m\u00e9s o menys com estava abans\u201d.<\/p>\n\n\n\n<p class=\"wp-block-paragraph\">En la mateixa l\u00ednia, l&#8217;alcalde de Requena, Mario S\u00e1nchez, ha posat en relleu que \u201cla Diputaci\u00f3 est\u00e0 fent un treball r\u00e0pid des del primer dia, cal recon\u00e9ixer el treball i la urg\u00e8ncia de l&#8217;\u00e0rea de Carreteres en el municipi\u201d. \u201cHi ha molt de soroll, per\u00f2 en general en el dia a dia, les administracions treballem de manera conjunta per a pal\u00b7liar els efectes de la pitjor cat\u00e0strofe clim\u00e0tica que hem viscut\u201d, ha declarat S\u00e1nchez.<\/p>\n\n\n\n<figure class=\"wp-block-gallery has-nested-images columns-1 is-cropped wp-block-gallery-1 is-layout-flex wp-block-gallery-is-layout-flex\">\n<figure class=\"wp-block-image size-large\"><img loading=\"lazy\" decoding=\"async\" width=\"1024\" height=\"665\" data-id=\"254209\" src=\"https:\/\/www.tucomarca.com\/wordpress\/segunda\/wp-content\/uploads\/2025\/02\/RequenaDipu02-1024x665.jpg\" alt=\"\" class=\"wp-image-254209\" srcset=\"https:\/\/tucomarca.whitekongsoftware.com\/wp-content\/uploads\/2025\/02\/RequenaDipu02-1024x665.jpg 1024w, https:\/\/tucomarca.whitekongsoftware.com\/wp-content\/uploads\/2025\/02\/RequenaDipu02-300x195.jpg 300w, https:\/\/tucomarca.whitekongsoftware.com\/wp-content\/uploads\/2025\/02\/RequenaDipu02-768x499.jpg 768w, https:\/\/tucomarca.whitekongsoftware.com\/wp-content\/uploads\/2025\/02\/RequenaDipu02-1536x998.jpg 1536w, https:\/\/tucomarca.whitekongsoftware.com\/wp-content\/uploads\/2025\/02\/RequenaDipu02-2048x1331.jpg 2048w\" sizes=\"auto, (max-width: 1024px) 100vw, 1024px\" \/><\/figure>\n\n\n\n<figure class=\"wp-block-image size-large\"><img loading=\"lazy\" decoding=\"async\" width=\"1024\" height=\"665\" data-id=\"254211\" src=\"https:\/\/www.tucomarca.com\/wordpress\/segunda\/wp-content\/uploads\/2025\/02\/RequenaDipu03-1024x665.jpg\" alt=\"\" class=\"wp-image-254211\" srcset=\"https:\/\/tucomarca.whitekongsoftware.com\/wp-content\/uploads\/2025\/02\/RequenaDipu03-1024x665.jpg 1024w, https:\/\/tucomarca.whitekongsoftware.com\/wp-content\/uploads\/2025\/02\/RequenaDipu03-300x195.jpg 300w, https:\/\/tucomarca.whitekongsoftware.com\/wp-content\/uploads\/2025\/02\/RequenaDipu03-768x499.jpg 768w, https:\/\/tucomarca.whitekongsoftware.com\/wp-content\/uploads\/2025\/02\/RequenaDipu03-1536x998.jpg 1536w, https:\/\/tucomarca.whitekongsoftware.com\/wp-content\/uploads\/2025\/02\/RequenaDipu03-2048x1331.jpg 2048w\" sizes=\"auto, (max-width: 1024px) 100vw, 1024px\" \/><\/figure>\n<\/figure>\n","protected":false},"excerpt":{"rendered":"<div class=\"mh-excerpt\">El president de la Diputaci\u00f3 de Val\u00e8ncia, Vicent Momp\u00f3, visita la pedania de Requena: \u201cvam ser la primera instituci\u00f3 a posar-se a la feina; Hortunas necessitava esta infraestructura i baix el paraigua de la contractaci\u00f3 <a class=\"mh-excerpt-more\" href=\"https:\/\/tucomarca.whitekongsoftware.com\/ca\/la-diputacio-de-valencia-culminara-la-recuperacio-del-pont-sobre-el-riu-magre-al-seu-pas-per-hortunas-en-un-mes\/\" title=\"La Diputaci\u00f3 de Val\u00e8ncia culminar\u00e0 la recuperaci\u00f3 del pont sobre el riu Magre al seu pas per Hortunas en un mes\">[+] <\/a><\/div>\n","protected":false},"author":13,"featured_media":254208,"comment_status":"open","ping_status":"open","sticky":false,"template":"","format":"gallery","meta":{"footnotes":""},"categories":[21466,10948,10894,10904,10903,10947,10908,10909,10896,10897],"tags":[15409,12903,11199,21009,11099,10910],"class_list":["post-254214","post","type-post","status-publish","format-gallery","has-post-thumbnail","category-dana-ca","category-infraestructuras-ca","category-la-comarca-ca","category-sin-categorizar-ca","category-medio-ambiente-la-comarca-ca","category-politica","category-requena-ca","category-requena-utiel-ca","category-seccion-ca","category-sucesos-la-comarca-ca","tag-dana-2-ca","tag-infraestructuras-ca","tag-la-comunitat-ca","tag-la-diputacio-de-valencia-ca","tag-requena-ca","tag-requena-utiel-ca","post_format-post-format-gallery"],"_links":{"self":[{"href":"https:\/\/tucomarca.whitekongsoftware.com\/ca\/wp-json\/wp\/v2\/posts\/254214","targetHints":{"allow":["GET"]}}],"collection":[{"href":"https:\/\/tucomarca.whitekongsoftware.com\/ca\/wp-json\/wp\/v2\/posts"}],"about":[{"href":"https:\/\/tucomarca.whitekongsoftware.com\/ca\/wp-json\/wp\/v2\/types\/post"}],"author":[{"embeddable":true,"href":"https:\/\/tucomarca.whitekongsoftware.com\/ca\/wp-json\/wp\/v2\/users\/13"}],"replies":[{"embeddable":true,"href":"https:\/\/tucomarca.whitekongsoftware.com\/ca\/wp-json\/wp\/v2\/comments?post=254214"}],"version-history":[{"count":0,"href":"https:\/\/tucomarca.whitekongsoftware.com\/ca\/wp-json\/wp\/v2\/posts\/254214\/revisions"}],"wp:featuredmedia":[{"embeddable":true,"href":"https:\/\/tucomarca.whitekongsoftware.com\/ca\/wp-json\/wp\/v2\/media\/254208"}],"wp:attachment":[{"href":"https:\/\/tucomarca.whitekongsoftware.com\/ca\/wp-json\/wp\/v2\/media?parent=254214"}],"wp:term":[{"taxonomy":"category","embeddable":true,"href":"https:\/\/tucomarca.whitekongsoftware.com\/ca\/wp-json\/wp\/v2\/categories?post=254214"},{"taxonomy":"post_tag","embeddable":true,"href":"https:\/\/tucomarca.whitekongsoftware.com\/ca\/wp-json\/wp\/v2\/tags?post=254214"}],"curies":[{"name":"wp","href":"https:\/\/api.w.org\/{rel}","templated":true}]}}