{"id":254147,"date":"2025-02-14T08:15:00","date_gmt":"2025-02-14T07:15:00","guid":{"rendered":"https:\/\/www.tucomarca.com\/wordpress\/segunda\/?p=254147"},"modified":"2025-02-14T15:22:17","modified_gmt":"2025-02-14T14:22:17","slug":"eu-podem-qualifica-de-cinics-i-hipocrites-a-x-bunyol-per-rebutjar-unir-se-a-la-mocio-de-censura-en-la-localitat","status":"publish","type":"post","link":"https:\/\/tucomarca.whitekongsoftware.com\/ca\/eu-podem-qualifica-de-cinics-i-hipocrites-a-x-bunyol-per-rebutjar-unir-se-a-la-mocio-de-censura-en-la-localitat\/","title":{"rendered":"EU-Podem qualifica de &#8220;c\u00ednics i hip\u00f2crites&#8221; a X Bunyol per rebutjar unir-se a la moci\u00f3 de censura en la localitat"},"content":{"rendered":"\n<p class=\"wp-block-paragraph\"><strong>Esquerra Unida-Unides Podem ha em\u00e9s un comunicat sobre les declaracions de X Bunyol per la moci\u00f3 de censura que es remenava entre ells, PSPV-PSOE i IAB en la localitat.<\/strong><\/p>\n\n\n\n<p class=\"wp-block-paragraph\">\u201cEns semblen sorprenents i ins\u00f2lites les declaracions de X Bunyol respecte a la situaci\u00f3 municipal pel seu contingut c\u00ednic i hip\u00f2crita. Parlen de \u2018Dialogue com a soluci\u00f3\u2019 a la mala gesti\u00f3 municipal, a la incapacitat de la gran majoria dels regidors, al desastre organitzatiu i administratiu de l&#8217;Ajuntament, a la seua soledat i indifer\u00e8ncia social, i en definitiva al desprestigi que el govern municipal reflexa en la ciutadania\u201d, tal com han manifestat des d&#8217;EU-Podem.&nbsp;<\/p>\n\n\n\n<p class=\"wp-block-paragraph\">\u201cX Bunyol \u00e9s responsable directe que tinguem una alcaldia de dretes, del Partit Popular en donar-li els seus dos vots. Alhora que estaven traint als ve\u00efns que els van donar la seua confian\u00e7a amb els seus vots perqu\u00e8 feren una de pol\u00edtica d&#8217;esquerres, una pol\u00edtica progressista i no de dretes\u201d, afigen des d&#8217;EU-Podem.&nbsp;<\/p>\n\n\n\n<p class=\"wp-block-paragraph\">\u201cDurant aquests dos anys de legislatura s&#8217;han vist desbordats per la seua prepot\u00e8ncia i decisions err\u00f2nies, pel seu menyspreu al treball que des de les primeres eleccions democr\u00e0tiques en 1979 han posicionat a Bunyol com un poble d&#8217;avantguarda, progressista, obert i assenyat. I ara quan estan perduts i desacreditats demanen \u201cDialogue com a soluci\u00f3\u201d als problemes quotidians\u201d.&nbsp;<\/p>\n\n\n\n<p class=\"wp-block-paragraph\">\u201cEls problemes municipals s&#8217;aborden amb gesti\u00f3 oberta i participativa, amb propostes coherents, amb capacitat, sense odis i prejudicis i fent pol\u00edtiques amables i l\u00f2giques. \u00c9s a dir, tot el contrari del que estan fent actualment el PP i X Bunyol en el govern\u201d.&nbsp;<\/p>\n\n\n\n<p class=\"wp-block-paragraph\">\u201cSabem que tenen majoria absoluta de 7 regidors sobre 13 i que poden prendre els acords per majoria, per\u00f2 el que no poden i no han de fer per irrespectu\u00f3s, incoherent i perjudicial per a Bunyol, \u00e9s no comptar amb les opinions i iniciatives dels diferents regidors que componen l&#8217;Ajuntament, convocant els Plens cada dos mesos, aprovant els pressupostos per urg\u00e8ncia, fora de termini, sense participaci\u00f3 i barroerament. No reunint mai la Junta de portaveus dels grups municipals i al Consell Econ\u00f2mic i Social vesprada i malament. Presenten en el ple les modificacions de les Normes Subsidi\u00e0ries del Planejament urban\u00edstic sense parlar amb les forces pol\u00edtiques i amb les associacions ciutadanes i al seu torn modifiquen el Reglament Org\u00e0nic Municipal per a impedir debats plenaris democr\u00e0tics i participatius\u201d, tal com asseguren en el comunicat d&#8217;EU-Podem.&nbsp;<\/p>\n\n\n\n<p class=\"wp-block-paragraph\">\u201cDes d&#8217;Esquerra Unida-Unides Podem us estem dient en moltes ocasions que canvieu de tarann\u00e0, de manera de governar, que informeu puntualment els grups pol\u00edtics de les q\u00fcestions a trav\u00e9s dels seus portaveus de grups, que dialogueu. En definitiva, que no convertiu a l&#8217;Ajuntament en un ens monol\u00edtic i un ens totalment ca\u00f2tic. El desprestigi actual de l&#8217;equip de govern del PP i X Bunyol us l&#8217;heu guanyat a pols en nom\u00e9s dos anys de mala gesti\u00f3. Ja no podeu al\u00b7ludir a contes xinesos del passat\u201d, tal com defensa des de la coalici\u00f3 EU-Podem.<\/p>\n\n\n\n<p class=\"wp-block-paragraph\">\u201cEn definitiva, esteu fent tot el contrari del que vau dir en la campanya electoral. Li vau donar l&#8217;alcaldia al Partit Popular, sou la seua crossa i en el poc temps que esteu governant, heu demostrat incapacitat, i prepot\u00e8ncia, generant decisions precipitades, err\u00f2nies i amb aix\u00f2 un desprestigi personal i Institucional. I tot aix\u00f2, a m\u00e9s, comptant amb l&#8217;estimable ajuda i balafiament econ\u00f2mic de les n\u00f2mines dels quatre c\u00e0rrecs pol\u00edtics amb dedicaci\u00f3 exclusiva que treballen per al govern municipal. El problema de la mala gesti\u00f3 municipal sou vosaltres, perqu\u00e8 cal recordar-vos que teniu majoria absoluta\u201d.&nbsp;<\/p>\n\n\n\n<p class=\"wp-block-paragraph\">\u201cNo podeu enganyar ja la gent, perqu\u00e8 el que verdaderament us preocupa, \u00e9s que esteu desbordats per les vostres circumst\u00e0ncies, que sabeu que heu perdut la credibilitat i que no sou capaces de canviar el mal rumb de la gesti\u00f3 municipal\u201d, finalitzen des d&#8217;EU-Podem.<\/p>\n","protected":false},"excerpt":{"rendered":"<div class=\"mh-excerpt\">Esquerra Unida-Unides Podem ha em\u00e9s un comunicat sobre les declaracions de X Bunyol per la moci\u00f3 de censura que es remenava entre ells, PSPV-PSOE i IAB en la localitat. \u201cEns semblen sorprenents i ins\u00f2lites les <a class=\"mh-excerpt-more\" href=\"https:\/\/tucomarca.whitekongsoftware.com\/ca\/eu-podem-qualifica-de-cinics-i-hipocrites-a-x-bunyol-per-rebutjar-unir-se-a-la-mocio-de-censura-en-la-localitat\/\" title=\"EU-Podem qualifica de &#8220;c\u00ednics i hip\u00f2crites&#8221; a X Bunyol per rebutjar unir-se a la moci\u00f3 de censura en la localitat\">[+] <\/a><\/div>\n","protected":false},"author":12,"featured_media":200914,"comment_status":"open","ping_status":"open","sticky":false,"template":"","format":"standard","meta":{"footnotes":""},"categories":[10911,10894,10912,10947,10896],"tags":[10913,11569,19333,10914],"class_list":["post-254147","post","type-post","status-publish","format-standard","has-post-thumbnail","category-bunol-ca","category-la-comarca-ca","category-la-hoya-ca","category-politica","category-seccion-ca","tag-bunol-ca","tag-esquerra-unida-bunol-ca","tag-eu-unides-podem-ca","tag-la-hoya-de-bunol-chiva-ca"],"_links":{"self":[{"href":"https:\/\/tucomarca.whitekongsoftware.com\/ca\/wp-json\/wp\/v2\/posts\/254147","targetHints":{"allow":["GET"]}}],"collection":[{"href":"https:\/\/tucomarca.whitekongsoftware.com\/ca\/wp-json\/wp\/v2\/posts"}],"about":[{"href":"https:\/\/tucomarca.whitekongsoftware.com\/ca\/wp-json\/wp\/v2\/types\/post"}],"author":[{"embeddable":true,"href":"https:\/\/tucomarca.whitekongsoftware.com\/ca\/wp-json\/wp\/v2\/users\/12"}],"replies":[{"embeddable":true,"href":"https:\/\/tucomarca.whitekongsoftware.com\/ca\/wp-json\/wp\/v2\/comments?post=254147"}],"version-history":[{"count":0,"href":"https:\/\/tucomarca.whitekongsoftware.com\/ca\/wp-json\/wp\/v2\/posts\/254147\/revisions"}],"wp:featuredmedia":[{"embeddable":true,"href":"https:\/\/tucomarca.whitekongsoftware.com\/ca\/wp-json\/wp\/v2\/media\/200914"}],"wp:attachment":[{"href":"https:\/\/tucomarca.whitekongsoftware.com\/ca\/wp-json\/wp\/v2\/media?parent=254147"}],"wp:term":[{"taxonomy":"category","embeddable":true,"href":"https:\/\/tucomarca.whitekongsoftware.com\/ca\/wp-json\/wp\/v2\/categories?post=254147"},{"taxonomy":"post_tag","embeddable":true,"href":"https:\/\/tucomarca.whitekongsoftware.com\/ca\/wp-json\/wp\/v2\/tags?post=254147"}],"curies":[{"name":"wp","href":"https:\/\/api.w.org\/{rel}","templated":true}]}}